{"id":95,"date":"2013-11-07T18:58:00","date_gmt":"2013-11-07T18:58:00","guid":{"rendered":"https:\/\/www.neufmois.fr\/les-confessions\/?p=95"},"modified":"2013-11-07T18:58:00","modified_gmt":"2013-11-07T18:58:00","slug":"je-sais-cest-vraiment-pas-bien-qui-comme-moi-est-enceinte-et-narrive-pas-a-diminuer","status":"publish","type":"post","link":"https:\/\/www.neufmois.fr\/les-confessions\/je-sais-cest-vraiment-pas-bien-qui-comme-moi-est-enceinte-et-narrive-pas-a-diminuer","title":{"rendered":"Je sais c&rsquo;est vraiment pas bien : Qui, comme moi est enceinte et n&rsquo;arrive pas \u00e0 diminuer?"},"content":{"rendered":"<p>Je sais c&rsquo;est vraiment pas bien : Qui, comme moi est enceinte et n&rsquo;arrive pas \u00e0 diminuer?<br \/>\nVoil\u00e0, je suis enceinte de six mois et je n&rsquo;arrive pas \u00e0 diminuer, je sais que cela peut nuire \u00e0 mon b\u00e9b\u00e9 et je fais une fixation sur \u00e7a. Au d\u00e9but de ma grossesse, je suis pass\u00e9e d&rsquo;un paquet \u00e0 10 cigarettes mais aujourd&rsquo;hui, j&rsquo;en fume plus de dix par jour, m\u00eame si je jette la plus part de mes cig \u00e0 la moiti\u00e9, je n&rsquo;arrive plus \u00e0 \u00ab\u00a0lutter\u00a0\u00bb. Je ne sais pas si c&rsquo;est d\u00fb \u00e0 un gros stress ou autre (tout le monde fume beaucoup et \u00e0 longueur de journ\u00e9e autour de moi: au travail, mon conjoint, le soir etc, ma m\u00e8re qui ne se retiens pas \u00e0 cot\u00e9 de moi etc). J&rsquo;ai essayer deux fois l&rsquo;accuponture, l&rsquo;hypnose 2 fois aussi les patchs et je suis suivie par une sage femme tabacco depuis le d\u00e9but de ma grossesse mais lorsque je diminu\u00e9 bien autour de moi \u00e7a fumait et cela rend mon envie plus forte et ma lute plus difficile! Je sais que c&rsquo;est moi qui doit faire le plus gros, que c&rsquo;est moi qui porte mon enfant en moi! S&rsquo;il vous pla\u00eet j&rsquo;attends des t\u00e9moignages qui puissent m&rsquo;encourager et me conseiller car l\u00e0 cela commence \u00e0 e faire tr\u00e8s peur pour moon b\u00e9b\u00e9 et je culpabilise \u00e9norm\u00e9ment, et aussi de mamans qui ont fumer enceinte. Merci<\/p>\n","protected":false},"excerpt":{"rendered":"<p>Je sais c&rsquo;est vraiment pas bien : Qui, comme moi est enceinte et n&rsquo;arrive pas \u00e0 diminuer? Voil\u00e0, je suis enceinte de six mois et je n&rsquo;arrive pas \u00e0 diminuer, je sais que cela peut nuire \u00e0 mon b\u00e9b\u00e9 et je fais une fixation sur \u00e7a. Au d\u00e9but de ma grossesse, je suis pass\u00e9e d&rsquo;un paquet \u00e0 10 cigarettes mais aujourd&rsquo;hui, j&rsquo;en fume plus de dix par jour, m\u00eame si je jette la plus part de mes cig \u00e0 la moiti\u00e9, je n&rsquo;arrive plus \u00e0 \u00ab\u00a0lutter\u00a0\u00bb. Je ne sais pas<\/p>\n","protected":false},"author":461446,"featured_media":0,"comment_status":"open","ping_status":"open","sticky":false,"template":"","format":"standard","meta":[],"categories":[1],"tags":[],"yoast_head":"<!-- This site is optimized with the Yoast SEO plugin v20.4 - https:\/\/yoast.com\/wordpress\/plugins\/seo\/ -->\n<title>Je sais c&#039;est vraiment pas bien : Qui, comme moi est enceinte et n&#039;arrive pas \u00e0 diminuer? - Les confessions<\/title>\n<meta name=\"robots\" content=\"index, follow, max-snippet:-1, max-image-preview:large, max-video-preview:-1\" \/>\n<link rel=\"canonical\" href=\"https:\/\/www.neufmois.fr\/les-confessions\/je-sais-cest-vraiment-pas-bien-qui-comme-moi-est-enceinte-et-narrive-pas-a-diminuer\" \/>\n<meta property=\"og:locale\" content=\"fr_FR\" \/>\n<meta property=\"og:type\" content=\"article\" \/>\n<meta property=\"og:title\" content=\"Je sais c&#039;est vraiment pas bien : Qui, comme moi est enceinte et n&#039;arrive pas \u00e0 diminuer? - Les confessions\" \/>\n<meta property=\"og:description\" content=\"Je sais c&rsquo;est vraiment pas bien : Qui, comme moi est enceinte et n&rsquo;arrive pas \u00e0 diminuer? Voil\u00e0, je suis enceinte de six mois et je n&rsquo;arrive pas \u00e0 diminuer, je sais que cela peut nuire \u00e0 mon b\u00e9b\u00e9 et je fais une fixation sur \u00e7a. Au d\u00e9but de ma grossesse, je suis pass\u00e9e d&rsquo;un paquet \u00e0 10 cigarettes mais aujourd&rsquo;hui, j&rsquo;en fume plus de dix par jour, m\u00eame si je jette la plus part de mes cig \u00e0 la moiti\u00e9, je n&rsquo;arrive plus \u00e0 \u00ab\u00a0lutter\u00a0\u00bb. Je ne sais pas\" \/>\n<meta property=\"og:url\" content=\"https:\/\/www.neufmois.fr\/les-confessions\/je-sais-cest-vraiment-pas-bien-qui-comme-moi-est-enceinte-et-narrive-pas-a-diminuer\" \/>\n<meta property=\"og:site_name\" content=\"Les confessions\" \/>\n<meta property=\"article:published_time\" content=\"2013-11-07T18:58:00+00:00\" \/>\n<meta name=\"author\" content=\"maman anonyme\" \/>\n<meta name=\"twitter:card\" content=\"summary_large_image\" \/>\n<meta name=\"twitter:label1\" content=\"\u00c9crit par\" \/>\n\t<meta name=\"twitter:data1\" content=\"maman anonyme\" \/>\n\t<meta name=\"twitter:label2\" content=\"Dur\u00e9e de lecture estim\u00e9e\" \/>\n\t<meta name=\"twitter:data2\" content=\"1 minute\" \/>\n<script type=\"application\/ld+json\" class=\"yoast-schema-graph\">{\"@context\":\"https:\/\/schema.org\",\"@graph\":[{\"@type\":\"WebPage\",\"@id\":\"https:\/\/www.neufmois.fr\/les-confessions\/je-sais-cest-vraiment-pas-bien-qui-comme-moi-est-enceinte-et-narrive-pas-a-diminuer\",\"url\":\"https:\/\/www.neufmois.fr\/les-confessions\/je-sais-cest-vraiment-pas-bien-qui-comme-moi-est-enceinte-et-narrive-pas-a-diminuer\",\"name\":\"Je sais c'est vraiment pas bien : Qui, comme moi est enceinte et n'arrive pas \u00e0 diminuer? - Les confessions\",\"isPartOf\":{\"@id\":\"https:\/\/www.neufmois.fr\/les-confessions\/#website\"},\"datePublished\":\"2013-11-07T18:58:00+00:00\",\"dateModified\":\"2013-11-07T18:58:00+00:00\",\"author\":{\"@id\":\"https:\/\/www.neufmois.fr\/les-confessions\/#\/schema\/person\/893fe127c653ae6741f53a67962f8b5d\"},\"breadcrumb\":{\"@id\":\"https:\/\/www.neufmois.fr\/les-confessions\/je-sais-cest-vraiment-pas-bien-qui-comme-moi-est-enceinte-et-narrive-pas-a-diminuer#breadcrumb\"},\"inLanguage\":\"fr-FR\",\"potentialAction\":[{\"@type\":\"ReadAction\",\"target\":[\"https:\/\/www.neufmois.fr\/les-confessions\/je-sais-cest-vraiment-pas-bien-qui-comme-moi-est-enceinte-et-narrive-pas-a-diminuer\"]}]},{\"@type\":\"BreadcrumbList\",\"@id\":\"https:\/\/www.neufmois.fr\/les-confessions\/je-sais-cest-vraiment-pas-bien-qui-comme-moi-est-enceinte-et-narrive-pas-a-diminuer#breadcrumb\",\"itemListElement\":[{\"@type\":\"ListItem\",\"position\":1,\"name\":\"Accueil\",\"item\":\"https:\/\/www.neufmois.fr\/les-confessions\/\"},{\"@type\":\"ListItem\",\"position\":2,\"name\":\"Je sais c&rsquo;est vraiment pas bien : Qui, comme moi est enceinte et n&rsquo;arrive pas \u00e0 diminuer?\"}]},{\"@type\":\"WebSite\",\"@id\":\"https:\/\/www.neufmois.fr\/les-confessions\/#website\",\"url\":\"https:\/\/www.neufmois.fr\/les-confessions\/\",\"name\":\"Les confessions\",\"description\":\" Les confessions\",\"potentialAction\":[{\"@type\":\"SearchAction\",\"target\":{\"@type\":\"EntryPoint\",\"urlTemplate\":\"https:\/\/www.neufmois.fr\/les-confessions\/?s={search_term_string}\"},\"query-input\":\"required name=search_term_string\"}],\"inLanguage\":\"fr-FR\"},{\"@type\":\"Person\",\"@id\":\"https:\/\/www.neufmois.fr\/les-confessions\/#\/schema\/person\/893fe127c653ae6741f53a67962f8b5d\",\"name\":\"maman anonyme\",\"image\":{\"@type\":\"ImageObject\",\"inLanguage\":\"fr-FR\",\"@id\":\"https:\/\/www.neufmois.fr\/les-confessions\/#\/schema\/person\/image\/\",\"url\":\"https:\/\/secure.gravatar.com\/avatar\/e4b3abeefeb17983433f333a4c54f394?s=96&d=mm&r=g\",\"contentUrl\":\"https:\/\/secure.gravatar.com\/avatar\/e4b3abeefeb17983433f333a4c54f394?s=96&d=mm&r=g\",\"caption\":\"maman anonyme\"},\"url\":\"https:\/\/www.neufmois.fr\/les-confessions\/author\/anonyme\"}]}<\/script>\n<!-- \/ Yoast SEO plugin. -->","yoast_head_json":{"title":"Je sais c'est vraiment pas bien : Qui, comme moi est enceinte et n'arrive pas \u00e0 diminuer? - Les confessions","robots":{"index":"index","follow":"follow","max-snippet":"max-snippet:-1","max-image-preview":"max-image-preview:large","max-video-preview":"max-video-preview:-1"},"canonical":"https:\/\/www.neufmois.fr\/les-confessions\/je-sais-cest-vraiment-pas-bien-qui-comme-moi-est-enceinte-et-narrive-pas-a-diminuer","og_locale":"fr_FR","og_type":"article","og_title":"Je sais c'est vraiment pas bien : Qui, comme moi est enceinte et n'arrive pas \u00e0 diminuer? - Les confessions","og_description":"Je sais c&rsquo;est vraiment pas bien : Qui, comme moi est enceinte et n&rsquo;arrive pas \u00e0 diminuer? Voil\u00e0, je suis enceinte de six mois et je n&rsquo;arrive pas \u00e0 diminuer, je sais que cela peut nuire \u00e0 mon b\u00e9b\u00e9 et je fais une fixation sur \u00e7a. Au d\u00e9but de ma grossesse, je suis pass\u00e9e d&rsquo;un paquet \u00e0 10 cigarettes mais aujourd&rsquo;hui, j&rsquo;en fume plus de dix par jour, m\u00eame si je jette la plus part de mes cig \u00e0 la moiti\u00e9, je n&rsquo;arrive plus \u00e0 \u00ab\u00a0lutter\u00a0\u00bb. Je ne sais pas","og_url":"https:\/\/www.neufmois.fr\/les-confessions\/je-sais-cest-vraiment-pas-bien-qui-comme-moi-est-enceinte-et-narrive-pas-a-diminuer","og_site_name":"Les confessions","article_published_time":"2013-11-07T18:58:00+00:00","author":"maman anonyme","twitter_card":"summary_large_image","twitter_misc":{"\u00c9crit par":"maman anonyme","Dur\u00e9e de lecture estim\u00e9e":"1 minute"},"schema":{"@context":"https:\/\/schema.org","@graph":[{"@type":"WebPage","@id":"https:\/\/www.neufmois.fr\/les-confessions\/je-sais-cest-vraiment-pas-bien-qui-comme-moi-est-enceinte-et-narrive-pas-a-diminuer","url":"https:\/\/www.neufmois.fr\/les-confessions\/je-sais-cest-vraiment-pas-bien-qui-comme-moi-est-enceinte-et-narrive-pas-a-diminuer","name":"Je sais c'est vraiment pas bien : Qui, comme moi est enceinte et n'arrive pas \u00e0 diminuer? - Les confessions","isPartOf":{"@id":"https:\/\/www.neufmois.fr\/les-confessions\/#website"},"datePublished":"2013-11-07T18:58:00+00:00","dateModified":"2013-11-07T18:58:00+00:00","author":{"@id":"https:\/\/www.neufmois.fr\/les-confessions\/#\/schema\/person\/893fe127c653ae6741f53a67962f8b5d"},"breadcrumb":{"@id":"https:\/\/www.neufmois.fr\/les-confessions\/je-sais-cest-vraiment-pas-bien-qui-comme-moi-est-enceinte-et-narrive-pas-a-diminuer#breadcrumb"},"inLanguage":"fr-FR","potentialAction":[{"@type":"ReadAction","target":["https:\/\/www.neufmois.fr\/les-confessions\/je-sais-cest-vraiment-pas-bien-qui-comme-moi-est-enceinte-et-narrive-pas-a-diminuer"]}]},{"@type":"BreadcrumbList","@id":"https:\/\/www.neufmois.fr\/les-confessions\/je-sais-cest-vraiment-pas-bien-qui-comme-moi-est-enceinte-et-narrive-pas-a-diminuer#breadcrumb","itemListElement":[{"@type":"ListItem","position":1,"name":"Accueil","item":"https:\/\/www.neufmois.fr\/les-confessions\/"},{"@type":"ListItem","position":2,"name":"Je sais c&rsquo;est vraiment pas bien : Qui, comme moi est enceinte et n&rsquo;arrive pas \u00e0 diminuer?"}]},{"@type":"WebSite","@id":"https:\/\/www.neufmois.fr\/les-confessions\/#website","url":"https:\/\/www.neufmois.fr\/les-confessions\/","name":"Les confessions","description":" Les confessions","potentialAction":[{"@type":"SearchAction","target":{"@type":"EntryPoint","urlTemplate":"https:\/\/www.neufmois.fr\/les-confessions\/?s={search_term_string}"},"query-input":"required name=search_term_string"}],"inLanguage":"fr-FR"},{"@type":"Person","@id":"https:\/\/www.neufmois.fr\/les-confessions\/#\/schema\/person\/893fe127c653ae6741f53a67962f8b5d","name":"maman anonyme","image":{"@type":"ImageObject","inLanguage":"fr-FR","@id":"https:\/\/www.neufmois.fr\/les-confessions\/#\/schema\/person\/image\/","url":"https:\/\/secure.gravatar.com\/avatar\/e4b3abeefeb17983433f333a4c54f394?s=96&d=mm&r=g","contentUrl":"https:\/\/secure.gravatar.com\/avatar\/e4b3abeefeb17983433f333a4c54f394?s=96&d=mm&r=g","caption":"maman anonyme"},"url":"https:\/\/www.neufmois.fr\/les-confessions\/author\/anonyme"}]}},"amp_enabled":true,"_links":{"self":[{"href":"https:\/\/www.neufmois.fr\/les-confessions\/wp-json\/wp\/v2\/posts\/95"}],"collection":[{"href":"https:\/\/www.neufmois.fr\/les-confessions\/wp-json\/wp\/v2\/posts"}],"about":[{"href":"https:\/\/www.neufmois.fr\/les-confessions\/wp-json\/wp\/v2\/types\/post"}],"author":[{"embeddable":true,"href":"https:\/\/www.neufmois.fr\/les-confessions\/wp-json\/wp\/v2\/users\/461446"}],"replies":[{"embeddable":true,"href":"https:\/\/www.neufmois.fr\/les-confessions\/wp-json\/wp\/v2\/comments?post=95"}],"version-history":[{"count":0,"href":"https:\/\/www.neufmois.fr\/les-confessions\/wp-json\/wp\/v2\/posts\/95\/revisions"}],"wp:attachment":[{"href":"https:\/\/www.neufmois.fr\/les-confessions\/wp-json\/wp\/v2\/media?parent=95"}],"wp:term":[{"taxonomy":"category","embeddable":true,"href":"https:\/\/www.neufmois.fr\/les-confessions\/wp-json\/wp\/v2\/categories?post=95"},{"taxonomy":"post_tag","embeddable":true,"href":"https:\/\/www.neufmois.fr\/les-confessions\/wp-json\/wp\/v2\/tags?post=95"}],"curies":[{"name":"wp","href":"https:\/\/api.w.org\/{rel}","templated":true}]}}