{"id":94,"date":"2013-11-15T09:16:00","date_gmt":"2013-11-15T09:16:00","guid":{"rendered":"https:\/\/www.neufmois.fr\/les-confessions\/?p=94"},"modified":"2013-11-15T09:16:00","modified_gmt":"2013-11-15T09:16:00","slug":"marre-marre-marre","status":"publish","type":"post","link":"https:\/\/www.neufmois.fr\/les-confessions\/marre-marre-marre","title":{"rendered":"marre marre marre"},"content":{"rendered":"<p>coucou \u00e0 toutes<br \/>\n j&rsquo;en ai marre d&rsquo;\u00eatre toujours toute seule avec mes enfants \u00e7a commence vraiment \u00e0 me peser j&rsquo;ai l&rsquo;impression de n&rsquo;\u00eatre plus qu&rsquo;une maman je n&rsquo;ai plus le temps d&rsquo;avoir une vie sociale et le soir c&rsquo;est dur de se retrouver toute seule sans personne \u00e0 qui parler&#8230;je sais que ce n&rsquo;est pas la faute de mon conjoint c&rsquo;est \u00e0 cause du boulot je ne lui en veut pas du tout mais avant il ne partait jamais en d\u00e9placement et l\u00e0 \u00e7a fait 1 mois et demi qu&rsquo;il n&rsquo;est plus la la semaine et \u00e7a devient lourd pour toute la famille&#8230; j&rsquo;aime mes enfants plus que tout mais c&rsquo;est tr\u00e8s dur d&rsquo;\u00eatre toute seule pour m&rsquo;en occuper surtout que le dernier et tout petit et que \u00e0 force j&rsquo;ai l&rsquo;impression que \u00e7a le perturbe de ne pas voir beaucoup son p\u00e8re il r\u00e9clame encore plus d&rsquo;attention dort mal la nuit et \u00e0 force moi je suis \u00e0 bout&#8230;on a plus de temps pour nous 2 avec mon homme car le week end il veut profiter des enfants ce qui est tout \u00e0 fait normal mais moi elle est o\u00f9 ma place au juste?!? <\/p>\n","protected":false},"excerpt":{"rendered":"<p>coucou \u00e0 toutes j&rsquo;en ai marre d&rsquo;\u00eatre toujours toute seule avec mes enfants \u00e7a commence vraiment \u00e0 me peser j&rsquo;ai l&rsquo;impression de n&rsquo;\u00eatre plus qu&rsquo;une maman je n&rsquo;ai plus le temps d&rsquo;avoir une vie sociale et le soir c&rsquo;est dur de se retrouver toute seule sans personne \u00e0 qui parler&#8230;je sais que ce n&rsquo;est pas la faute de mon conjoint c&rsquo;est \u00e0 cause du boulot je ne lui en veut pas du tout mais avant il ne partait jamais en d\u00e9placement et l\u00e0 \u00e7a fait 1 mois et demi qu&rsquo;il<\/p>\n","protected":false},"author":461446,"featured_media":0,"comment_status":"open","ping_status":"open","sticky":false,"template":"","format":"standard","meta":[],"categories":[1],"tags":[],"yoast_head":"<!-- This site is optimized with the Yoast SEO plugin v20.4 - https:\/\/yoast.com\/wordpress\/plugins\/seo\/ -->\n<title>marre marre marre - Les confessions<\/title>\n<meta name=\"robots\" content=\"index, follow, max-snippet:-1, max-image-preview:large, max-video-preview:-1\" \/>\n<link rel=\"canonical\" href=\"https:\/\/www.neufmois.fr\/les-confessions\/marre-marre-marre\" \/>\n<meta property=\"og:locale\" content=\"fr_FR\" \/>\n<meta property=\"og:type\" content=\"article\" \/>\n<meta property=\"og:title\" content=\"marre marre marre - Les confessions\" \/>\n<meta property=\"og:description\" content=\"coucou \u00e0 toutes j&rsquo;en ai marre d&rsquo;\u00eatre toujours toute seule avec mes enfants \u00e7a commence vraiment \u00e0 me peser j&rsquo;ai l&rsquo;impression de n&rsquo;\u00eatre plus qu&rsquo;une maman je n&rsquo;ai plus le temps d&rsquo;avoir une vie sociale et le soir c&rsquo;est dur de se retrouver toute seule sans personne \u00e0 qui parler&#8230;je sais que ce n&rsquo;est pas la faute de mon conjoint c&rsquo;est \u00e0 cause du boulot je ne lui en veut pas du tout mais avant il ne partait jamais en d\u00e9placement et l\u00e0 \u00e7a fait 1 mois et demi qu&rsquo;il\" \/>\n<meta property=\"og:url\" content=\"https:\/\/www.neufmois.fr\/les-confessions\/marre-marre-marre\" \/>\n<meta property=\"og:site_name\" content=\"Les confessions\" \/>\n<meta property=\"article:published_time\" content=\"2013-11-15T09:16:00+00:00\" \/>\n<meta name=\"author\" content=\"maman anonyme\" \/>\n<meta name=\"twitter:card\" content=\"summary_large_image\" \/>\n<meta name=\"twitter:label1\" content=\"\u00c9crit par\" \/>\n\t<meta name=\"twitter:data1\" content=\"maman anonyme\" \/>\n\t<meta name=\"twitter:label2\" content=\"Dur\u00e9e de lecture estim\u00e9e\" \/>\n\t<meta name=\"twitter:data2\" content=\"1 minute\" \/>\n<script type=\"application\/ld+json\" class=\"yoast-schema-graph\">{\"@context\":\"https:\/\/schema.org\",\"@graph\":[{\"@type\":\"WebPage\",\"@id\":\"https:\/\/www.neufmois.fr\/les-confessions\/marre-marre-marre\",\"url\":\"https:\/\/www.neufmois.fr\/les-confessions\/marre-marre-marre\",\"name\":\"marre marre marre - Les confessions\",\"isPartOf\":{\"@id\":\"https:\/\/www.neufmois.fr\/les-confessions\/#website\"},\"datePublished\":\"2013-11-15T09:16:00+00:00\",\"dateModified\":\"2013-11-15T09:16:00+00:00\",\"author\":{\"@id\":\"https:\/\/www.neufmois.fr\/les-confessions\/#\/schema\/person\/893fe127c653ae6741f53a67962f8b5d\"},\"breadcrumb\":{\"@id\":\"https:\/\/www.neufmois.fr\/les-confessions\/marre-marre-marre#breadcrumb\"},\"inLanguage\":\"fr-FR\",\"potentialAction\":[{\"@type\":\"ReadAction\",\"target\":[\"https:\/\/www.neufmois.fr\/les-confessions\/marre-marre-marre\"]}]},{\"@type\":\"BreadcrumbList\",\"@id\":\"https:\/\/www.neufmois.fr\/les-confessions\/marre-marre-marre#breadcrumb\",\"itemListElement\":[{\"@type\":\"ListItem\",\"position\":1,\"name\":\"Accueil\",\"item\":\"https:\/\/www.neufmois.fr\/les-confessions\/\"},{\"@type\":\"ListItem\",\"position\":2,\"name\":\"marre marre marre\"}]},{\"@type\":\"WebSite\",\"@id\":\"https:\/\/www.neufmois.fr\/les-confessions\/#website\",\"url\":\"https:\/\/www.neufmois.fr\/les-confessions\/\",\"name\":\"Les confessions\",\"description\":\" Les confessions\",\"potentialAction\":[{\"@type\":\"SearchAction\",\"target\":{\"@type\":\"EntryPoint\",\"urlTemplate\":\"https:\/\/www.neufmois.fr\/les-confessions\/?s={search_term_string}\"},\"query-input\":\"required name=search_term_string\"}],\"inLanguage\":\"fr-FR\"},{\"@type\":\"Person\",\"@id\":\"https:\/\/www.neufmois.fr\/les-confessions\/#\/schema\/person\/893fe127c653ae6741f53a67962f8b5d\",\"name\":\"maman anonyme\",\"image\":{\"@type\":\"ImageObject\",\"inLanguage\":\"fr-FR\",\"@id\":\"https:\/\/www.neufmois.fr\/les-confessions\/#\/schema\/person\/image\/\",\"url\":\"https:\/\/secure.gravatar.com\/avatar\/e4b3abeefeb17983433f333a4c54f394?s=96&d=mm&r=g\",\"contentUrl\":\"https:\/\/secure.gravatar.com\/avatar\/e4b3abeefeb17983433f333a4c54f394?s=96&d=mm&r=g\",\"caption\":\"maman anonyme\"},\"url\":\"https:\/\/www.neufmois.fr\/les-confessions\/author\/anonyme\"}]}<\/script>\n<!-- \/ Yoast SEO plugin. -->","yoast_head_json":{"title":"marre marre marre - Les confessions","robots":{"index":"index","follow":"follow","max-snippet":"max-snippet:-1","max-image-preview":"max-image-preview:large","max-video-preview":"max-video-preview:-1"},"canonical":"https:\/\/www.neufmois.fr\/les-confessions\/marre-marre-marre","og_locale":"fr_FR","og_type":"article","og_title":"marre marre marre - Les confessions","og_description":"coucou \u00e0 toutes j&rsquo;en ai marre d&rsquo;\u00eatre toujours toute seule avec mes enfants \u00e7a commence vraiment \u00e0 me peser j&rsquo;ai l&rsquo;impression de n&rsquo;\u00eatre plus qu&rsquo;une maman je n&rsquo;ai plus le temps d&rsquo;avoir une vie sociale et le soir c&rsquo;est dur de se retrouver toute seule sans personne \u00e0 qui parler&#8230;je sais que ce n&rsquo;est pas la faute de mon conjoint c&rsquo;est \u00e0 cause du boulot je ne lui en veut pas du tout mais avant il ne partait jamais en d\u00e9placement et l\u00e0 \u00e7a fait 1 mois et demi qu&rsquo;il","og_url":"https:\/\/www.neufmois.fr\/les-confessions\/marre-marre-marre","og_site_name":"Les confessions","article_published_time":"2013-11-15T09:16:00+00:00","author":"maman anonyme","twitter_card":"summary_large_image","twitter_misc":{"\u00c9crit par":"maman anonyme","Dur\u00e9e de lecture estim\u00e9e":"1 minute"},"schema":{"@context":"https:\/\/schema.org","@graph":[{"@type":"WebPage","@id":"https:\/\/www.neufmois.fr\/les-confessions\/marre-marre-marre","url":"https:\/\/www.neufmois.fr\/les-confessions\/marre-marre-marre","name":"marre marre marre - Les confessions","isPartOf":{"@id":"https:\/\/www.neufmois.fr\/les-confessions\/#website"},"datePublished":"2013-11-15T09:16:00+00:00","dateModified":"2013-11-15T09:16:00+00:00","author":{"@id":"https:\/\/www.neufmois.fr\/les-confessions\/#\/schema\/person\/893fe127c653ae6741f53a67962f8b5d"},"breadcrumb":{"@id":"https:\/\/www.neufmois.fr\/les-confessions\/marre-marre-marre#breadcrumb"},"inLanguage":"fr-FR","potentialAction":[{"@type":"ReadAction","target":["https:\/\/www.neufmois.fr\/les-confessions\/marre-marre-marre"]}]},{"@type":"BreadcrumbList","@id":"https:\/\/www.neufmois.fr\/les-confessions\/marre-marre-marre#breadcrumb","itemListElement":[{"@type":"ListItem","position":1,"name":"Accueil","item":"https:\/\/www.neufmois.fr\/les-confessions\/"},{"@type":"ListItem","position":2,"name":"marre marre marre"}]},{"@type":"WebSite","@id":"https:\/\/www.neufmois.fr\/les-confessions\/#website","url":"https:\/\/www.neufmois.fr\/les-confessions\/","name":"Les confessions","description":" Les confessions","potentialAction":[{"@type":"SearchAction","target":{"@type":"EntryPoint","urlTemplate":"https:\/\/www.neufmois.fr\/les-confessions\/?s={search_term_string}"},"query-input":"required name=search_term_string"}],"inLanguage":"fr-FR"},{"@type":"Person","@id":"https:\/\/www.neufmois.fr\/les-confessions\/#\/schema\/person\/893fe127c653ae6741f53a67962f8b5d","name":"maman anonyme","image":{"@type":"ImageObject","inLanguage":"fr-FR","@id":"https:\/\/www.neufmois.fr\/les-confessions\/#\/schema\/person\/image\/","url":"https:\/\/secure.gravatar.com\/avatar\/e4b3abeefeb17983433f333a4c54f394?s=96&d=mm&r=g","contentUrl":"https:\/\/secure.gravatar.com\/avatar\/e4b3abeefeb17983433f333a4c54f394?s=96&d=mm&r=g","caption":"maman anonyme"},"url":"https:\/\/www.neufmois.fr\/les-confessions\/author\/anonyme"}]}},"amp_enabled":true,"_links":{"self":[{"href":"https:\/\/www.neufmois.fr\/les-confessions\/wp-json\/wp\/v2\/posts\/94"}],"collection":[{"href":"https:\/\/www.neufmois.fr\/les-confessions\/wp-json\/wp\/v2\/posts"}],"about":[{"href":"https:\/\/www.neufmois.fr\/les-confessions\/wp-json\/wp\/v2\/types\/post"}],"author":[{"embeddable":true,"href":"https:\/\/www.neufmois.fr\/les-confessions\/wp-json\/wp\/v2\/users\/461446"}],"replies":[{"embeddable":true,"href":"https:\/\/www.neufmois.fr\/les-confessions\/wp-json\/wp\/v2\/comments?post=94"}],"version-history":[{"count":0,"href":"https:\/\/www.neufmois.fr\/les-confessions\/wp-json\/wp\/v2\/posts\/94\/revisions"}],"wp:attachment":[{"href":"https:\/\/www.neufmois.fr\/les-confessions\/wp-json\/wp\/v2\/media?parent=94"}],"wp:term":[{"taxonomy":"category","embeddable":true,"href":"https:\/\/www.neufmois.fr\/les-confessions\/wp-json\/wp\/v2\/categories?post=94"},{"taxonomy":"post_tag","embeddable":true,"href":"https:\/\/www.neufmois.fr\/les-confessions\/wp-json\/wp\/v2\/tags?post=94"}],"curies":[{"name":"wp","href":"https:\/\/api.w.org\/{rel}","templated":true}]}}