{"id":93,"date":"2013-11-18T15:13:00","date_gmt":"2013-11-18T15:13:00","guid":{"rendered":"https:\/\/www.neufmois.fr\/les-confessions\/?p=93"},"modified":"2013-11-18T15:13:00","modified_gmt":"2013-11-18T15:13:00","slug":"je-me-sens-etre-une-mauvaise-mere","status":"publish","type":"post","link":"https:\/\/www.neufmois.fr\/les-confessions\/je-me-sens-etre-une-mauvaise-mere","title":{"rendered":"Je me sens \u00eatre une mauvaise m\u00e8re&#8230;"},"content":{"rendered":"<p>Voil\u00e0 j&rsquo;ai une petite de 2 ans que je ne contr\u00f4le pas du tous elle n&rsquo;\u00e9coute rien! Elle me pousse a bout. A des moments je me vois (dans ma t\u00eate) lui faire du mal, lui mettre des claques ect&#8230; Bien \u00e9videment je pr\u00e9cise que je ne le fais pas, j&rsquo;ose \u00e0 peine lui mettre des fesses alors des gifles, jamais. Je me culpabilise \u00e9norm\u00e9ment de penser ce genre de choses, quand j&rsquo;en parle autour de moi, on me dis que c&rsquo;est normal, que je suis humaine, que la fatigue y fais beaucoup aussi&#8230; Avez vous d\u00e9j\u00e0 eu ce genre de penser? Trouvez vous sa \u00ab\u00a0normal\u00a0\u00bb? Avez vous des astuces pour me faire ob\u00e9ir ? Je suis limite d\u00e9sesp\u00e9r\u00e9e je n&rsquo;en vois plus le bout&#8230; HELP!!!!!!!!!!!!!! <\/p>\n","protected":false},"excerpt":{"rendered":"<p>Voil\u00e0 j&rsquo;ai une petite de 2 ans que je ne contr\u00f4le pas du tous elle n&rsquo;\u00e9coute rien! Elle me pousse a bout. A des moments je me vois (dans ma t\u00eate) lui faire du mal, lui mettre des claques ect&#8230; Bien \u00e9videment je pr\u00e9cise que je ne le fais pas, j&rsquo;ose \u00e0 peine lui mettre des fesses alors des gifles, jamais. Je me culpabilise \u00e9norm\u00e9ment de penser ce genre de choses, quand j&rsquo;en parle autour de moi, on me dis que c&rsquo;est normal, que je suis humaine, que la fatigue<\/p>\n","protected":false},"author":461446,"featured_media":0,"comment_status":"open","ping_status":"open","sticky":false,"template":"","format":"standard","meta":[],"categories":[1],"tags":[],"yoast_head":"<!-- This site is optimized with the Yoast SEO plugin v20.4 - https:\/\/yoast.com\/wordpress\/plugins\/seo\/ -->\n<title>Je me sens \u00eatre une mauvaise m\u00e8re...  - Les confessions<\/title>\n<meta name=\"robots\" content=\"index, follow, max-snippet:-1, max-image-preview:large, max-video-preview:-1\" \/>\n<link rel=\"canonical\" href=\"https:\/\/www.neufmois.fr\/les-confessions\/je-me-sens-etre-une-mauvaise-mere\" \/>\n<meta property=\"og:locale\" content=\"fr_FR\" \/>\n<meta property=\"og:type\" content=\"article\" \/>\n<meta property=\"og:title\" content=\"Je me sens \u00eatre une mauvaise m\u00e8re...  - Les confessions\" \/>\n<meta property=\"og:description\" content=\"Voil\u00e0 j&rsquo;ai une petite de 2 ans que je ne contr\u00f4le pas du tous elle n&rsquo;\u00e9coute rien! Elle me pousse a bout. A des moments je me vois (dans ma t\u00eate) lui faire du mal, lui mettre des claques ect&#8230; Bien \u00e9videment je pr\u00e9cise que je ne le fais pas, j&rsquo;ose \u00e0 peine lui mettre des fesses alors des gifles, jamais. Je me culpabilise \u00e9norm\u00e9ment de penser ce genre de choses, quand j&rsquo;en parle autour de moi, on me dis que c&rsquo;est normal, que je suis humaine, que la fatigue\" \/>\n<meta property=\"og:url\" content=\"https:\/\/www.neufmois.fr\/les-confessions\/je-me-sens-etre-une-mauvaise-mere\" \/>\n<meta property=\"og:site_name\" content=\"Les confessions\" \/>\n<meta property=\"article:published_time\" content=\"2013-11-18T15:13:00+00:00\" \/>\n<meta name=\"author\" content=\"maman anonyme\" \/>\n<meta name=\"twitter:card\" content=\"summary_large_image\" \/>\n<meta name=\"twitter:label1\" content=\"\u00c9crit par\" \/>\n\t<meta name=\"twitter:data1\" content=\"maman anonyme\" \/>\n\t<meta name=\"twitter:label2\" content=\"Dur\u00e9e de lecture estim\u00e9e\" \/>\n\t<meta name=\"twitter:data2\" content=\"1 minute\" \/>\n<script type=\"application\/ld+json\" class=\"yoast-schema-graph\">{\"@context\":\"https:\/\/schema.org\",\"@graph\":[{\"@type\":\"WebPage\",\"@id\":\"https:\/\/www.neufmois.fr\/les-confessions\/je-me-sens-etre-une-mauvaise-mere\",\"url\":\"https:\/\/www.neufmois.fr\/les-confessions\/je-me-sens-etre-une-mauvaise-mere\",\"name\":\"Je me sens \u00eatre une mauvaise m\u00e8re... - Les confessions\",\"isPartOf\":{\"@id\":\"https:\/\/www.neufmois.fr\/les-confessions\/#website\"},\"datePublished\":\"2013-11-18T15:13:00+00:00\",\"dateModified\":\"2013-11-18T15:13:00+00:00\",\"author\":{\"@id\":\"https:\/\/www.neufmois.fr\/les-confessions\/#\/schema\/person\/893fe127c653ae6741f53a67962f8b5d\"},\"breadcrumb\":{\"@id\":\"https:\/\/www.neufmois.fr\/les-confessions\/je-me-sens-etre-une-mauvaise-mere#breadcrumb\"},\"inLanguage\":\"fr-FR\",\"potentialAction\":[{\"@type\":\"ReadAction\",\"target\":[\"https:\/\/www.neufmois.fr\/les-confessions\/je-me-sens-etre-une-mauvaise-mere\"]}]},{\"@type\":\"BreadcrumbList\",\"@id\":\"https:\/\/www.neufmois.fr\/les-confessions\/je-me-sens-etre-une-mauvaise-mere#breadcrumb\",\"itemListElement\":[{\"@type\":\"ListItem\",\"position\":1,\"name\":\"Accueil\",\"item\":\"https:\/\/www.neufmois.fr\/les-confessions\/\"},{\"@type\":\"ListItem\",\"position\":2,\"name\":\"Je me sens \u00eatre une mauvaise m\u00e8re&#8230;\"}]},{\"@type\":\"WebSite\",\"@id\":\"https:\/\/www.neufmois.fr\/les-confessions\/#website\",\"url\":\"https:\/\/www.neufmois.fr\/les-confessions\/\",\"name\":\"Les confessions\",\"description\":\" Les confessions\",\"potentialAction\":[{\"@type\":\"SearchAction\",\"target\":{\"@type\":\"EntryPoint\",\"urlTemplate\":\"https:\/\/www.neufmois.fr\/les-confessions\/?s={search_term_string}\"},\"query-input\":\"required name=search_term_string\"}],\"inLanguage\":\"fr-FR\"},{\"@type\":\"Person\",\"@id\":\"https:\/\/www.neufmois.fr\/les-confessions\/#\/schema\/person\/893fe127c653ae6741f53a67962f8b5d\",\"name\":\"maman anonyme\",\"image\":{\"@type\":\"ImageObject\",\"inLanguage\":\"fr-FR\",\"@id\":\"https:\/\/www.neufmois.fr\/les-confessions\/#\/schema\/person\/image\/\",\"url\":\"https:\/\/secure.gravatar.com\/avatar\/e4b3abeefeb17983433f333a4c54f394?s=96&d=mm&r=g\",\"contentUrl\":\"https:\/\/secure.gravatar.com\/avatar\/e4b3abeefeb17983433f333a4c54f394?s=96&d=mm&r=g\",\"caption\":\"maman anonyme\"},\"url\":\"https:\/\/www.neufmois.fr\/les-confessions\/author\/anonyme\"}]}<\/script>\n<!-- \/ Yoast SEO plugin. -->","yoast_head_json":{"title":"Je me sens \u00eatre une mauvaise m\u00e8re...  - Les confessions","robots":{"index":"index","follow":"follow","max-snippet":"max-snippet:-1","max-image-preview":"max-image-preview:large","max-video-preview":"max-video-preview:-1"},"canonical":"https:\/\/www.neufmois.fr\/les-confessions\/je-me-sens-etre-une-mauvaise-mere","og_locale":"fr_FR","og_type":"article","og_title":"Je me sens \u00eatre une mauvaise m\u00e8re...  - Les confessions","og_description":"Voil\u00e0 j&rsquo;ai une petite de 2 ans que je ne contr\u00f4le pas du tous elle n&rsquo;\u00e9coute rien! Elle me pousse a bout. A des moments je me vois (dans ma t\u00eate) lui faire du mal, lui mettre des claques ect&#8230; Bien \u00e9videment je pr\u00e9cise que je ne le fais pas, j&rsquo;ose \u00e0 peine lui mettre des fesses alors des gifles, jamais. Je me culpabilise \u00e9norm\u00e9ment de penser ce genre de choses, quand j&rsquo;en parle autour de moi, on me dis que c&rsquo;est normal, que je suis humaine, que la fatigue","og_url":"https:\/\/www.neufmois.fr\/les-confessions\/je-me-sens-etre-une-mauvaise-mere","og_site_name":"Les confessions","article_published_time":"2013-11-18T15:13:00+00:00","author":"maman anonyme","twitter_card":"summary_large_image","twitter_misc":{"\u00c9crit par":"maman anonyme","Dur\u00e9e de lecture estim\u00e9e":"1 minute"},"schema":{"@context":"https:\/\/schema.org","@graph":[{"@type":"WebPage","@id":"https:\/\/www.neufmois.fr\/les-confessions\/je-me-sens-etre-une-mauvaise-mere","url":"https:\/\/www.neufmois.fr\/les-confessions\/je-me-sens-etre-une-mauvaise-mere","name":"Je me sens \u00eatre une mauvaise m\u00e8re... - Les confessions","isPartOf":{"@id":"https:\/\/www.neufmois.fr\/les-confessions\/#website"},"datePublished":"2013-11-18T15:13:00+00:00","dateModified":"2013-11-18T15:13:00+00:00","author":{"@id":"https:\/\/www.neufmois.fr\/les-confessions\/#\/schema\/person\/893fe127c653ae6741f53a67962f8b5d"},"breadcrumb":{"@id":"https:\/\/www.neufmois.fr\/les-confessions\/je-me-sens-etre-une-mauvaise-mere#breadcrumb"},"inLanguage":"fr-FR","potentialAction":[{"@type":"ReadAction","target":["https:\/\/www.neufmois.fr\/les-confessions\/je-me-sens-etre-une-mauvaise-mere"]}]},{"@type":"BreadcrumbList","@id":"https:\/\/www.neufmois.fr\/les-confessions\/je-me-sens-etre-une-mauvaise-mere#breadcrumb","itemListElement":[{"@type":"ListItem","position":1,"name":"Accueil","item":"https:\/\/www.neufmois.fr\/les-confessions\/"},{"@type":"ListItem","position":2,"name":"Je me sens \u00eatre une mauvaise m\u00e8re&#8230;"}]},{"@type":"WebSite","@id":"https:\/\/www.neufmois.fr\/les-confessions\/#website","url":"https:\/\/www.neufmois.fr\/les-confessions\/","name":"Les confessions","description":" Les confessions","potentialAction":[{"@type":"SearchAction","target":{"@type":"EntryPoint","urlTemplate":"https:\/\/www.neufmois.fr\/les-confessions\/?s={search_term_string}"},"query-input":"required name=search_term_string"}],"inLanguage":"fr-FR"},{"@type":"Person","@id":"https:\/\/www.neufmois.fr\/les-confessions\/#\/schema\/person\/893fe127c653ae6741f53a67962f8b5d","name":"maman anonyme","image":{"@type":"ImageObject","inLanguage":"fr-FR","@id":"https:\/\/www.neufmois.fr\/les-confessions\/#\/schema\/person\/image\/","url":"https:\/\/secure.gravatar.com\/avatar\/e4b3abeefeb17983433f333a4c54f394?s=96&d=mm&r=g","contentUrl":"https:\/\/secure.gravatar.com\/avatar\/e4b3abeefeb17983433f333a4c54f394?s=96&d=mm&r=g","caption":"maman anonyme"},"url":"https:\/\/www.neufmois.fr\/les-confessions\/author\/anonyme"}]}},"amp_enabled":true,"_links":{"self":[{"href":"https:\/\/www.neufmois.fr\/les-confessions\/wp-json\/wp\/v2\/posts\/93"}],"collection":[{"href":"https:\/\/www.neufmois.fr\/les-confessions\/wp-json\/wp\/v2\/posts"}],"about":[{"href":"https:\/\/www.neufmois.fr\/les-confessions\/wp-json\/wp\/v2\/types\/post"}],"author":[{"embeddable":true,"href":"https:\/\/www.neufmois.fr\/les-confessions\/wp-json\/wp\/v2\/users\/461446"}],"replies":[{"embeddable":true,"href":"https:\/\/www.neufmois.fr\/les-confessions\/wp-json\/wp\/v2\/comments?post=93"}],"version-history":[{"count":0,"href":"https:\/\/www.neufmois.fr\/les-confessions\/wp-json\/wp\/v2\/posts\/93\/revisions"}],"wp:attachment":[{"href":"https:\/\/www.neufmois.fr\/les-confessions\/wp-json\/wp\/v2\/media?parent=93"}],"wp:term":[{"taxonomy":"category","embeddable":true,"href":"https:\/\/www.neufmois.fr\/les-confessions\/wp-json\/wp\/v2\/categories?post=93"},{"taxonomy":"post_tag","embeddable":true,"href":"https:\/\/www.neufmois.fr\/les-confessions\/wp-json\/wp\/v2\/tags?post=93"}],"curies":[{"name":"wp","href":"https:\/\/api.w.org\/{rel}","templated":true}]}}