{"id":91,"date":"2013-12-06T20:26:00","date_gmt":"2013-12-06T20:26:00","guid":{"rendered":"https:\/\/www.neufmois.fr\/les-confessions\/?p=91"},"modified":"2013-12-06T20:26:00","modified_gmt":"2013-12-06T20:26:00","slug":"je-me-sent-seule","status":"publish","type":"post","link":"https:\/\/www.neufmois.fr\/les-confessions\/je-me-sent-seule","title":{"rendered":"je me sent seule"},"content":{"rendered":"<p>voil\u00e0 je suis enceinte de mon deuxi\u00e8me enfant , et je me sens seule , mon compagnon et pas tr\u00e8s investi dans ma grossesse et les disputes sont beaucoup plus fr\u00e9quentes par rapport \u00e0 avant grossesse ! Alors d\u00e9j\u00e0 qu&rsquo;on se voit pas beaucoup a cause de son travail de militaire , l\u00e0 je me sens vraiment seule je ne sais plus quoi faire ou penser !Peut \u00eatre qu&rsquo;il ne veut pas de se deuxi\u00e9me enfant pourtant voulu?! je me pose beaucoup de questions!<\/p>\n","protected":false},"excerpt":{"rendered":"<p>voil\u00e0 je suis enceinte de mon deuxi\u00e8me enfant , et je me sens seule , mon compagnon et pas tr\u00e8s investi dans ma grossesse et les disputes sont beaucoup plus fr\u00e9quentes par rapport \u00e0 avant grossesse ! Alors d\u00e9j\u00e0 qu&rsquo;on se voit pas beaucoup a cause de son travail de militaire , l\u00e0 je me sens vraiment seule je ne sais plus quoi faire ou penser !Peut \u00eatre qu&rsquo;il ne veut pas de se deuxi\u00e9me enfant pourtant voulu?! je me pose beaucoup de questions!<\/p>\n","protected":false},"author":461446,"featured_media":0,"comment_status":"open","ping_status":"open","sticky":false,"template":"","format":"standard","meta":[],"categories":[1],"tags":[],"yoast_head":"<!-- This site is optimized with the Yoast SEO plugin v20.4 - https:\/\/yoast.com\/wordpress\/plugins\/seo\/ -->\n<title>je me sent seule - Les confessions<\/title>\n<meta name=\"robots\" content=\"index, follow, max-snippet:-1, max-image-preview:large, max-video-preview:-1\" \/>\n<link rel=\"canonical\" href=\"https:\/\/www.neufmois.fr\/les-confessions\/je-me-sent-seule\" \/>\n<meta property=\"og:locale\" content=\"fr_FR\" \/>\n<meta property=\"og:type\" content=\"article\" \/>\n<meta property=\"og:title\" content=\"je me sent seule - Les confessions\" \/>\n<meta property=\"og:description\" content=\"voil\u00e0 je suis enceinte de mon deuxi\u00e8me enfant , et je me sens seule , mon compagnon et pas tr\u00e8s investi dans ma grossesse et les disputes sont beaucoup plus fr\u00e9quentes par rapport \u00e0 avant grossesse ! Alors d\u00e9j\u00e0 qu&rsquo;on se voit pas beaucoup a cause de son travail de militaire , l\u00e0 je me sens vraiment seule je ne sais plus quoi faire ou penser !Peut \u00eatre qu&rsquo;il ne veut pas de se deuxi\u00e9me enfant pourtant voulu?! je me pose beaucoup de questions!\" \/>\n<meta property=\"og:url\" content=\"https:\/\/www.neufmois.fr\/les-confessions\/je-me-sent-seule\" \/>\n<meta property=\"og:site_name\" content=\"Les confessions\" \/>\n<meta property=\"article:published_time\" content=\"2013-12-06T20:26:00+00:00\" \/>\n<meta name=\"author\" content=\"maman anonyme\" \/>\n<meta name=\"twitter:card\" content=\"summary_large_image\" \/>\n<meta name=\"twitter:label1\" content=\"\u00c9crit par\" \/>\n\t<meta name=\"twitter:data1\" content=\"maman anonyme\" \/>\n<script type=\"application\/ld+json\" class=\"yoast-schema-graph\">{\"@context\":\"https:\/\/schema.org\",\"@graph\":[{\"@type\":\"WebPage\",\"@id\":\"https:\/\/www.neufmois.fr\/les-confessions\/je-me-sent-seule\",\"url\":\"https:\/\/www.neufmois.fr\/les-confessions\/je-me-sent-seule\",\"name\":\"je me sent seule - Les confessions\",\"isPartOf\":{\"@id\":\"https:\/\/www.neufmois.fr\/les-confessions\/#website\"},\"datePublished\":\"2013-12-06T20:26:00+00:00\",\"dateModified\":\"2013-12-06T20:26:00+00:00\",\"author\":{\"@id\":\"https:\/\/www.neufmois.fr\/les-confessions\/#\/schema\/person\/893fe127c653ae6741f53a67962f8b5d\"},\"breadcrumb\":{\"@id\":\"https:\/\/www.neufmois.fr\/les-confessions\/je-me-sent-seule#breadcrumb\"},\"inLanguage\":\"fr-FR\",\"potentialAction\":[{\"@type\":\"ReadAction\",\"target\":[\"https:\/\/www.neufmois.fr\/les-confessions\/je-me-sent-seule\"]}]},{\"@type\":\"BreadcrumbList\",\"@id\":\"https:\/\/www.neufmois.fr\/les-confessions\/je-me-sent-seule#breadcrumb\",\"itemListElement\":[{\"@type\":\"ListItem\",\"position\":1,\"name\":\"Accueil\",\"item\":\"https:\/\/www.neufmois.fr\/les-confessions\/\"},{\"@type\":\"ListItem\",\"position\":2,\"name\":\"je me sent seule\"}]},{\"@type\":\"WebSite\",\"@id\":\"https:\/\/www.neufmois.fr\/les-confessions\/#website\",\"url\":\"https:\/\/www.neufmois.fr\/les-confessions\/\",\"name\":\"Les confessions\",\"description\":\" Les confessions\",\"potentialAction\":[{\"@type\":\"SearchAction\",\"target\":{\"@type\":\"EntryPoint\",\"urlTemplate\":\"https:\/\/www.neufmois.fr\/les-confessions\/?s={search_term_string}\"},\"query-input\":\"required name=search_term_string\"}],\"inLanguage\":\"fr-FR\"},{\"@type\":\"Person\",\"@id\":\"https:\/\/www.neufmois.fr\/les-confessions\/#\/schema\/person\/893fe127c653ae6741f53a67962f8b5d\",\"name\":\"maman anonyme\",\"image\":{\"@type\":\"ImageObject\",\"inLanguage\":\"fr-FR\",\"@id\":\"https:\/\/www.neufmois.fr\/les-confessions\/#\/schema\/person\/image\/\",\"url\":\"https:\/\/secure.gravatar.com\/avatar\/e4b3abeefeb17983433f333a4c54f394?s=96&d=mm&r=g\",\"contentUrl\":\"https:\/\/secure.gravatar.com\/avatar\/e4b3abeefeb17983433f333a4c54f394?s=96&d=mm&r=g\",\"caption\":\"maman anonyme\"},\"url\":\"https:\/\/www.neufmois.fr\/les-confessions\/author\/anonyme\"}]}<\/script>\n<!-- \/ Yoast SEO plugin. -->","yoast_head_json":{"title":"je me sent seule - Les confessions","robots":{"index":"index","follow":"follow","max-snippet":"max-snippet:-1","max-image-preview":"max-image-preview:large","max-video-preview":"max-video-preview:-1"},"canonical":"https:\/\/www.neufmois.fr\/les-confessions\/je-me-sent-seule","og_locale":"fr_FR","og_type":"article","og_title":"je me sent seule - Les confessions","og_description":"voil\u00e0 je suis enceinte de mon deuxi\u00e8me enfant , et je me sens seule , mon compagnon et pas tr\u00e8s investi dans ma grossesse et les disputes sont beaucoup plus fr\u00e9quentes par rapport \u00e0 avant grossesse ! Alors d\u00e9j\u00e0 qu&rsquo;on se voit pas beaucoup a cause de son travail de militaire , l\u00e0 je me sens vraiment seule je ne sais plus quoi faire ou penser !Peut \u00eatre qu&rsquo;il ne veut pas de se deuxi\u00e9me enfant pourtant voulu?! je me pose beaucoup de questions!","og_url":"https:\/\/www.neufmois.fr\/les-confessions\/je-me-sent-seule","og_site_name":"Les confessions","article_published_time":"2013-12-06T20:26:00+00:00","author":"maman anonyme","twitter_card":"summary_large_image","twitter_misc":{"\u00c9crit par":"maman anonyme"},"schema":{"@context":"https:\/\/schema.org","@graph":[{"@type":"WebPage","@id":"https:\/\/www.neufmois.fr\/les-confessions\/je-me-sent-seule","url":"https:\/\/www.neufmois.fr\/les-confessions\/je-me-sent-seule","name":"je me sent seule - Les confessions","isPartOf":{"@id":"https:\/\/www.neufmois.fr\/les-confessions\/#website"},"datePublished":"2013-12-06T20:26:00+00:00","dateModified":"2013-12-06T20:26:00+00:00","author":{"@id":"https:\/\/www.neufmois.fr\/les-confessions\/#\/schema\/person\/893fe127c653ae6741f53a67962f8b5d"},"breadcrumb":{"@id":"https:\/\/www.neufmois.fr\/les-confessions\/je-me-sent-seule#breadcrumb"},"inLanguage":"fr-FR","potentialAction":[{"@type":"ReadAction","target":["https:\/\/www.neufmois.fr\/les-confessions\/je-me-sent-seule"]}]},{"@type":"BreadcrumbList","@id":"https:\/\/www.neufmois.fr\/les-confessions\/je-me-sent-seule#breadcrumb","itemListElement":[{"@type":"ListItem","position":1,"name":"Accueil","item":"https:\/\/www.neufmois.fr\/les-confessions\/"},{"@type":"ListItem","position":2,"name":"je me sent seule"}]},{"@type":"WebSite","@id":"https:\/\/www.neufmois.fr\/les-confessions\/#website","url":"https:\/\/www.neufmois.fr\/les-confessions\/","name":"Les confessions","description":" Les confessions","potentialAction":[{"@type":"SearchAction","target":{"@type":"EntryPoint","urlTemplate":"https:\/\/www.neufmois.fr\/les-confessions\/?s={search_term_string}"},"query-input":"required name=search_term_string"}],"inLanguage":"fr-FR"},{"@type":"Person","@id":"https:\/\/www.neufmois.fr\/les-confessions\/#\/schema\/person\/893fe127c653ae6741f53a67962f8b5d","name":"maman anonyme","image":{"@type":"ImageObject","inLanguage":"fr-FR","@id":"https:\/\/www.neufmois.fr\/les-confessions\/#\/schema\/person\/image\/","url":"https:\/\/secure.gravatar.com\/avatar\/e4b3abeefeb17983433f333a4c54f394?s=96&d=mm&r=g","contentUrl":"https:\/\/secure.gravatar.com\/avatar\/e4b3abeefeb17983433f333a4c54f394?s=96&d=mm&r=g","caption":"maman anonyme"},"url":"https:\/\/www.neufmois.fr\/les-confessions\/author\/anonyme"}]}},"amp_enabled":true,"_links":{"self":[{"href":"https:\/\/www.neufmois.fr\/les-confessions\/wp-json\/wp\/v2\/posts\/91"}],"collection":[{"href":"https:\/\/www.neufmois.fr\/les-confessions\/wp-json\/wp\/v2\/posts"}],"about":[{"href":"https:\/\/www.neufmois.fr\/les-confessions\/wp-json\/wp\/v2\/types\/post"}],"author":[{"embeddable":true,"href":"https:\/\/www.neufmois.fr\/les-confessions\/wp-json\/wp\/v2\/users\/461446"}],"replies":[{"embeddable":true,"href":"https:\/\/www.neufmois.fr\/les-confessions\/wp-json\/wp\/v2\/comments?post=91"}],"version-history":[{"count":0,"href":"https:\/\/www.neufmois.fr\/les-confessions\/wp-json\/wp\/v2\/posts\/91\/revisions"}],"wp:attachment":[{"href":"https:\/\/www.neufmois.fr\/les-confessions\/wp-json\/wp\/v2\/media?parent=91"}],"wp:term":[{"taxonomy":"category","embeddable":true,"href":"https:\/\/www.neufmois.fr\/les-confessions\/wp-json\/wp\/v2\/categories?post=91"},{"taxonomy":"post_tag","embeddable":true,"href":"https:\/\/www.neufmois.fr\/les-confessions\/wp-json\/wp\/v2\/tags?post=91"}],"curies":[{"name":"wp","href":"https:\/\/api.w.org\/{rel}","templated":true}]}}