{"id":86,"date":"2014-02-25T00:11:00","date_gmt":"2014-02-25T00:11:00","guid":{"rendered":"https:\/\/www.neufmois.fr\/les-confessions\/?p=86"},"modified":"2014-02-25T00:11:00","modified_gmt":"2014-02-25T00:11:00","slug":"maman-solo-seul","status":"publish","type":"post","link":"https:\/\/www.neufmois.fr\/les-confessions\/maman-solo-seul","title":{"rendered":"maman solo seul"},"content":{"rendered":"<p>Coucou les Mums<\/p>\n<p>J&rsquo;ai 24 ans, je suis maman solo d&rsquo;un amour de 3ans ! J&rsquo;ai quitter le papa il y a 2ans et   demi, pendant c&rsquo;est 2ans il y a eu des convocations au tribunal, des plaintes, des quiprocos par rapport au droit de visites etc&#8230; Aujourd&rsquo;hui il me deteste.<br \/>\nIl vois sa fille le weekend, et c&rsquo;est tout il ne s&rsquo;implique pas du tout dans l&rsquo;education ,j&rsquo;aimerais vraiment ne pas etre seul face a la maitresse,face au crises capricieuse, face au quotidien en g\u00e9n\u00e9rale etc&#8230;.<br \/>\nJe n&rsquo;en peu plus j&rsquo;aimerais etre \u00e9pauler&#8230;<br \/>\nles mums je souhaiterais des conseils,temoignage, des avis&#8230;<\/p>\n<p>Merci d&rsquo;avance<\/p>\n","protected":false},"excerpt":{"rendered":"<p>Coucou les Mums J&rsquo;ai 24 ans, je suis maman solo d&rsquo;un amour de 3ans ! J&rsquo;ai quitter le papa il y a 2ans et demi, pendant c&rsquo;est 2ans il y a eu des convocations au tribunal, des plaintes, des quiprocos par rapport au droit de visites etc&#8230; Aujourd&rsquo;hui il me deteste. Il vois sa fille le weekend, et c&rsquo;est tout il ne s&rsquo;implique pas du tout dans l&rsquo;education ,j&rsquo;aimerais vraiment ne pas etre seul face a la maitresse,face au crises capricieuse, face au quotidien en g\u00e9n\u00e9rale etc&#8230;. Je n&rsquo;en peu<\/p>\n","protected":false},"author":461446,"featured_media":0,"comment_status":"open","ping_status":"open","sticky":false,"template":"","format":"standard","meta":[],"categories":[1],"tags":[],"yoast_head":"<!-- This site is optimized with the Yoast SEO plugin v20.4 - https:\/\/yoast.com\/wordpress\/plugins\/seo\/ -->\n<title>maman solo seul  - Les confessions<\/title>\n<meta name=\"robots\" content=\"index, follow, max-snippet:-1, max-image-preview:large, max-video-preview:-1\" \/>\n<link rel=\"canonical\" href=\"https:\/\/www.neufmois.fr\/les-confessions\/maman-solo-seul\" \/>\n<meta property=\"og:locale\" content=\"fr_FR\" \/>\n<meta property=\"og:type\" content=\"article\" \/>\n<meta property=\"og:title\" content=\"maman solo seul  - Les confessions\" \/>\n<meta property=\"og:description\" content=\"Coucou les Mums J&rsquo;ai 24 ans, je suis maman solo d&rsquo;un amour de 3ans ! J&rsquo;ai quitter le papa il y a 2ans et demi, pendant c&rsquo;est 2ans il y a eu des convocations au tribunal, des plaintes, des quiprocos par rapport au droit de visites etc&#8230; Aujourd&rsquo;hui il me deteste. Il vois sa fille le weekend, et c&rsquo;est tout il ne s&rsquo;implique pas du tout dans l&rsquo;education ,j&rsquo;aimerais vraiment ne pas etre seul face a la maitresse,face au crises capricieuse, face au quotidien en g\u00e9n\u00e9rale etc&#8230;. Je n&rsquo;en peu\" \/>\n<meta property=\"og:url\" content=\"https:\/\/www.neufmois.fr\/les-confessions\/maman-solo-seul\" \/>\n<meta property=\"og:site_name\" content=\"Les confessions\" \/>\n<meta property=\"article:published_time\" content=\"2014-02-25T00:11:00+00:00\" \/>\n<meta name=\"author\" content=\"maman anonyme\" \/>\n<meta name=\"twitter:card\" content=\"summary_large_image\" \/>\n<meta name=\"twitter:label1\" content=\"\u00c9crit par\" \/>\n\t<meta name=\"twitter:data1\" content=\"maman anonyme\" \/>\n\t<meta name=\"twitter:label2\" content=\"Dur\u00e9e de lecture estim\u00e9e\" \/>\n\t<meta name=\"twitter:data2\" content=\"1 minute\" \/>\n<script type=\"application\/ld+json\" class=\"yoast-schema-graph\">{\"@context\":\"https:\/\/schema.org\",\"@graph\":[{\"@type\":\"WebPage\",\"@id\":\"https:\/\/www.neufmois.fr\/les-confessions\/maman-solo-seul\",\"url\":\"https:\/\/www.neufmois.fr\/les-confessions\/maman-solo-seul\",\"name\":\"maman solo seul - Les confessions\",\"isPartOf\":{\"@id\":\"https:\/\/www.neufmois.fr\/les-confessions\/#website\"},\"datePublished\":\"2014-02-25T00:11:00+00:00\",\"dateModified\":\"2014-02-25T00:11:00+00:00\",\"author\":{\"@id\":\"https:\/\/www.neufmois.fr\/les-confessions\/#\/schema\/person\/893fe127c653ae6741f53a67962f8b5d\"},\"breadcrumb\":{\"@id\":\"https:\/\/www.neufmois.fr\/les-confessions\/maman-solo-seul#breadcrumb\"},\"inLanguage\":\"fr-FR\",\"potentialAction\":[{\"@type\":\"ReadAction\",\"target\":[\"https:\/\/www.neufmois.fr\/les-confessions\/maman-solo-seul\"]}]},{\"@type\":\"BreadcrumbList\",\"@id\":\"https:\/\/www.neufmois.fr\/les-confessions\/maman-solo-seul#breadcrumb\",\"itemListElement\":[{\"@type\":\"ListItem\",\"position\":1,\"name\":\"Accueil\",\"item\":\"https:\/\/www.neufmois.fr\/les-confessions\/\"},{\"@type\":\"ListItem\",\"position\":2,\"name\":\"maman solo seul\"}]},{\"@type\":\"WebSite\",\"@id\":\"https:\/\/www.neufmois.fr\/les-confessions\/#website\",\"url\":\"https:\/\/www.neufmois.fr\/les-confessions\/\",\"name\":\"Les confessions\",\"description\":\" Les confessions\",\"potentialAction\":[{\"@type\":\"SearchAction\",\"target\":{\"@type\":\"EntryPoint\",\"urlTemplate\":\"https:\/\/www.neufmois.fr\/les-confessions\/?s={search_term_string}\"},\"query-input\":\"required name=search_term_string\"}],\"inLanguage\":\"fr-FR\"},{\"@type\":\"Person\",\"@id\":\"https:\/\/www.neufmois.fr\/les-confessions\/#\/schema\/person\/893fe127c653ae6741f53a67962f8b5d\",\"name\":\"maman anonyme\",\"image\":{\"@type\":\"ImageObject\",\"inLanguage\":\"fr-FR\",\"@id\":\"https:\/\/www.neufmois.fr\/les-confessions\/#\/schema\/person\/image\/\",\"url\":\"https:\/\/secure.gravatar.com\/avatar\/e4b3abeefeb17983433f333a4c54f394?s=96&d=mm&r=g\",\"contentUrl\":\"https:\/\/secure.gravatar.com\/avatar\/e4b3abeefeb17983433f333a4c54f394?s=96&d=mm&r=g\",\"caption\":\"maman anonyme\"},\"url\":\"https:\/\/www.neufmois.fr\/les-confessions\/author\/anonyme\"}]}<\/script>\n<!-- \/ Yoast SEO plugin. -->","yoast_head_json":{"title":"maman solo seul  - Les confessions","robots":{"index":"index","follow":"follow","max-snippet":"max-snippet:-1","max-image-preview":"max-image-preview:large","max-video-preview":"max-video-preview:-1"},"canonical":"https:\/\/www.neufmois.fr\/les-confessions\/maman-solo-seul","og_locale":"fr_FR","og_type":"article","og_title":"maman solo seul  - Les confessions","og_description":"Coucou les Mums J&rsquo;ai 24 ans, je suis maman solo d&rsquo;un amour de 3ans ! J&rsquo;ai quitter le papa il y a 2ans et demi, pendant c&rsquo;est 2ans il y a eu des convocations au tribunal, des plaintes, des quiprocos par rapport au droit de visites etc&#8230; Aujourd&rsquo;hui il me deteste. Il vois sa fille le weekend, et c&rsquo;est tout il ne s&rsquo;implique pas du tout dans l&rsquo;education ,j&rsquo;aimerais vraiment ne pas etre seul face a la maitresse,face au crises capricieuse, face au quotidien en g\u00e9n\u00e9rale etc&#8230;. Je n&rsquo;en peu","og_url":"https:\/\/www.neufmois.fr\/les-confessions\/maman-solo-seul","og_site_name":"Les confessions","article_published_time":"2014-02-25T00:11:00+00:00","author":"maman anonyme","twitter_card":"summary_large_image","twitter_misc":{"\u00c9crit par":"maman anonyme","Dur\u00e9e de lecture estim\u00e9e":"1 minute"},"schema":{"@context":"https:\/\/schema.org","@graph":[{"@type":"WebPage","@id":"https:\/\/www.neufmois.fr\/les-confessions\/maman-solo-seul","url":"https:\/\/www.neufmois.fr\/les-confessions\/maman-solo-seul","name":"maman solo seul - Les confessions","isPartOf":{"@id":"https:\/\/www.neufmois.fr\/les-confessions\/#website"},"datePublished":"2014-02-25T00:11:00+00:00","dateModified":"2014-02-25T00:11:00+00:00","author":{"@id":"https:\/\/www.neufmois.fr\/les-confessions\/#\/schema\/person\/893fe127c653ae6741f53a67962f8b5d"},"breadcrumb":{"@id":"https:\/\/www.neufmois.fr\/les-confessions\/maman-solo-seul#breadcrumb"},"inLanguage":"fr-FR","potentialAction":[{"@type":"ReadAction","target":["https:\/\/www.neufmois.fr\/les-confessions\/maman-solo-seul"]}]},{"@type":"BreadcrumbList","@id":"https:\/\/www.neufmois.fr\/les-confessions\/maman-solo-seul#breadcrumb","itemListElement":[{"@type":"ListItem","position":1,"name":"Accueil","item":"https:\/\/www.neufmois.fr\/les-confessions\/"},{"@type":"ListItem","position":2,"name":"maman solo seul"}]},{"@type":"WebSite","@id":"https:\/\/www.neufmois.fr\/les-confessions\/#website","url":"https:\/\/www.neufmois.fr\/les-confessions\/","name":"Les confessions","description":" Les confessions","potentialAction":[{"@type":"SearchAction","target":{"@type":"EntryPoint","urlTemplate":"https:\/\/www.neufmois.fr\/les-confessions\/?s={search_term_string}"},"query-input":"required name=search_term_string"}],"inLanguage":"fr-FR"},{"@type":"Person","@id":"https:\/\/www.neufmois.fr\/les-confessions\/#\/schema\/person\/893fe127c653ae6741f53a67962f8b5d","name":"maman anonyme","image":{"@type":"ImageObject","inLanguage":"fr-FR","@id":"https:\/\/www.neufmois.fr\/les-confessions\/#\/schema\/person\/image\/","url":"https:\/\/secure.gravatar.com\/avatar\/e4b3abeefeb17983433f333a4c54f394?s=96&d=mm&r=g","contentUrl":"https:\/\/secure.gravatar.com\/avatar\/e4b3abeefeb17983433f333a4c54f394?s=96&d=mm&r=g","caption":"maman anonyme"},"url":"https:\/\/www.neufmois.fr\/les-confessions\/author\/anonyme"}]}},"amp_enabled":true,"_links":{"self":[{"href":"https:\/\/www.neufmois.fr\/les-confessions\/wp-json\/wp\/v2\/posts\/86"}],"collection":[{"href":"https:\/\/www.neufmois.fr\/les-confessions\/wp-json\/wp\/v2\/posts"}],"about":[{"href":"https:\/\/www.neufmois.fr\/les-confessions\/wp-json\/wp\/v2\/types\/post"}],"author":[{"embeddable":true,"href":"https:\/\/www.neufmois.fr\/les-confessions\/wp-json\/wp\/v2\/users\/461446"}],"replies":[{"embeddable":true,"href":"https:\/\/www.neufmois.fr\/les-confessions\/wp-json\/wp\/v2\/comments?post=86"}],"version-history":[{"count":0,"href":"https:\/\/www.neufmois.fr\/les-confessions\/wp-json\/wp\/v2\/posts\/86\/revisions"}],"wp:attachment":[{"href":"https:\/\/www.neufmois.fr\/les-confessions\/wp-json\/wp\/v2\/media?parent=86"}],"wp:term":[{"taxonomy":"category","embeddable":true,"href":"https:\/\/www.neufmois.fr\/les-confessions\/wp-json\/wp\/v2\/categories?post=86"},{"taxonomy":"post_tag","embeddable":true,"href":"https:\/\/www.neufmois.fr\/les-confessions\/wp-json\/wp\/v2\/tags?post=86"}],"curies":[{"name":"wp","href":"https:\/\/api.w.org\/{rel}","templated":true}]}}