{"id":85,"date":"2014-02-25T11:31:00","date_gmt":"2014-02-25T11:31:00","guid":{"rendered":"https:\/\/www.neufmois.fr\/les-confessions\/?p=85"},"modified":"2014-02-25T11:31:00","modified_gmt":"2014-02-25T11:31:00","slug":"grossesse-et-relation-intimes","status":"publish","type":"post","link":"https:\/\/www.neufmois.fr\/les-confessions\/grossesse-et-relation-intimes","title":{"rendered":"grossesse et relation intimes"},"content":{"rendered":"<p>bonjour a toutes voila , j&rsquo;aurais besoin de conseils , je suis enceinte de 6 mois et depuis quelque temps ne n&rsquo;ai plus aucun d\u00e9sir pour mon homme , je suis fatigu\u00e9 de mes journ\u00e9e a devoir m&rsquo;occuper des taches m\u00e9nag\u00e9re et de mon fils qui a 31 mois ! et du coup le soir je n&rsquo;ai pas trop envie de jouer sous la couette ! Mon homme la bien vu et du coup beaucoup de dispute , mais voila je n&rsquo;ai plus de d\u00e9sir malgr\u00e9 que je l&rsquo;aime penser vous que c&rsquo;est du \u00e0 ma grossesse ???? <\/p>\n","protected":false},"excerpt":{"rendered":"<p>bonjour a toutes voila , j&rsquo;aurais besoin de conseils , je suis enceinte de 6 mois et depuis quelque temps ne n&rsquo;ai plus aucun d\u00e9sir pour mon homme , je suis fatigu\u00e9 de mes journ\u00e9e a devoir m&rsquo;occuper des taches m\u00e9nag\u00e9re et de mon fils qui a 31 mois ! et du coup le soir je n&rsquo;ai pas trop envie de jouer sous la couette ! Mon homme la bien vu et du coup beaucoup de dispute , mais voila je n&rsquo;ai plus de d\u00e9sir malgr\u00e9 que je l&rsquo;aime penser<\/p>\n","protected":false},"author":461446,"featured_media":0,"comment_status":"open","ping_status":"open","sticky":false,"template":"","format":"standard","meta":[],"categories":[1],"tags":[],"yoast_head":"<!-- This site is optimized with the Yoast SEO plugin v20.4 - https:\/\/yoast.com\/wordpress\/plugins\/seo\/ -->\n<title>grossesse et relation intimes - Les confessions<\/title>\n<meta name=\"robots\" content=\"index, follow, max-snippet:-1, max-image-preview:large, max-video-preview:-1\" \/>\n<link rel=\"canonical\" href=\"https:\/\/www.neufmois.fr\/les-confessions\/grossesse-et-relation-intimes\" \/>\n<meta property=\"og:locale\" content=\"fr_FR\" \/>\n<meta property=\"og:type\" content=\"article\" \/>\n<meta property=\"og:title\" content=\"grossesse et relation intimes - Les confessions\" \/>\n<meta property=\"og:description\" content=\"bonjour a toutes voila , j&rsquo;aurais besoin de conseils , je suis enceinte de 6 mois et depuis quelque temps ne n&rsquo;ai plus aucun d\u00e9sir pour mon homme , je suis fatigu\u00e9 de mes journ\u00e9e a devoir m&rsquo;occuper des taches m\u00e9nag\u00e9re et de mon fils qui a 31 mois ! et du coup le soir je n&rsquo;ai pas trop envie de jouer sous la couette ! Mon homme la bien vu et du coup beaucoup de dispute , mais voila je n&rsquo;ai plus de d\u00e9sir malgr\u00e9 que je l&rsquo;aime penser\" \/>\n<meta property=\"og:url\" content=\"https:\/\/www.neufmois.fr\/les-confessions\/grossesse-et-relation-intimes\" \/>\n<meta property=\"og:site_name\" content=\"Les confessions\" \/>\n<meta property=\"article:published_time\" content=\"2014-02-25T11:31:00+00:00\" \/>\n<meta name=\"author\" content=\"maman anonyme\" \/>\n<meta name=\"twitter:card\" content=\"summary_large_image\" \/>\n<meta name=\"twitter:label1\" content=\"\u00c9crit par\" \/>\n\t<meta name=\"twitter:data1\" content=\"maman anonyme\" \/>\n<script type=\"application\/ld+json\" class=\"yoast-schema-graph\">{\"@context\":\"https:\/\/schema.org\",\"@graph\":[{\"@type\":\"WebPage\",\"@id\":\"https:\/\/www.neufmois.fr\/les-confessions\/grossesse-et-relation-intimes\",\"url\":\"https:\/\/www.neufmois.fr\/les-confessions\/grossesse-et-relation-intimes\",\"name\":\"grossesse et relation intimes - Les confessions\",\"isPartOf\":{\"@id\":\"https:\/\/www.neufmois.fr\/les-confessions\/#website\"},\"datePublished\":\"2014-02-25T11:31:00+00:00\",\"dateModified\":\"2014-02-25T11:31:00+00:00\",\"author\":{\"@id\":\"https:\/\/www.neufmois.fr\/les-confessions\/#\/schema\/person\/893fe127c653ae6741f53a67962f8b5d\"},\"breadcrumb\":{\"@id\":\"https:\/\/www.neufmois.fr\/les-confessions\/grossesse-et-relation-intimes#breadcrumb\"},\"inLanguage\":\"fr-FR\",\"potentialAction\":[{\"@type\":\"ReadAction\",\"target\":[\"https:\/\/www.neufmois.fr\/les-confessions\/grossesse-et-relation-intimes\"]}]},{\"@type\":\"BreadcrumbList\",\"@id\":\"https:\/\/www.neufmois.fr\/les-confessions\/grossesse-et-relation-intimes#breadcrumb\",\"itemListElement\":[{\"@type\":\"ListItem\",\"position\":1,\"name\":\"Accueil\",\"item\":\"https:\/\/www.neufmois.fr\/les-confessions\/\"},{\"@type\":\"ListItem\",\"position\":2,\"name\":\"grossesse et relation intimes\"}]},{\"@type\":\"WebSite\",\"@id\":\"https:\/\/www.neufmois.fr\/les-confessions\/#website\",\"url\":\"https:\/\/www.neufmois.fr\/les-confessions\/\",\"name\":\"Les confessions\",\"description\":\" Les confessions\",\"potentialAction\":[{\"@type\":\"SearchAction\",\"target\":{\"@type\":\"EntryPoint\",\"urlTemplate\":\"https:\/\/www.neufmois.fr\/les-confessions\/?s={search_term_string}\"},\"query-input\":\"required name=search_term_string\"}],\"inLanguage\":\"fr-FR\"},{\"@type\":\"Person\",\"@id\":\"https:\/\/www.neufmois.fr\/les-confessions\/#\/schema\/person\/893fe127c653ae6741f53a67962f8b5d\",\"name\":\"maman anonyme\",\"image\":{\"@type\":\"ImageObject\",\"inLanguage\":\"fr-FR\",\"@id\":\"https:\/\/www.neufmois.fr\/les-confessions\/#\/schema\/person\/image\/\",\"url\":\"https:\/\/secure.gravatar.com\/avatar\/e4b3abeefeb17983433f333a4c54f394?s=96&d=mm&r=g\",\"contentUrl\":\"https:\/\/secure.gravatar.com\/avatar\/e4b3abeefeb17983433f333a4c54f394?s=96&d=mm&r=g\",\"caption\":\"maman anonyme\"},\"url\":\"https:\/\/www.neufmois.fr\/les-confessions\/author\/anonyme\"}]}<\/script>\n<!-- \/ Yoast SEO plugin. -->","yoast_head_json":{"title":"grossesse et relation intimes - Les confessions","robots":{"index":"index","follow":"follow","max-snippet":"max-snippet:-1","max-image-preview":"max-image-preview:large","max-video-preview":"max-video-preview:-1"},"canonical":"https:\/\/www.neufmois.fr\/les-confessions\/grossesse-et-relation-intimes","og_locale":"fr_FR","og_type":"article","og_title":"grossesse et relation intimes - Les confessions","og_description":"bonjour a toutes voila , j&rsquo;aurais besoin de conseils , je suis enceinte de 6 mois et depuis quelque temps ne n&rsquo;ai plus aucun d\u00e9sir pour mon homme , je suis fatigu\u00e9 de mes journ\u00e9e a devoir m&rsquo;occuper des taches m\u00e9nag\u00e9re et de mon fils qui a 31 mois ! et du coup le soir je n&rsquo;ai pas trop envie de jouer sous la couette ! Mon homme la bien vu et du coup beaucoup de dispute , mais voila je n&rsquo;ai plus de d\u00e9sir malgr\u00e9 que je l&rsquo;aime penser","og_url":"https:\/\/www.neufmois.fr\/les-confessions\/grossesse-et-relation-intimes","og_site_name":"Les confessions","article_published_time":"2014-02-25T11:31:00+00:00","author":"maman anonyme","twitter_card":"summary_large_image","twitter_misc":{"\u00c9crit par":"maman anonyme"},"schema":{"@context":"https:\/\/schema.org","@graph":[{"@type":"WebPage","@id":"https:\/\/www.neufmois.fr\/les-confessions\/grossesse-et-relation-intimes","url":"https:\/\/www.neufmois.fr\/les-confessions\/grossesse-et-relation-intimes","name":"grossesse et relation intimes - Les confessions","isPartOf":{"@id":"https:\/\/www.neufmois.fr\/les-confessions\/#website"},"datePublished":"2014-02-25T11:31:00+00:00","dateModified":"2014-02-25T11:31:00+00:00","author":{"@id":"https:\/\/www.neufmois.fr\/les-confessions\/#\/schema\/person\/893fe127c653ae6741f53a67962f8b5d"},"breadcrumb":{"@id":"https:\/\/www.neufmois.fr\/les-confessions\/grossesse-et-relation-intimes#breadcrumb"},"inLanguage":"fr-FR","potentialAction":[{"@type":"ReadAction","target":["https:\/\/www.neufmois.fr\/les-confessions\/grossesse-et-relation-intimes"]}]},{"@type":"BreadcrumbList","@id":"https:\/\/www.neufmois.fr\/les-confessions\/grossesse-et-relation-intimes#breadcrumb","itemListElement":[{"@type":"ListItem","position":1,"name":"Accueil","item":"https:\/\/www.neufmois.fr\/les-confessions\/"},{"@type":"ListItem","position":2,"name":"grossesse et relation intimes"}]},{"@type":"WebSite","@id":"https:\/\/www.neufmois.fr\/les-confessions\/#website","url":"https:\/\/www.neufmois.fr\/les-confessions\/","name":"Les confessions","description":" Les confessions","potentialAction":[{"@type":"SearchAction","target":{"@type":"EntryPoint","urlTemplate":"https:\/\/www.neufmois.fr\/les-confessions\/?s={search_term_string}"},"query-input":"required name=search_term_string"}],"inLanguage":"fr-FR"},{"@type":"Person","@id":"https:\/\/www.neufmois.fr\/les-confessions\/#\/schema\/person\/893fe127c653ae6741f53a67962f8b5d","name":"maman anonyme","image":{"@type":"ImageObject","inLanguage":"fr-FR","@id":"https:\/\/www.neufmois.fr\/les-confessions\/#\/schema\/person\/image\/","url":"https:\/\/secure.gravatar.com\/avatar\/e4b3abeefeb17983433f333a4c54f394?s=96&d=mm&r=g","contentUrl":"https:\/\/secure.gravatar.com\/avatar\/e4b3abeefeb17983433f333a4c54f394?s=96&d=mm&r=g","caption":"maman anonyme"},"url":"https:\/\/www.neufmois.fr\/les-confessions\/author\/anonyme"}]}},"amp_enabled":true,"_links":{"self":[{"href":"https:\/\/www.neufmois.fr\/les-confessions\/wp-json\/wp\/v2\/posts\/85"}],"collection":[{"href":"https:\/\/www.neufmois.fr\/les-confessions\/wp-json\/wp\/v2\/posts"}],"about":[{"href":"https:\/\/www.neufmois.fr\/les-confessions\/wp-json\/wp\/v2\/types\/post"}],"author":[{"embeddable":true,"href":"https:\/\/www.neufmois.fr\/les-confessions\/wp-json\/wp\/v2\/users\/461446"}],"replies":[{"embeddable":true,"href":"https:\/\/www.neufmois.fr\/les-confessions\/wp-json\/wp\/v2\/comments?post=85"}],"version-history":[{"count":0,"href":"https:\/\/www.neufmois.fr\/les-confessions\/wp-json\/wp\/v2\/posts\/85\/revisions"}],"wp:attachment":[{"href":"https:\/\/www.neufmois.fr\/les-confessions\/wp-json\/wp\/v2\/media?parent=85"}],"wp:term":[{"taxonomy":"category","embeddable":true,"href":"https:\/\/www.neufmois.fr\/les-confessions\/wp-json\/wp\/v2\/categories?post=85"},{"taxonomy":"post_tag","embeddable":true,"href":"https:\/\/www.neufmois.fr\/les-confessions\/wp-json\/wp\/v2\/tags?post=85"}],"curies":[{"name":"wp","href":"https:\/\/api.w.org\/{rel}","templated":true}]}}