{"id":79,"date":"2014-07-26T18:58:00","date_gmt":"2014-07-26T18:58:00","guid":{"rendered":"https:\/\/www.neufmois.fr\/les-confessions\/?p=79"},"modified":"2014-07-26T18:58:00","modified_gmt":"2014-07-26T18:58:00","slug":"seconde-grossesse-apres-pre-eclampsie","status":"publish","type":"post","link":"https:\/\/www.neufmois.fr\/les-confessions\/seconde-grossesse-apres-pre-eclampsie","title":{"rendered":"seconde grossesse apr\u00e8s pr\u00e9 eclampsie"},"content":{"rendered":"<p>Bonjour les mamans, je r\u00eave d&rsquo;un second b\u00e9b\u00e9 mais je suis plus qu&rsquo;angoiss\u00e9e \u00e0 l&rsquo;id\u00e9e de retomber enceinte et pourtant j&rsquo;en meurs d&rsquo;envie. Ma premi\u00e8re grossesse s&rsquo; est tr\u00e8s mal pass\u00e9e.  Arr\u00eat de celle ci par une c\u00e9sarienne en urgence pour pr\u00e9 \u00e9clampsie avec help syndrome \u00e0 28SA. Ma fille pesait 816g pour 34cm. Beaucoup de peur car sa vie etzit en danger. Aujourd&rsquo;hui alle va avoir 4 ans et se porte \u00e0 merveille! J&rsquo;ai peur que cela recommence m\u00eame si be sais que j&rsquo;aurai un traitement d\u00e8s le d\u00e9but et un suivi plus rapproch\u00e9.  J&rsquo;aimerai des t\u00e9moignages depersonnes qui ont vv\u00e9cues la m\u00eame chose que moi. Merci.<\/p>\n","protected":false},"excerpt":{"rendered":"<p>Bonjour les mamans, je r\u00eave d&rsquo;un second b\u00e9b\u00e9 mais je suis plus qu&rsquo;angoiss\u00e9e \u00e0 l&rsquo;id\u00e9e de retomber enceinte et pourtant j&rsquo;en meurs d&rsquo;envie. Ma premi\u00e8re grossesse s&rsquo; est tr\u00e8s mal pass\u00e9e. Arr\u00eat de celle ci par une c\u00e9sarienne en urgence pour pr\u00e9 \u00e9clampsie avec help syndrome \u00e0 28SA. Ma fille pesait 816g pour 34cm. Beaucoup de peur car sa vie etzit en danger. Aujourd&rsquo;hui alle va avoir 4 ans et se porte \u00e0 merveille! J&rsquo;ai peur que cela recommence m\u00eame si be sais que j&rsquo;aurai un traitement d\u00e8s le d\u00e9but<\/p>\n","protected":false},"author":461446,"featured_media":0,"comment_status":"open","ping_status":"open","sticky":false,"template":"","format":"standard","meta":[],"categories":[1],"tags":[],"yoast_head":"<!-- This site is optimized with the Yoast SEO plugin v20.4 - https:\/\/yoast.com\/wordpress\/plugins\/seo\/ -->\n<title>seconde grossesse apr\u00e8s pr\u00e9 eclampsie - Les confessions<\/title>\n<meta name=\"robots\" content=\"index, follow, max-snippet:-1, max-image-preview:large, max-video-preview:-1\" \/>\n<link rel=\"canonical\" href=\"https:\/\/www.neufmois.fr\/les-confessions\/seconde-grossesse-apres-pre-eclampsie\" \/>\n<meta property=\"og:locale\" content=\"fr_FR\" \/>\n<meta property=\"og:type\" content=\"article\" \/>\n<meta property=\"og:title\" content=\"seconde grossesse apr\u00e8s pr\u00e9 eclampsie - Les confessions\" \/>\n<meta property=\"og:description\" content=\"Bonjour les mamans, je r\u00eave d&rsquo;un second b\u00e9b\u00e9 mais je suis plus qu&rsquo;angoiss\u00e9e \u00e0 l&rsquo;id\u00e9e de retomber enceinte et pourtant j&rsquo;en meurs d&rsquo;envie. Ma premi\u00e8re grossesse s&rsquo; est tr\u00e8s mal pass\u00e9e. Arr\u00eat de celle ci par une c\u00e9sarienne en urgence pour pr\u00e9 \u00e9clampsie avec help syndrome \u00e0 28SA. Ma fille pesait 816g pour 34cm. Beaucoup de peur car sa vie etzit en danger. Aujourd&rsquo;hui alle va avoir 4 ans et se porte \u00e0 merveille! J&rsquo;ai peur que cela recommence m\u00eame si be sais que j&rsquo;aurai un traitement d\u00e8s le d\u00e9but\" \/>\n<meta property=\"og:url\" content=\"https:\/\/www.neufmois.fr\/les-confessions\/seconde-grossesse-apres-pre-eclampsie\" \/>\n<meta property=\"og:site_name\" content=\"Les confessions\" \/>\n<meta property=\"article:published_time\" content=\"2014-07-26T18:58:00+00:00\" \/>\n<meta name=\"author\" content=\"maman anonyme\" \/>\n<meta name=\"twitter:card\" content=\"summary_large_image\" \/>\n<meta name=\"twitter:label1\" content=\"\u00c9crit par\" \/>\n\t<meta name=\"twitter:data1\" content=\"maman anonyme\" \/>\n\t<meta name=\"twitter:label2\" content=\"Dur\u00e9e de lecture estim\u00e9e\" \/>\n\t<meta name=\"twitter:data2\" content=\"1 minute\" \/>\n<script type=\"application\/ld+json\" class=\"yoast-schema-graph\">{\"@context\":\"https:\/\/schema.org\",\"@graph\":[{\"@type\":\"WebPage\",\"@id\":\"https:\/\/www.neufmois.fr\/les-confessions\/seconde-grossesse-apres-pre-eclampsie\",\"url\":\"https:\/\/www.neufmois.fr\/les-confessions\/seconde-grossesse-apres-pre-eclampsie\",\"name\":\"seconde grossesse apr\u00e8s pr\u00e9 eclampsie - Les confessions\",\"isPartOf\":{\"@id\":\"https:\/\/www.neufmois.fr\/les-confessions\/#website\"},\"datePublished\":\"2014-07-26T18:58:00+00:00\",\"dateModified\":\"2014-07-26T18:58:00+00:00\",\"author\":{\"@id\":\"https:\/\/www.neufmois.fr\/les-confessions\/#\/schema\/person\/893fe127c653ae6741f53a67962f8b5d\"},\"breadcrumb\":{\"@id\":\"https:\/\/www.neufmois.fr\/les-confessions\/seconde-grossesse-apres-pre-eclampsie#breadcrumb\"},\"inLanguage\":\"fr-FR\",\"potentialAction\":[{\"@type\":\"ReadAction\",\"target\":[\"https:\/\/www.neufmois.fr\/les-confessions\/seconde-grossesse-apres-pre-eclampsie\"]}]},{\"@type\":\"BreadcrumbList\",\"@id\":\"https:\/\/www.neufmois.fr\/les-confessions\/seconde-grossesse-apres-pre-eclampsie#breadcrumb\",\"itemListElement\":[{\"@type\":\"ListItem\",\"position\":1,\"name\":\"Accueil\",\"item\":\"https:\/\/www.neufmois.fr\/les-confessions\/\"},{\"@type\":\"ListItem\",\"position\":2,\"name\":\"seconde grossesse apr\u00e8s pr\u00e9 eclampsie\"}]},{\"@type\":\"WebSite\",\"@id\":\"https:\/\/www.neufmois.fr\/les-confessions\/#website\",\"url\":\"https:\/\/www.neufmois.fr\/les-confessions\/\",\"name\":\"Les confessions\",\"description\":\" Les confessions\",\"potentialAction\":[{\"@type\":\"SearchAction\",\"target\":{\"@type\":\"EntryPoint\",\"urlTemplate\":\"https:\/\/www.neufmois.fr\/les-confessions\/?s={search_term_string}\"},\"query-input\":\"required name=search_term_string\"}],\"inLanguage\":\"fr-FR\"},{\"@type\":\"Person\",\"@id\":\"https:\/\/www.neufmois.fr\/les-confessions\/#\/schema\/person\/893fe127c653ae6741f53a67962f8b5d\",\"name\":\"maman anonyme\",\"image\":{\"@type\":\"ImageObject\",\"inLanguage\":\"fr-FR\",\"@id\":\"https:\/\/www.neufmois.fr\/les-confessions\/#\/schema\/person\/image\/\",\"url\":\"https:\/\/secure.gravatar.com\/avatar\/e4b3abeefeb17983433f333a4c54f394?s=96&d=mm&r=g\",\"contentUrl\":\"https:\/\/secure.gravatar.com\/avatar\/e4b3abeefeb17983433f333a4c54f394?s=96&d=mm&r=g\",\"caption\":\"maman anonyme\"},\"url\":\"https:\/\/www.neufmois.fr\/les-confessions\/author\/anonyme\"}]}<\/script>\n<!-- \/ Yoast SEO plugin. -->","yoast_head_json":{"title":"seconde grossesse apr\u00e8s pr\u00e9 eclampsie - Les confessions","robots":{"index":"index","follow":"follow","max-snippet":"max-snippet:-1","max-image-preview":"max-image-preview:large","max-video-preview":"max-video-preview:-1"},"canonical":"https:\/\/www.neufmois.fr\/les-confessions\/seconde-grossesse-apres-pre-eclampsie","og_locale":"fr_FR","og_type":"article","og_title":"seconde grossesse apr\u00e8s pr\u00e9 eclampsie - Les confessions","og_description":"Bonjour les mamans, je r\u00eave d&rsquo;un second b\u00e9b\u00e9 mais je suis plus qu&rsquo;angoiss\u00e9e \u00e0 l&rsquo;id\u00e9e de retomber enceinte et pourtant j&rsquo;en meurs d&rsquo;envie. Ma premi\u00e8re grossesse s&rsquo; est tr\u00e8s mal pass\u00e9e. Arr\u00eat de celle ci par une c\u00e9sarienne en urgence pour pr\u00e9 \u00e9clampsie avec help syndrome \u00e0 28SA. Ma fille pesait 816g pour 34cm. Beaucoup de peur car sa vie etzit en danger. Aujourd&rsquo;hui alle va avoir 4 ans et se porte \u00e0 merveille! J&rsquo;ai peur que cela recommence m\u00eame si be sais que j&rsquo;aurai un traitement d\u00e8s le d\u00e9but","og_url":"https:\/\/www.neufmois.fr\/les-confessions\/seconde-grossesse-apres-pre-eclampsie","og_site_name":"Les confessions","article_published_time":"2014-07-26T18:58:00+00:00","author":"maman anonyme","twitter_card":"summary_large_image","twitter_misc":{"\u00c9crit par":"maman anonyme","Dur\u00e9e de lecture estim\u00e9e":"1 minute"},"schema":{"@context":"https:\/\/schema.org","@graph":[{"@type":"WebPage","@id":"https:\/\/www.neufmois.fr\/les-confessions\/seconde-grossesse-apres-pre-eclampsie","url":"https:\/\/www.neufmois.fr\/les-confessions\/seconde-grossesse-apres-pre-eclampsie","name":"seconde grossesse apr\u00e8s pr\u00e9 eclampsie - Les confessions","isPartOf":{"@id":"https:\/\/www.neufmois.fr\/les-confessions\/#website"},"datePublished":"2014-07-26T18:58:00+00:00","dateModified":"2014-07-26T18:58:00+00:00","author":{"@id":"https:\/\/www.neufmois.fr\/les-confessions\/#\/schema\/person\/893fe127c653ae6741f53a67962f8b5d"},"breadcrumb":{"@id":"https:\/\/www.neufmois.fr\/les-confessions\/seconde-grossesse-apres-pre-eclampsie#breadcrumb"},"inLanguage":"fr-FR","potentialAction":[{"@type":"ReadAction","target":["https:\/\/www.neufmois.fr\/les-confessions\/seconde-grossesse-apres-pre-eclampsie"]}]},{"@type":"BreadcrumbList","@id":"https:\/\/www.neufmois.fr\/les-confessions\/seconde-grossesse-apres-pre-eclampsie#breadcrumb","itemListElement":[{"@type":"ListItem","position":1,"name":"Accueil","item":"https:\/\/www.neufmois.fr\/les-confessions\/"},{"@type":"ListItem","position":2,"name":"seconde grossesse apr\u00e8s pr\u00e9 eclampsie"}]},{"@type":"WebSite","@id":"https:\/\/www.neufmois.fr\/les-confessions\/#website","url":"https:\/\/www.neufmois.fr\/les-confessions\/","name":"Les confessions","description":" Les confessions","potentialAction":[{"@type":"SearchAction","target":{"@type":"EntryPoint","urlTemplate":"https:\/\/www.neufmois.fr\/les-confessions\/?s={search_term_string}"},"query-input":"required name=search_term_string"}],"inLanguage":"fr-FR"},{"@type":"Person","@id":"https:\/\/www.neufmois.fr\/les-confessions\/#\/schema\/person\/893fe127c653ae6741f53a67962f8b5d","name":"maman anonyme","image":{"@type":"ImageObject","inLanguage":"fr-FR","@id":"https:\/\/www.neufmois.fr\/les-confessions\/#\/schema\/person\/image\/","url":"https:\/\/secure.gravatar.com\/avatar\/e4b3abeefeb17983433f333a4c54f394?s=96&d=mm&r=g","contentUrl":"https:\/\/secure.gravatar.com\/avatar\/e4b3abeefeb17983433f333a4c54f394?s=96&d=mm&r=g","caption":"maman anonyme"},"url":"https:\/\/www.neufmois.fr\/les-confessions\/author\/anonyme"}]}},"amp_enabled":true,"_links":{"self":[{"href":"https:\/\/www.neufmois.fr\/les-confessions\/wp-json\/wp\/v2\/posts\/79"}],"collection":[{"href":"https:\/\/www.neufmois.fr\/les-confessions\/wp-json\/wp\/v2\/posts"}],"about":[{"href":"https:\/\/www.neufmois.fr\/les-confessions\/wp-json\/wp\/v2\/types\/post"}],"author":[{"embeddable":true,"href":"https:\/\/www.neufmois.fr\/les-confessions\/wp-json\/wp\/v2\/users\/461446"}],"replies":[{"embeddable":true,"href":"https:\/\/www.neufmois.fr\/les-confessions\/wp-json\/wp\/v2\/comments?post=79"}],"version-history":[{"count":0,"href":"https:\/\/www.neufmois.fr\/les-confessions\/wp-json\/wp\/v2\/posts\/79\/revisions"}],"wp:attachment":[{"href":"https:\/\/www.neufmois.fr\/les-confessions\/wp-json\/wp\/v2\/media?parent=79"}],"wp:term":[{"taxonomy":"category","embeddable":true,"href":"https:\/\/www.neufmois.fr\/les-confessions\/wp-json\/wp\/v2\/categories?post=79"},{"taxonomy":"post_tag","embeddable":true,"href":"https:\/\/www.neufmois.fr\/les-confessions\/wp-json\/wp\/v2\/tags?post=79"}],"curies":[{"name":"wp","href":"https:\/\/api.w.org\/{rel}","templated":true}]}}