{"id":627,"date":"2017-02-09T09:58:12","date_gmt":"2017-02-09T08:58:12","guid":{"rendered":"https:\/\/www.neufmois.fr\/les-confessions\/?p=627"},"modified":"2017-02-09T09:58:12","modified_gmt":"2017-02-09T08:58:12","slug":"ne-voulais-de-bebe-a-naissance","status":"publish","type":"post","link":"https:\/\/www.neufmois.fr\/les-confessions\/ne-voulais-de-bebe-a-naissance","title":{"rendered":"Je ne voulais pas de mon b\u00e9b\u00e9 \u00e0 sa naissance"},"content":{"rendered":"<p>Ce que je vais dire risque de choquer des gens et je vous demanderais d\u2019\u00eatre indulgentes. Je ne l\u2019ai jamais dis \u00e0 personne mais apr\u00e8s avoir accouch\u00e9 de ma fille, je n\u2019ai pas voulu la regarder et encore moins la toucher. Elle me d\u00e9gouttais. J\u2019ai pensais que \u00e7a allait changer au fur et \u00e0 mesure que je m\u2019habituerai \u00e0 l\u2019id\u00e9e d\u2019\u00eatre maman mais quand je suis rentr\u00e9e \u00e0 la maison, j\u2019ai du me forcer \u00e0 m\u2019occuper d\u2019elle. Et maintenant, 3 ans plus tard, \u00e7a n\u2019a pas chang\u00e9 ! Je pense que je n\u2019ai pas la fibre maternelle. Je me sens plus comme une cousine ou une voisine que comme sa m\u00e8re. Je fais le stricte minimum. Je ne dis pas que je n\u2019aime pas mon enfant mais que je n\u2019arrive pas \u00e0 faire plus. J\u2019aurais aim\u00e9 \u00eatre comme toutes les mamans, aimantes etc mais je me sens mieux quand je suis loin d\u2019elle. J\u2019esp\u00e8re qu\u2019elle ne me d\u00e9testera pas en grandissant.<\/p>\n","protected":false},"excerpt":{"rendered":"<p>Ce que je vais dire risque de choquer des gens et je vous demanderais d\u2019\u00eatre indulgentes. Je ne l\u2019ai jamais dis \u00e0 personne mais apr\u00e8s avoir accouch\u00e9 de ma fille, je n\u2019ai pas voulu la regarder et encore moins la toucher. Elle me d\u00e9gouttais. J\u2019ai pensais que \u00e7a allait changer au fur et \u00e0 mesure que je m\u2019habituerai \u00e0 l\u2019id\u00e9e d\u2019\u00eatre maman mais quand je suis rentr\u00e9e \u00e0 la maison, j\u2019ai du me forcer \u00e0 m\u2019occuper d\u2019elle. Et maintenant, 3 ans plus tard, \u00e7a n\u2019a pas chang\u00e9 ! Je pense<\/p>\n","protected":false},"author":457830,"featured_media":0,"comment_status":"open","ping_status":"closed","sticky":false,"template":"","format":"standard","meta":[],"categories":[1],"tags":[],"yoast_head":"<!-- This site is optimized with the Yoast SEO plugin v20.4 - https:\/\/yoast.com\/wordpress\/plugins\/seo\/ -->\n<title>Je ne voulais pas de mon b\u00e9b\u00e9 \u00e0 sa naissance - Les confessions<\/title>\n<meta name=\"robots\" content=\"index, follow, max-snippet:-1, max-image-preview:large, max-video-preview:-1\" \/>\n<link rel=\"canonical\" href=\"https:\/\/www.neufmois.fr\/les-confessions\/ne-voulais-de-bebe-a-naissance\" \/>\n<meta property=\"og:locale\" content=\"fr_FR\" \/>\n<meta property=\"og:type\" content=\"article\" \/>\n<meta property=\"og:title\" content=\"Je ne voulais pas de mon b\u00e9b\u00e9 \u00e0 sa naissance - Les confessions\" \/>\n<meta property=\"og:description\" content=\"Ce que je vais dire risque de choquer des gens et je vous demanderais d\u2019\u00eatre indulgentes. Je ne l\u2019ai jamais dis \u00e0 personne mais apr\u00e8s avoir accouch\u00e9 de ma fille, je n\u2019ai pas voulu la regarder et encore moins la toucher. Elle me d\u00e9gouttais. J\u2019ai pensais que \u00e7a allait changer au fur et \u00e0 mesure que je m\u2019habituerai \u00e0 l\u2019id\u00e9e d\u2019\u00eatre maman mais quand je suis rentr\u00e9e \u00e0 la maison, j\u2019ai du me forcer \u00e0 m\u2019occuper d\u2019elle. Et maintenant, 3 ans plus tard, \u00e7a n\u2019a pas chang\u00e9 ! Je pense\" \/>\n<meta property=\"og:url\" content=\"https:\/\/www.neufmois.fr\/les-confessions\/ne-voulais-de-bebe-a-naissance\" \/>\n<meta property=\"og:site_name\" content=\"Les confessions\" \/>\n<meta property=\"article:published_time\" content=\"2017-02-09T08:58:12+00:00\" \/>\n<meta name=\"author\" content=\"Ferrere Vanessa\" \/>\n<meta name=\"twitter:card\" content=\"summary_large_image\" \/>\n<meta name=\"twitter:label1\" content=\"\u00c9crit par\" \/>\n\t<meta name=\"twitter:data1\" content=\"Ferrere Vanessa\" \/>\n\t<meta name=\"twitter:label2\" content=\"Dur\u00e9e de lecture estim\u00e9e\" \/>\n\t<meta name=\"twitter:data2\" content=\"1 minute\" \/>\n<script type=\"application\/ld+json\" class=\"yoast-schema-graph\">{\"@context\":\"https:\/\/schema.org\",\"@graph\":[{\"@type\":\"WebPage\",\"@id\":\"https:\/\/www.neufmois.fr\/les-confessions\/ne-voulais-de-bebe-a-naissance\",\"url\":\"https:\/\/www.neufmois.fr\/les-confessions\/ne-voulais-de-bebe-a-naissance\",\"name\":\"Je ne voulais pas de mon b\u00e9b\u00e9 \u00e0 sa naissance - Les confessions\",\"isPartOf\":{\"@id\":\"https:\/\/www.neufmois.fr\/les-confessions\/#website\"},\"datePublished\":\"2017-02-09T08:58:12+00:00\",\"dateModified\":\"2017-02-09T08:58:12+00:00\",\"author\":{\"@id\":\"https:\/\/www.neufmois.fr\/les-confessions\/#\/schema\/person\/b1065dc924606871a59e0dceba35388a\"},\"breadcrumb\":{\"@id\":\"https:\/\/www.neufmois.fr\/les-confessions\/ne-voulais-de-bebe-a-naissance#breadcrumb\"},\"inLanguage\":\"fr-FR\",\"potentialAction\":[{\"@type\":\"ReadAction\",\"target\":[\"https:\/\/www.neufmois.fr\/les-confessions\/ne-voulais-de-bebe-a-naissance\"]}]},{\"@type\":\"BreadcrumbList\",\"@id\":\"https:\/\/www.neufmois.fr\/les-confessions\/ne-voulais-de-bebe-a-naissance#breadcrumb\",\"itemListElement\":[{\"@type\":\"ListItem\",\"position\":1,\"name\":\"Accueil\",\"item\":\"https:\/\/www.neufmois.fr\/les-confessions\/\"},{\"@type\":\"ListItem\",\"position\":2,\"name\":\"Je ne voulais pas de mon b\u00e9b\u00e9 \u00e0 sa naissance\"}]},{\"@type\":\"WebSite\",\"@id\":\"https:\/\/www.neufmois.fr\/les-confessions\/#website\",\"url\":\"https:\/\/www.neufmois.fr\/les-confessions\/\",\"name\":\"Les confessions\",\"description\":\" Les confessions\",\"potentialAction\":[{\"@type\":\"SearchAction\",\"target\":{\"@type\":\"EntryPoint\",\"urlTemplate\":\"https:\/\/www.neufmois.fr\/les-confessions\/?s={search_term_string}\"},\"query-input\":\"required name=search_term_string\"}],\"inLanguage\":\"fr-FR\"},{\"@type\":\"Person\",\"@id\":\"https:\/\/www.neufmois.fr\/les-confessions\/#\/schema\/person\/b1065dc924606871a59e0dceba35388a\",\"name\":\"Ferrere Vanessa\",\"image\":{\"@type\":\"ImageObject\",\"inLanguage\":\"fr-FR\",\"@id\":\"https:\/\/www.neufmois.fr\/les-confessions\/#\/schema\/person\/image\/\",\"url\":\"https:\/\/secure.gravatar.com\/avatar\/ba4c79708a4ea5da87b04759c4c7051a?s=96&d=mm&r=g\",\"contentUrl\":\"https:\/\/secure.gravatar.com\/avatar\/ba4c79708a4ea5da87b04759c4c7051a?s=96&d=mm&r=g\",\"caption\":\"Ferrere Vanessa\"},\"url\":\"https:\/\/www.neufmois.fr\/les-confessions\/author\/vanessa-vf\"}]}<\/script>\n<!-- \/ Yoast SEO plugin. -->","yoast_head_json":{"title":"Je ne voulais pas de mon b\u00e9b\u00e9 \u00e0 sa naissance - Les confessions","robots":{"index":"index","follow":"follow","max-snippet":"max-snippet:-1","max-image-preview":"max-image-preview:large","max-video-preview":"max-video-preview:-1"},"canonical":"https:\/\/www.neufmois.fr\/les-confessions\/ne-voulais-de-bebe-a-naissance","og_locale":"fr_FR","og_type":"article","og_title":"Je ne voulais pas de mon b\u00e9b\u00e9 \u00e0 sa naissance - Les confessions","og_description":"Ce que je vais dire risque de choquer des gens et je vous demanderais d\u2019\u00eatre indulgentes. Je ne l\u2019ai jamais dis \u00e0 personne mais apr\u00e8s avoir accouch\u00e9 de ma fille, je n\u2019ai pas voulu la regarder et encore moins la toucher. Elle me d\u00e9gouttais. J\u2019ai pensais que \u00e7a allait changer au fur et \u00e0 mesure que je m\u2019habituerai \u00e0 l\u2019id\u00e9e d\u2019\u00eatre maman mais quand je suis rentr\u00e9e \u00e0 la maison, j\u2019ai du me forcer \u00e0 m\u2019occuper d\u2019elle. Et maintenant, 3 ans plus tard, \u00e7a n\u2019a pas chang\u00e9 ! Je pense","og_url":"https:\/\/www.neufmois.fr\/les-confessions\/ne-voulais-de-bebe-a-naissance","og_site_name":"Les confessions","article_published_time":"2017-02-09T08:58:12+00:00","author":"Ferrere Vanessa","twitter_card":"summary_large_image","twitter_misc":{"\u00c9crit par":"Ferrere Vanessa","Dur\u00e9e de lecture estim\u00e9e":"1 minute"},"schema":{"@context":"https:\/\/schema.org","@graph":[{"@type":"WebPage","@id":"https:\/\/www.neufmois.fr\/les-confessions\/ne-voulais-de-bebe-a-naissance","url":"https:\/\/www.neufmois.fr\/les-confessions\/ne-voulais-de-bebe-a-naissance","name":"Je ne voulais pas de mon b\u00e9b\u00e9 \u00e0 sa naissance - Les confessions","isPartOf":{"@id":"https:\/\/www.neufmois.fr\/les-confessions\/#website"},"datePublished":"2017-02-09T08:58:12+00:00","dateModified":"2017-02-09T08:58:12+00:00","author":{"@id":"https:\/\/www.neufmois.fr\/les-confessions\/#\/schema\/person\/b1065dc924606871a59e0dceba35388a"},"breadcrumb":{"@id":"https:\/\/www.neufmois.fr\/les-confessions\/ne-voulais-de-bebe-a-naissance#breadcrumb"},"inLanguage":"fr-FR","potentialAction":[{"@type":"ReadAction","target":["https:\/\/www.neufmois.fr\/les-confessions\/ne-voulais-de-bebe-a-naissance"]}]},{"@type":"BreadcrumbList","@id":"https:\/\/www.neufmois.fr\/les-confessions\/ne-voulais-de-bebe-a-naissance#breadcrumb","itemListElement":[{"@type":"ListItem","position":1,"name":"Accueil","item":"https:\/\/www.neufmois.fr\/les-confessions\/"},{"@type":"ListItem","position":2,"name":"Je ne voulais pas de mon b\u00e9b\u00e9 \u00e0 sa naissance"}]},{"@type":"WebSite","@id":"https:\/\/www.neufmois.fr\/les-confessions\/#website","url":"https:\/\/www.neufmois.fr\/les-confessions\/","name":"Les confessions","description":" Les confessions","potentialAction":[{"@type":"SearchAction","target":{"@type":"EntryPoint","urlTemplate":"https:\/\/www.neufmois.fr\/les-confessions\/?s={search_term_string}"},"query-input":"required name=search_term_string"}],"inLanguage":"fr-FR"},{"@type":"Person","@id":"https:\/\/www.neufmois.fr\/les-confessions\/#\/schema\/person\/b1065dc924606871a59e0dceba35388a","name":"Ferrere Vanessa","image":{"@type":"ImageObject","inLanguage":"fr-FR","@id":"https:\/\/www.neufmois.fr\/les-confessions\/#\/schema\/person\/image\/","url":"https:\/\/secure.gravatar.com\/avatar\/ba4c79708a4ea5da87b04759c4c7051a?s=96&d=mm&r=g","contentUrl":"https:\/\/secure.gravatar.com\/avatar\/ba4c79708a4ea5da87b04759c4c7051a?s=96&d=mm&r=g","caption":"Ferrere Vanessa"},"url":"https:\/\/www.neufmois.fr\/les-confessions\/author\/vanessa-vf"}]}},"amp_enabled":true,"_links":{"self":[{"href":"https:\/\/www.neufmois.fr\/les-confessions\/wp-json\/wp\/v2\/posts\/627"}],"collection":[{"href":"https:\/\/www.neufmois.fr\/les-confessions\/wp-json\/wp\/v2\/posts"}],"about":[{"href":"https:\/\/www.neufmois.fr\/les-confessions\/wp-json\/wp\/v2\/types\/post"}],"author":[{"embeddable":true,"href":"https:\/\/www.neufmois.fr\/les-confessions\/wp-json\/wp\/v2\/users\/457830"}],"replies":[{"embeddable":true,"href":"https:\/\/www.neufmois.fr\/les-confessions\/wp-json\/wp\/v2\/comments?post=627"}],"version-history":[{"count":0,"href":"https:\/\/www.neufmois.fr\/les-confessions\/wp-json\/wp\/v2\/posts\/627\/revisions"}],"wp:attachment":[{"href":"https:\/\/www.neufmois.fr\/les-confessions\/wp-json\/wp\/v2\/media?parent=627"}],"wp:term":[{"taxonomy":"category","embeddable":true,"href":"https:\/\/www.neufmois.fr\/les-confessions\/wp-json\/wp\/v2\/categories?post=627"},{"taxonomy":"post_tag","embeddable":true,"href":"https:\/\/www.neufmois.fr\/les-confessions\/wp-json\/wp\/v2\/tags?post=627"}],"curies":[{"name":"wp","href":"https:\/\/api.w.org\/{rel}","templated":true}]}}