{"id":608,"date":"2009-06-05T10:26:00","date_gmt":"2009-06-05T10:26:00","guid":{"rendered":"https:\/\/www.neufmois.fr\/les-confessions\/?p=608"},"modified":"2009-06-05T10:26:00","modified_gmt":"2009-06-05T10:26:00","slug":"pere-du-fille-de-son-frere","status":"publish","type":"post","link":"https:\/\/www.neufmois.fr\/les-confessions\/pere-du-fille-de-son-frere","title":{"rendered":"P\u00e8re du fille de son fr\u00e8re"},"content":{"rendered":"<p>Je suis mari\u00e9e \u00e0 un homme formidable depuis quatre ans. Il est mon premier et mon unique amour. Il m&rsquo;a montr\u00e9 le v\u00e9ritable sens du verbe aimer. Je suis une femme combl\u00e9e mais je vis dans la peur depuis deux ans.<br \/>\nLa peur que mon mari ne d\u00e9couvre un jour ma trahison. La peur qu&rsquo;il n&rsquo;apprenne que notre petite fille qu&rsquo;il aime si fort n&rsquo;est pas le sien mais est l&rsquo;enfant de son fr\u00e8re qui par ailleurs, est p\u00e8re de deux enfants&#8230;<br \/>\nJe n&rsquo;imagine pas le d\u00e9sespoir que tout cela lui causera. Comment lui expliquer mon acte ? Lui<br \/>\ndire que s&rsquo;est arriv\u00e9 par curiosit\u00e9 et par b\u00eatise ?<br \/>\nJe n&rsquo;arrive plus \u00e0 garder ce lourd secret.<br \/>\nC&rsquo;est la premi\u00e8re fois de ma vie que j&rsquo;ose me confier. J&rsquo;esp\u00e8re que vous me comprendrez vous qui \u00eates femmes et m\u00e8res comme moi. Je ne suis pas pr\u00eate \u00e0 raconter ce que j&rsquo;ai fait<br \/>\n\u00e0 visage d\u00e9couvert. Je suis heureuse d&rsquo;\u00eatre tomb\u00e9e sur un site qui me permet de me confier en tout anonymat.<br \/>\nCertains secrets peuvent \u00eatre si lourds \u00e0 porter&#8230;<br \/>\nJe ne suis pas suffisamment forte, du moins pour l&rsquo;instant, pour braver le jugement des autres, encore moins<br \/>\ncelui de mon mari. Je sais au fond de moi que je lui dois la v\u00e9rit\u00e9 mais je ne veux pas le briser&#8230;<br \/>\nComment ne plus lui mentir ? Aidez-moi s&rsquo;il-vous-pla\u00eet&#8230;<\/p>\n","protected":false},"excerpt":{"rendered":"<p>Je suis mari\u00e9e \u00e0 un homme formidable depuis quatre ans. Il est mon premier et mon unique amour. Il m&rsquo;a montr\u00e9 le v\u00e9ritable sens du verbe aimer. Je suis une femme combl\u00e9e mais je vis dans la peur depuis deux ans. La peur que mon mari ne d\u00e9couvre un jour ma trahison. La peur qu&rsquo;il n&rsquo;apprenne que notre petite fille qu&rsquo;il aime si fort n&rsquo;est pas le sien mais est l&rsquo;enfant de son fr\u00e8re qui par ailleurs, est p\u00e8re de deux enfants&#8230; Je n&rsquo;imagine pas le d\u00e9sespoir que tout cela<\/p>\n","protected":false},"author":461446,"featured_media":0,"comment_status":"open","ping_status":"open","sticky":false,"template":"","format":"standard","meta":[],"categories":[1],"tags":[],"yoast_head":"<!-- This site is optimized with the Yoast SEO plugin v20.4 - https:\/\/yoast.com\/wordpress\/plugins\/seo\/ -->\n<title>P\u00e8re du fille de son fr\u00e8re - Les confessions<\/title>\n<meta name=\"robots\" content=\"index, follow, max-snippet:-1, max-image-preview:large, max-video-preview:-1\" \/>\n<link rel=\"canonical\" href=\"https:\/\/www.neufmois.fr\/les-confessions\/pere-du-fille-de-son-frere\" \/>\n<meta property=\"og:locale\" content=\"fr_FR\" \/>\n<meta property=\"og:type\" content=\"article\" \/>\n<meta property=\"og:title\" content=\"P\u00e8re du fille de son fr\u00e8re - Les confessions\" \/>\n<meta property=\"og:description\" content=\"Je suis mari\u00e9e \u00e0 un homme formidable depuis quatre ans. Il est mon premier et mon unique amour. Il m&rsquo;a montr\u00e9 le v\u00e9ritable sens du verbe aimer. Je suis une femme combl\u00e9e mais je vis dans la peur depuis deux ans. La peur que mon mari ne d\u00e9couvre un jour ma trahison. La peur qu&rsquo;il n&rsquo;apprenne que notre petite fille qu&rsquo;il aime si fort n&rsquo;est pas le sien mais est l&rsquo;enfant de son fr\u00e8re qui par ailleurs, est p\u00e8re de deux enfants&#8230; Je n&rsquo;imagine pas le d\u00e9sespoir que tout cela\" \/>\n<meta property=\"og:url\" content=\"https:\/\/www.neufmois.fr\/les-confessions\/pere-du-fille-de-son-frere\" \/>\n<meta property=\"og:site_name\" content=\"Les confessions\" \/>\n<meta property=\"article:published_time\" content=\"2009-06-05T10:26:00+00:00\" \/>\n<meta name=\"author\" content=\"maman anonyme\" \/>\n<meta name=\"twitter:card\" content=\"summary_large_image\" \/>\n<meta name=\"twitter:label1\" content=\"\u00c9crit par\" \/>\n\t<meta name=\"twitter:data1\" content=\"maman anonyme\" \/>\n\t<meta name=\"twitter:label2\" content=\"Dur\u00e9e de lecture estim\u00e9e\" \/>\n\t<meta name=\"twitter:data2\" content=\"1 minute\" \/>\n<script type=\"application\/ld+json\" class=\"yoast-schema-graph\">{\"@context\":\"https:\/\/schema.org\",\"@graph\":[{\"@type\":\"WebPage\",\"@id\":\"https:\/\/www.neufmois.fr\/les-confessions\/pere-du-fille-de-son-frere\",\"url\":\"https:\/\/www.neufmois.fr\/les-confessions\/pere-du-fille-de-son-frere\",\"name\":\"P\u00e8re du fille de son fr\u00e8re - Les confessions\",\"isPartOf\":{\"@id\":\"https:\/\/www.neufmois.fr\/les-confessions\/#website\"},\"datePublished\":\"2009-06-05T10:26:00+00:00\",\"dateModified\":\"2009-06-05T10:26:00+00:00\",\"author\":{\"@id\":\"https:\/\/www.neufmois.fr\/les-confessions\/#\/schema\/person\/893fe127c653ae6741f53a67962f8b5d\"},\"breadcrumb\":{\"@id\":\"https:\/\/www.neufmois.fr\/les-confessions\/pere-du-fille-de-son-frere#breadcrumb\"},\"inLanguage\":\"fr-FR\",\"potentialAction\":[{\"@type\":\"ReadAction\",\"target\":[\"https:\/\/www.neufmois.fr\/les-confessions\/pere-du-fille-de-son-frere\"]}]},{\"@type\":\"BreadcrumbList\",\"@id\":\"https:\/\/www.neufmois.fr\/les-confessions\/pere-du-fille-de-son-frere#breadcrumb\",\"itemListElement\":[{\"@type\":\"ListItem\",\"position\":1,\"name\":\"Accueil\",\"item\":\"https:\/\/www.neufmois.fr\/les-confessions\/\"},{\"@type\":\"ListItem\",\"position\":2,\"name\":\"P\u00e8re du fille de son fr\u00e8re\"}]},{\"@type\":\"WebSite\",\"@id\":\"https:\/\/www.neufmois.fr\/les-confessions\/#website\",\"url\":\"https:\/\/www.neufmois.fr\/les-confessions\/\",\"name\":\"Les confessions\",\"description\":\" Les confessions\",\"potentialAction\":[{\"@type\":\"SearchAction\",\"target\":{\"@type\":\"EntryPoint\",\"urlTemplate\":\"https:\/\/www.neufmois.fr\/les-confessions\/?s={search_term_string}\"},\"query-input\":\"required name=search_term_string\"}],\"inLanguage\":\"fr-FR\"},{\"@type\":\"Person\",\"@id\":\"https:\/\/www.neufmois.fr\/les-confessions\/#\/schema\/person\/893fe127c653ae6741f53a67962f8b5d\",\"name\":\"maman anonyme\",\"image\":{\"@type\":\"ImageObject\",\"inLanguage\":\"fr-FR\",\"@id\":\"https:\/\/www.neufmois.fr\/les-confessions\/#\/schema\/person\/image\/\",\"url\":\"https:\/\/secure.gravatar.com\/avatar\/e4b3abeefeb17983433f333a4c54f394?s=96&d=mm&r=g\",\"contentUrl\":\"https:\/\/secure.gravatar.com\/avatar\/e4b3abeefeb17983433f333a4c54f394?s=96&d=mm&r=g\",\"caption\":\"maman anonyme\"},\"url\":\"https:\/\/www.neufmois.fr\/les-confessions\/author\/anonyme\"}]}<\/script>\n<!-- \/ Yoast SEO plugin. -->","yoast_head_json":{"title":"P\u00e8re du fille de son fr\u00e8re - Les confessions","robots":{"index":"index","follow":"follow","max-snippet":"max-snippet:-1","max-image-preview":"max-image-preview:large","max-video-preview":"max-video-preview:-1"},"canonical":"https:\/\/www.neufmois.fr\/les-confessions\/pere-du-fille-de-son-frere","og_locale":"fr_FR","og_type":"article","og_title":"P\u00e8re du fille de son fr\u00e8re - Les confessions","og_description":"Je suis mari\u00e9e \u00e0 un homme formidable depuis quatre ans. Il est mon premier et mon unique amour. Il m&rsquo;a montr\u00e9 le v\u00e9ritable sens du verbe aimer. Je suis une femme combl\u00e9e mais je vis dans la peur depuis deux ans. La peur que mon mari ne d\u00e9couvre un jour ma trahison. La peur qu&rsquo;il n&rsquo;apprenne que notre petite fille qu&rsquo;il aime si fort n&rsquo;est pas le sien mais est l&rsquo;enfant de son fr\u00e8re qui par ailleurs, est p\u00e8re de deux enfants&#8230; Je n&rsquo;imagine pas le d\u00e9sespoir que tout cela","og_url":"https:\/\/www.neufmois.fr\/les-confessions\/pere-du-fille-de-son-frere","og_site_name":"Les confessions","article_published_time":"2009-06-05T10:26:00+00:00","author":"maman anonyme","twitter_card":"summary_large_image","twitter_misc":{"\u00c9crit par":"maman anonyme","Dur\u00e9e de lecture estim\u00e9e":"1 minute"},"schema":{"@context":"https:\/\/schema.org","@graph":[{"@type":"WebPage","@id":"https:\/\/www.neufmois.fr\/les-confessions\/pere-du-fille-de-son-frere","url":"https:\/\/www.neufmois.fr\/les-confessions\/pere-du-fille-de-son-frere","name":"P\u00e8re du fille de son fr\u00e8re - Les confessions","isPartOf":{"@id":"https:\/\/www.neufmois.fr\/les-confessions\/#website"},"datePublished":"2009-06-05T10:26:00+00:00","dateModified":"2009-06-05T10:26:00+00:00","author":{"@id":"https:\/\/www.neufmois.fr\/les-confessions\/#\/schema\/person\/893fe127c653ae6741f53a67962f8b5d"},"breadcrumb":{"@id":"https:\/\/www.neufmois.fr\/les-confessions\/pere-du-fille-de-son-frere#breadcrumb"},"inLanguage":"fr-FR","potentialAction":[{"@type":"ReadAction","target":["https:\/\/www.neufmois.fr\/les-confessions\/pere-du-fille-de-son-frere"]}]},{"@type":"BreadcrumbList","@id":"https:\/\/www.neufmois.fr\/les-confessions\/pere-du-fille-de-son-frere#breadcrumb","itemListElement":[{"@type":"ListItem","position":1,"name":"Accueil","item":"https:\/\/www.neufmois.fr\/les-confessions\/"},{"@type":"ListItem","position":2,"name":"P\u00e8re du fille de son fr\u00e8re"}]},{"@type":"WebSite","@id":"https:\/\/www.neufmois.fr\/les-confessions\/#website","url":"https:\/\/www.neufmois.fr\/les-confessions\/","name":"Les confessions","description":" Les confessions","potentialAction":[{"@type":"SearchAction","target":{"@type":"EntryPoint","urlTemplate":"https:\/\/www.neufmois.fr\/les-confessions\/?s={search_term_string}"},"query-input":"required name=search_term_string"}],"inLanguage":"fr-FR"},{"@type":"Person","@id":"https:\/\/www.neufmois.fr\/les-confessions\/#\/schema\/person\/893fe127c653ae6741f53a67962f8b5d","name":"maman anonyme","image":{"@type":"ImageObject","inLanguage":"fr-FR","@id":"https:\/\/www.neufmois.fr\/les-confessions\/#\/schema\/person\/image\/","url":"https:\/\/secure.gravatar.com\/avatar\/e4b3abeefeb17983433f333a4c54f394?s=96&d=mm&r=g","contentUrl":"https:\/\/secure.gravatar.com\/avatar\/e4b3abeefeb17983433f333a4c54f394?s=96&d=mm&r=g","caption":"maman anonyme"},"url":"https:\/\/www.neufmois.fr\/les-confessions\/author\/anonyme"}]}},"amp_enabled":true,"_links":{"self":[{"href":"https:\/\/www.neufmois.fr\/les-confessions\/wp-json\/wp\/v2\/posts\/608"}],"collection":[{"href":"https:\/\/www.neufmois.fr\/les-confessions\/wp-json\/wp\/v2\/posts"}],"about":[{"href":"https:\/\/www.neufmois.fr\/les-confessions\/wp-json\/wp\/v2\/types\/post"}],"author":[{"embeddable":true,"href":"https:\/\/www.neufmois.fr\/les-confessions\/wp-json\/wp\/v2\/users\/461446"}],"replies":[{"embeddable":true,"href":"https:\/\/www.neufmois.fr\/les-confessions\/wp-json\/wp\/v2\/comments?post=608"}],"version-history":[{"count":0,"href":"https:\/\/www.neufmois.fr\/les-confessions\/wp-json\/wp\/v2\/posts\/608\/revisions"}],"wp:attachment":[{"href":"https:\/\/www.neufmois.fr\/les-confessions\/wp-json\/wp\/v2\/media?parent=608"}],"wp:term":[{"taxonomy":"category","embeddable":true,"href":"https:\/\/www.neufmois.fr\/les-confessions\/wp-json\/wp\/v2\/categories?post=608"},{"taxonomy":"post_tag","embeddable":true,"href":"https:\/\/www.neufmois.fr\/les-confessions\/wp-json\/wp\/v2\/tags?post=608"}],"curies":[{"name":"wp","href":"https:\/\/api.w.org\/{rel}","templated":true}]}}