{"id":607,"date":"2009-06-05T10:46:00","date_gmt":"2009-06-05T10:46:00","guid":{"rendered":"https:\/\/www.neufmois.fr\/les-confessions\/?p=607"},"modified":"2009-06-05T10:46:00","modified_gmt":"2009-06-05T10:46:00","slug":"nee-sous-x-jai-su-la-pardonner","status":"publish","type":"post","link":"https:\/\/www.neufmois.fr\/les-confessions\/nee-sous-x-jai-su-la-pardonner","title":{"rendered":"N\u00e9e sous X, j&rsquo;ai su la pardonner.."},"content":{"rendered":"<p>Super cette nouvelle rubrique. Bein, voil\u00e0 j&rsquo;ai 33 ans et je suis n\u00e9e sous X. Je suis l&rsquo;heureuse maman d&rsquo;une petite fille. J&rsquo;ai grandi dans une famille adoptive aimante et mes parents ne m&rsquo;ont jamais cach\u00e9 la v\u00e9rit\u00e9. Deux ans de cela, je suis partie \u00e0 la recherche de mes parents biologiques. Je suis de celles qui croient qu&rsquo;on ne peut v\u00e9ritablement avancer dans la vie que si l&rsquo;on sait d&rsquo;o\u00f9 on vient.<br \/>\nJ&rsquo;ai retrouv\u00e9 ma m\u00e8re biologique. \u00e7a n&rsquo;avait pas \u00e9t\u00e9 trop dur<br \/>\npuisqu&rsquo;elle avait laiss\u00e9 un nom dans l&rsquo;\u00e9ventualit\u00e9 qu&rsquo;un jour&#8230; Elle a accept\u00e9 de me rencontrer. J&rsquo;ai pass\u00e9 et repass\u00e9 le film de nos retrouvailles dans ma t\u00eate des milliers de<br \/>\nfois, ne sachant pas si je devais la serrer dans mes bras,<br \/>\nsi je devais l&rsquo;appeler maman ou m\u00eame si je devais laisser libre cours \u00e0 ma col\u00e8re. Je me demandais comment on peut abandonner son enfant ? Mais \u00e9trangement, la m\u00e8re que je suis n&rsquo;a plus de haine. La naissance de ma fille a \u00e9trangement fait na\u00eetre des sentiments de compassion en moi&#8230;<br \/>\nQuand je l&rsquo;ai vu, cette femme de 48 ans m&rsquo;a regard\u00e9 droit dans les yeux et elle s&rsquo;est mise \u00e0 me faire de grands sourires. Je ne savais pas comment r\u00e9agir au d\u00e9part. Elle m&rsquo;a tout simplement prise dans ses bras et m&rsquo;a murmur\u00e9 \u00e0 l&rsquo;oreille<br \/>\nqu&rsquo;elle attendait ce moment depuis une \u00e9ternit\u00e9&#8230; Elle m&rsquo;a demand\u00e9 pardon et confi\u00e9 que rien au monde ne pouvait justifier son geste. On a fondu&#8230;<br \/>\nElle n&rsquo;avait que 15 ans lorsque je suis n\u00e9e. A l&rsquo;\u00e9poque, elle pensait que c&rsquo;\u00e9tait mieux de me confier \u00e0 d&rsquo;autres gens qui sauraient prendre soin de moi. Par peur de ma r\u00e9action, elle n&rsquo;avait jamais os\u00e9 venir \u00e0 ma recherche m\u00eame si toutes ces ann\u00e9es son mari l&rsquo;a encourag\u00e9. Ils n&rsquo;ont pas d&rsquo;autres enfants.<br \/>\nMa m\u00e8re est d\u00e9c\u00e9d\u00e9e d&rsquo;un cancer le 7 mars dernier. Il est vrai que j&rsquo;aurais voulu plus la conna\u00eetre. J&rsquo;ai encore plein de questions mais une chose est s\u00fbre : je ne regrette pas d&rsquo;avoir fait le premier pas. Je ne regrette pas de lui avoir dit : \u00ab\u00a0Je t&rsquo;aime maman\u00a0\u00bb. Je suis une maman et une enfant combl\u00e9e&#8230;<\/p>\n","protected":false},"excerpt":{"rendered":"<p>Super cette nouvelle rubrique. Bein, voil\u00e0 j&rsquo;ai 33 ans et je suis n\u00e9e sous X. Je suis l&rsquo;heureuse maman d&rsquo;une petite fille. J&rsquo;ai grandi dans une famille adoptive aimante et mes parents ne m&rsquo;ont jamais cach\u00e9 la v\u00e9rit\u00e9. Deux ans de cela, je suis partie \u00e0 la recherche de mes parents biologiques. Je suis de celles qui croient qu&rsquo;on ne peut v\u00e9ritablement avancer dans la vie que si l&rsquo;on sait d&rsquo;o\u00f9 on vient. J&rsquo;ai retrouv\u00e9 ma m\u00e8re biologique. \u00e7a n&rsquo;avait pas \u00e9t\u00e9 trop dur puisqu&rsquo;elle avait laiss\u00e9 un nom dans<\/p>\n","protected":false},"author":461446,"featured_media":0,"comment_status":"open","ping_status":"open","sticky":false,"template":"","format":"standard","meta":[],"categories":[1],"tags":[],"yoast_head":"<!-- This site is optimized with the Yoast SEO plugin v20.4 - https:\/\/yoast.com\/wordpress\/plugins\/seo\/ -->\n<title>N\u00e9e sous X, j&#039;ai su la pardonner.. - Les confessions<\/title>\n<meta name=\"robots\" content=\"index, follow, max-snippet:-1, max-image-preview:large, max-video-preview:-1\" \/>\n<link rel=\"canonical\" href=\"https:\/\/www.neufmois.fr\/les-confessions\/nee-sous-x-jai-su-la-pardonner\" \/>\n<meta property=\"og:locale\" content=\"fr_FR\" \/>\n<meta property=\"og:type\" content=\"article\" \/>\n<meta property=\"og:title\" content=\"N\u00e9e sous X, j&#039;ai su la pardonner.. - Les confessions\" \/>\n<meta property=\"og:description\" content=\"Super cette nouvelle rubrique. Bein, voil\u00e0 j&rsquo;ai 33 ans et je suis n\u00e9e sous X. Je suis l&rsquo;heureuse maman d&rsquo;une petite fille. J&rsquo;ai grandi dans une famille adoptive aimante et mes parents ne m&rsquo;ont jamais cach\u00e9 la v\u00e9rit\u00e9. Deux ans de cela, je suis partie \u00e0 la recherche de mes parents biologiques. Je suis de celles qui croient qu&rsquo;on ne peut v\u00e9ritablement avancer dans la vie que si l&rsquo;on sait d&rsquo;o\u00f9 on vient. J&rsquo;ai retrouv\u00e9 ma m\u00e8re biologique. \u00e7a n&rsquo;avait pas \u00e9t\u00e9 trop dur puisqu&rsquo;elle avait laiss\u00e9 un nom dans\" \/>\n<meta property=\"og:url\" content=\"https:\/\/www.neufmois.fr\/les-confessions\/nee-sous-x-jai-su-la-pardonner\" \/>\n<meta property=\"og:site_name\" content=\"Les confessions\" \/>\n<meta property=\"article:published_time\" content=\"2009-06-05T10:46:00+00:00\" \/>\n<meta name=\"author\" content=\"maman anonyme\" \/>\n<meta name=\"twitter:card\" content=\"summary_large_image\" \/>\n<meta name=\"twitter:label1\" content=\"\u00c9crit par\" \/>\n\t<meta name=\"twitter:data1\" content=\"maman anonyme\" \/>\n\t<meta name=\"twitter:label2\" content=\"Dur\u00e9e de lecture estim\u00e9e\" \/>\n\t<meta name=\"twitter:data2\" content=\"2 minutes\" \/>\n<script type=\"application\/ld+json\" class=\"yoast-schema-graph\">{\"@context\":\"https:\/\/schema.org\",\"@graph\":[{\"@type\":\"WebPage\",\"@id\":\"https:\/\/www.neufmois.fr\/les-confessions\/nee-sous-x-jai-su-la-pardonner\",\"url\":\"https:\/\/www.neufmois.fr\/les-confessions\/nee-sous-x-jai-su-la-pardonner\",\"name\":\"N\u00e9e sous X, j'ai su la pardonner.. - Les confessions\",\"isPartOf\":{\"@id\":\"https:\/\/www.neufmois.fr\/les-confessions\/#website\"},\"datePublished\":\"2009-06-05T10:46:00+00:00\",\"dateModified\":\"2009-06-05T10:46:00+00:00\",\"author\":{\"@id\":\"https:\/\/www.neufmois.fr\/les-confessions\/#\/schema\/person\/893fe127c653ae6741f53a67962f8b5d\"},\"breadcrumb\":{\"@id\":\"https:\/\/www.neufmois.fr\/les-confessions\/nee-sous-x-jai-su-la-pardonner#breadcrumb\"},\"inLanguage\":\"fr-FR\",\"potentialAction\":[{\"@type\":\"ReadAction\",\"target\":[\"https:\/\/www.neufmois.fr\/les-confessions\/nee-sous-x-jai-su-la-pardonner\"]}]},{\"@type\":\"BreadcrumbList\",\"@id\":\"https:\/\/www.neufmois.fr\/les-confessions\/nee-sous-x-jai-su-la-pardonner#breadcrumb\",\"itemListElement\":[{\"@type\":\"ListItem\",\"position\":1,\"name\":\"Accueil\",\"item\":\"https:\/\/www.neufmois.fr\/les-confessions\/\"},{\"@type\":\"ListItem\",\"position\":2,\"name\":\"N\u00e9e sous X, j&rsquo;ai su la pardonner..\"}]},{\"@type\":\"WebSite\",\"@id\":\"https:\/\/www.neufmois.fr\/les-confessions\/#website\",\"url\":\"https:\/\/www.neufmois.fr\/les-confessions\/\",\"name\":\"Les confessions\",\"description\":\" Les confessions\",\"potentialAction\":[{\"@type\":\"SearchAction\",\"target\":{\"@type\":\"EntryPoint\",\"urlTemplate\":\"https:\/\/www.neufmois.fr\/les-confessions\/?s={search_term_string}\"},\"query-input\":\"required name=search_term_string\"}],\"inLanguage\":\"fr-FR\"},{\"@type\":\"Person\",\"@id\":\"https:\/\/www.neufmois.fr\/les-confessions\/#\/schema\/person\/893fe127c653ae6741f53a67962f8b5d\",\"name\":\"maman anonyme\",\"image\":{\"@type\":\"ImageObject\",\"inLanguage\":\"fr-FR\",\"@id\":\"https:\/\/www.neufmois.fr\/les-confessions\/#\/schema\/person\/image\/\",\"url\":\"https:\/\/secure.gravatar.com\/avatar\/e4b3abeefeb17983433f333a4c54f394?s=96&d=mm&r=g\",\"contentUrl\":\"https:\/\/secure.gravatar.com\/avatar\/e4b3abeefeb17983433f333a4c54f394?s=96&d=mm&r=g\",\"caption\":\"maman anonyme\"},\"url\":\"https:\/\/www.neufmois.fr\/les-confessions\/author\/anonyme\"}]}<\/script>\n<!-- \/ Yoast SEO plugin. -->","yoast_head_json":{"title":"N\u00e9e sous X, j'ai su la pardonner.. - Les confessions","robots":{"index":"index","follow":"follow","max-snippet":"max-snippet:-1","max-image-preview":"max-image-preview:large","max-video-preview":"max-video-preview:-1"},"canonical":"https:\/\/www.neufmois.fr\/les-confessions\/nee-sous-x-jai-su-la-pardonner","og_locale":"fr_FR","og_type":"article","og_title":"N\u00e9e sous X, j'ai su la pardonner.. - Les confessions","og_description":"Super cette nouvelle rubrique. Bein, voil\u00e0 j&rsquo;ai 33 ans et je suis n\u00e9e sous X. Je suis l&rsquo;heureuse maman d&rsquo;une petite fille. J&rsquo;ai grandi dans une famille adoptive aimante et mes parents ne m&rsquo;ont jamais cach\u00e9 la v\u00e9rit\u00e9. Deux ans de cela, je suis partie \u00e0 la recherche de mes parents biologiques. Je suis de celles qui croient qu&rsquo;on ne peut v\u00e9ritablement avancer dans la vie que si l&rsquo;on sait d&rsquo;o\u00f9 on vient. J&rsquo;ai retrouv\u00e9 ma m\u00e8re biologique. \u00e7a n&rsquo;avait pas \u00e9t\u00e9 trop dur puisqu&rsquo;elle avait laiss\u00e9 un nom dans","og_url":"https:\/\/www.neufmois.fr\/les-confessions\/nee-sous-x-jai-su-la-pardonner","og_site_name":"Les confessions","article_published_time":"2009-06-05T10:46:00+00:00","author":"maman anonyme","twitter_card":"summary_large_image","twitter_misc":{"\u00c9crit par":"maman anonyme","Dur\u00e9e de lecture estim\u00e9e":"2 minutes"},"schema":{"@context":"https:\/\/schema.org","@graph":[{"@type":"WebPage","@id":"https:\/\/www.neufmois.fr\/les-confessions\/nee-sous-x-jai-su-la-pardonner","url":"https:\/\/www.neufmois.fr\/les-confessions\/nee-sous-x-jai-su-la-pardonner","name":"N\u00e9e sous X, j'ai su la pardonner.. - Les confessions","isPartOf":{"@id":"https:\/\/www.neufmois.fr\/les-confessions\/#website"},"datePublished":"2009-06-05T10:46:00+00:00","dateModified":"2009-06-05T10:46:00+00:00","author":{"@id":"https:\/\/www.neufmois.fr\/les-confessions\/#\/schema\/person\/893fe127c653ae6741f53a67962f8b5d"},"breadcrumb":{"@id":"https:\/\/www.neufmois.fr\/les-confessions\/nee-sous-x-jai-su-la-pardonner#breadcrumb"},"inLanguage":"fr-FR","potentialAction":[{"@type":"ReadAction","target":["https:\/\/www.neufmois.fr\/les-confessions\/nee-sous-x-jai-su-la-pardonner"]}]},{"@type":"BreadcrumbList","@id":"https:\/\/www.neufmois.fr\/les-confessions\/nee-sous-x-jai-su-la-pardonner#breadcrumb","itemListElement":[{"@type":"ListItem","position":1,"name":"Accueil","item":"https:\/\/www.neufmois.fr\/les-confessions\/"},{"@type":"ListItem","position":2,"name":"N\u00e9e sous X, j&rsquo;ai su la pardonner.."}]},{"@type":"WebSite","@id":"https:\/\/www.neufmois.fr\/les-confessions\/#website","url":"https:\/\/www.neufmois.fr\/les-confessions\/","name":"Les confessions","description":" Les confessions","potentialAction":[{"@type":"SearchAction","target":{"@type":"EntryPoint","urlTemplate":"https:\/\/www.neufmois.fr\/les-confessions\/?s={search_term_string}"},"query-input":"required name=search_term_string"}],"inLanguage":"fr-FR"},{"@type":"Person","@id":"https:\/\/www.neufmois.fr\/les-confessions\/#\/schema\/person\/893fe127c653ae6741f53a67962f8b5d","name":"maman anonyme","image":{"@type":"ImageObject","inLanguage":"fr-FR","@id":"https:\/\/www.neufmois.fr\/les-confessions\/#\/schema\/person\/image\/","url":"https:\/\/secure.gravatar.com\/avatar\/e4b3abeefeb17983433f333a4c54f394?s=96&d=mm&r=g","contentUrl":"https:\/\/secure.gravatar.com\/avatar\/e4b3abeefeb17983433f333a4c54f394?s=96&d=mm&r=g","caption":"maman anonyme"},"url":"https:\/\/www.neufmois.fr\/les-confessions\/author\/anonyme"}]}},"amp_enabled":true,"_links":{"self":[{"href":"https:\/\/www.neufmois.fr\/les-confessions\/wp-json\/wp\/v2\/posts\/607"}],"collection":[{"href":"https:\/\/www.neufmois.fr\/les-confessions\/wp-json\/wp\/v2\/posts"}],"about":[{"href":"https:\/\/www.neufmois.fr\/les-confessions\/wp-json\/wp\/v2\/types\/post"}],"author":[{"embeddable":true,"href":"https:\/\/www.neufmois.fr\/les-confessions\/wp-json\/wp\/v2\/users\/461446"}],"replies":[{"embeddable":true,"href":"https:\/\/www.neufmois.fr\/les-confessions\/wp-json\/wp\/v2\/comments?post=607"}],"version-history":[{"count":0,"href":"https:\/\/www.neufmois.fr\/les-confessions\/wp-json\/wp\/v2\/posts\/607\/revisions"}],"wp:attachment":[{"href":"https:\/\/www.neufmois.fr\/les-confessions\/wp-json\/wp\/v2\/media?parent=607"}],"wp:term":[{"taxonomy":"category","embeddable":true,"href":"https:\/\/www.neufmois.fr\/les-confessions\/wp-json\/wp\/v2\/categories?post=607"},{"taxonomy":"post_tag","embeddable":true,"href":"https:\/\/www.neufmois.fr\/les-confessions\/wp-json\/wp\/v2\/tags?post=607"}],"curies":[{"name":"wp","href":"https:\/\/api.w.org\/{rel}","templated":true}]}}