{"id":605,"date":"2009-06-06T15:10:00","date_gmt":"2009-06-06T15:10:00","guid":{"rendered":"https:\/\/www.neufmois.fr\/les-confessions\/?p=605"},"modified":"2009-06-06T15:10:00","modified_gmt":"2009-06-06T15:10:00","slug":"anorexie-boulimie","status":"publish","type":"post","link":"https:\/\/www.neufmois.fr\/les-confessions\/anorexie-boulimie","title":{"rendered":"anorexie\/boulimie"},"content":{"rendered":"<p>salut \u00e0 toutes , depuis pr\u00e8s de 13 ans je suis boulimique avec des phases d&rsquo;anorexie. Il y a 4 ans, j&rsquo;ai demand\u00e9 \u00e0 \u00eatre hospitalis\u00e9e pour faire un check up complet ( radios, \u00e9cho, prise de sang, electrocardiograme, fibroscopie, colioscopie ) et miracle je n&rsquo;ai rien , absolument rien , je suis en pleine forme ! j&rsquo;ai essay\u00e9 de m&rsquo;en sortir plusieurs fois mais c&rsquo;est tr\u00e8s dur. est ce que l&rsquo;une de vous vit la m\u00eame chose?<\/p>\n","protected":false},"excerpt":{"rendered":"<p>salut \u00e0 toutes , depuis pr\u00e8s de 13 ans je suis boulimique avec des phases d&rsquo;anorexie. Il y a 4 ans, j&rsquo;ai demand\u00e9 \u00e0 \u00eatre hospitalis\u00e9e pour faire un check up complet ( radios, \u00e9cho, prise de sang, electrocardiograme, fibroscopie, colioscopie ) et miracle je n&rsquo;ai rien , absolument rien , je suis en pleine forme ! j&rsquo;ai essay\u00e9 de m&rsquo;en sortir plusieurs fois mais c&rsquo;est tr\u00e8s dur. est ce que l&rsquo;une de vous vit la m\u00eame chose?<\/p>\n","protected":false},"author":461446,"featured_media":0,"comment_status":"open","ping_status":"open","sticky":false,"template":"","format":"standard","meta":[],"categories":[1],"tags":[],"yoast_head":"<!-- This site is optimized with the Yoast SEO plugin v20.4 - https:\/\/yoast.com\/wordpress\/plugins\/seo\/ -->\n<title>anorexie\/boulimie - Les confessions<\/title>\n<meta name=\"robots\" content=\"index, follow, max-snippet:-1, max-image-preview:large, max-video-preview:-1\" \/>\n<link rel=\"canonical\" href=\"https:\/\/www.neufmois.fr\/les-confessions\/anorexie-boulimie\" \/>\n<meta property=\"og:locale\" content=\"fr_FR\" \/>\n<meta property=\"og:type\" content=\"article\" \/>\n<meta property=\"og:title\" content=\"anorexie\/boulimie - Les confessions\" \/>\n<meta property=\"og:description\" content=\"salut \u00e0 toutes , depuis pr\u00e8s de 13 ans je suis boulimique avec des phases d&rsquo;anorexie. Il y a 4 ans, j&rsquo;ai demand\u00e9 \u00e0 \u00eatre hospitalis\u00e9e pour faire un check up complet ( radios, \u00e9cho, prise de sang, electrocardiograme, fibroscopie, colioscopie ) et miracle je n&rsquo;ai rien , absolument rien , je suis en pleine forme ! j&rsquo;ai essay\u00e9 de m&rsquo;en sortir plusieurs fois mais c&rsquo;est tr\u00e8s dur. est ce que l&rsquo;une de vous vit la m\u00eame chose?\" \/>\n<meta property=\"og:url\" content=\"https:\/\/www.neufmois.fr\/les-confessions\/anorexie-boulimie\" \/>\n<meta property=\"og:site_name\" content=\"Les confessions\" \/>\n<meta property=\"article:published_time\" content=\"2009-06-06T15:10:00+00:00\" \/>\n<meta name=\"author\" content=\"maman anonyme\" \/>\n<meta name=\"twitter:card\" content=\"summary_large_image\" \/>\n<meta name=\"twitter:label1\" content=\"\u00c9crit par\" \/>\n\t<meta name=\"twitter:data1\" content=\"maman anonyme\" \/>\n<script type=\"application\/ld+json\" class=\"yoast-schema-graph\">{\"@context\":\"https:\/\/schema.org\",\"@graph\":[{\"@type\":\"WebPage\",\"@id\":\"https:\/\/www.neufmois.fr\/les-confessions\/anorexie-boulimie\",\"url\":\"https:\/\/www.neufmois.fr\/les-confessions\/anorexie-boulimie\",\"name\":\"anorexie\/boulimie - Les confessions\",\"isPartOf\":{\"@id\":\"https:\/\/www.neufmois.fr\/les-confessions\/#website\"},\"datePublished\":\"2009-06-06T15:10:00+00:00\",\"dateModified\":\"2009-06-06T15:10:00+00:00\",\"author\":{\"@id\":\"https:\/\/www.neufmois.fr\/les-confessions\/#\/schema\/person\/893fe127c653ae6741f53a67962f8b5d\"},\"breadcrumb\":{\"@id\":\"https:\/\/www.neufmois.fr\/les-confessions\/anorexie-boulimie#breadcrumb\"},\"inLanguage\":\"fr-FR\",\"potentialAction\":[{\"@type\":\"ReadAction\",\"target\":[\"https:\/\/www.neufmois.fr\/les-confessions\/anorexie-boulimie\"]}]},{\"@type\":\"BreadcrumbList\",\"@id\":\"https:\/\/www.neufmois.fr\/les-confessions\/anorexie-boulimie#breadcrumb\",\"itemListElement\":[{\"@type\":\"ListItem\",\"position\":1,\"name\":\"Accueil\",\"item\":\"https:\/\/www.neufmois.fr\/les-confessions\/\"},{\"@type\":\"ListItem\",\"position\":2,\"name\":\"anorexie\/boulimie\"}]},{\"@type\":\"WebSite\",\"@id\":\"https:\/\/www.neufmois.fr\/les-confessions\/#website\",\"url\":\"https:\/\/www.neufmois.fr\/les-confessions\/\",\"name\":\"Les confessions\",\"description\":\" Les confessions\",\"potentialAction\":[{\"@type\":\"SearchAction\",\"target\":{\"@type\":\"EntryPoint\",\"urlTemplate\":\"https:\/\/www.neufmois.fr\/les-confessions\/?s={search_term_string}\"},\"query-input\":\"required name=search_term_string\"}],\"inLanguage\":\"fr-FR\"},{\"@type\":\"Person\",\"@id\":\"https:\/\/www.neufmois.fr\/les-confessions\/#\/schema\/person\/893fe127c653ae6741f53a67962f8b5d\",\"name\":\"maman anonyme\",\"image\":{\"@type\":\"ImageObject\",\"inLanguage\":\"fr-FR\",\"@id\":\"https:\/\/www.neufmois.fr\/les-confessions\/#\/schema\/person\/image\/\",\"url\":\"https:\/\/secure.gravatar.com\/avatar\/e4b3abeefeb17983433f333a4c54f394?s=96&d=mm&r=g\",\"contentUrl\":\"https:\/\/secure.gravatar.com\/avatar\/e4b3abeefeb17983433f333a4c54f394?s=96&d=mm&r=g\",\"caption\":\"maman anonyme\"},\"url\":\"https:\/\/www.neufmois.fr\/les-confessions\/author\/anonyme\"}]}<\/script>\n<!-- \/ Yoast SEO plugin. -->","yoast_head_json":{"title":"anorexie\/boulimie - Les confessions","robots":{"index":"index","follow":"follow","max-snippet":"max-snippet:-1","max-image-preview":"max-image-preview:large","max-video-preview":"max-video-preview:-1"},"canonical":"https:\/\/www.neufmois.fr\/les-confessions\/anorexie-boulimie","og_locale":"fr_FR","og_type":"article","og_title":"anorexie\/boulimie - Les confessions","og_description":"salut \u00e0 toutes , depuis pr\u00e8s de 13 ans je suis boulimique avec des phases d&rsquo;anorexie. Il y a 4 ans, j&rsquo;ai demand\u00e9 \u00e0 \u00eatre hospitalis\u00e9e pour faire un check up complet ( radios, \u00e9cho, prise de sang, electrocardiograme, fibroscopie, colioscopie ) et miracle je n&rsquo;ai rien , absolument rien , je suis en pleine forme ! j&rsquo;ai essay\u00e9 de m&rsquo;en sortir plusieurs fois mais c&rsquo;est tr\u00e8s dur. est ce que l&rsquo;une de vous vit la m\u00eame chose?","og_url":"https:\/\/www.neufmois.fr\/les-confessions\/anorexie-boulimie","og_site_name":"Les confessions","article_published_time":"2009-06-06T15:10:00+00:00","author":"maman anonyme","twitter_card":"summary_large_image","twitter_misc":{"\u00c9crit par":"maman anonyme"},"schema":{"@context":"https:\/\/schema.org","@graph":[{"@type":"WebPage","@id":"https:\/\/www.neufmois.fr\/les-confessions\/anorexie-boulimie","url":"https:\/\/www.neufmois.fr\/les-confessions\/anorexie-boulimie","name":"anorexie\/boulimie - Les confessions","isPartOf":{"@id":"https:\/\/www.neufmois.fr\/les-confessions\/#website"},"datePublished":"2009-06-06T15:10:00+00:00","dateModified":"2009-06-06T15:10:00+00:00","author":{"@id":"https:\/\/www.neufmois.fr\/les-confessions\/#\/schema\/person\/893fe127c653ae6741f53a67962f8b5d"},"breadcrumb":{"@id":"https:\/\/www.neufmois.fr\/les-confessions\/anorexie-boulimie#breadcrumb"},"inLanguage":"fr-FR","potentialAction":[{"@type":"ReadAction","target":["https:\/\/www.neufmois.fr\/les-confessions\/anorexie-boulimie"]}]},{"@type":"BreadcrumbList","@id":"https:\/\/www.neufmois.fr\/les-confessions\/anorexie-boulimie#breadcrumb","itemListElement":[{"@type":"ListItem","position":1,"name":"Accueil","item":"https:\/\/www.neufmois.fr\/les-confessions\/"},{"@type":"ListItem","position":2,"name":"anorexie\/boulimie"}]},{"@type":"WebSite","@id":"https:\/\/www.neufmois.fr\/les-confessions\/#website","url":"https:\/\/www.neufmois.fr\/les-confessions\/","name":"Les confessions","description":" Les confessions","potentialAction":[{"@type":"SearchAction","target":{"@type":"EntryPoint","urlTemplate":"https:\/\/www.neufmois.fr\/les-confessions\/?s={search_term_string}"},"query-input":"required name=search_term_string"}],"inLanguage":"fr-FR"},{"@type":"Person","@id":"https:\/\/www.neufmois.fr\/les-confessions\/#\/schema\/person\/893fe127c653ae6741f53a67962f8b5d","name":"maman anonyme","image":{"@type":"ImageObject","inLanguage":"fr-FR","@id":"https:\/\/www.neufmois.fr\/les-confessions\/#\/schema\/person\/image\/","url":"https:\/\/secure.gravatar.com\/avatar\/e4b3abeefeb17983433f333a4c54f394?s=96&d=mm&r=g","contentUrl":"https:\/\/secure.gravatar.com\/avatar\/e4b3abeefeb17983433f333a4c54f394?s=96&d=mm&r=g","caption":"maman anonyme"},"url":"https:\/\/www.neufmois.fr\/les-confessions\/author\/anonyme"}]}},"amp_enabled":true,"_links":{"self":[{"href":"https:\/\/www.neufmois.fr\/les-confessions\/wp-json\/wp\/v2\/posts\/605"}],"collection":[{"href":"https:\/\/www.neufmois.fr\/les-confessions\/wp-json\/wp\/v2\/posts"}],"about":[{"href":"https:\/\/www.neufmois.fr\/les-confessions\/wp-json\/wp\/v2\/types\/post"}],"author":[{"embeddable":true,"href":"https:\/\/www.neufmois.fr\/les-confessions\/wp-json\/wp\/v2\/users\/461446"}],"replies":[{"embeddable":true,"href":"https:\/\/www.neufmois.fr\/les-confessions\/wp-json\/wp\/v2\/comments?post=605"}],"version-history":[{"count":0,"href":"https:\/\/www.neufmois.fr\/les-confessions\/wp-json\/wp\/v2\/posts\/605\/revisions"}],"wp:attachment":[{"href":"https:\/\/www.neufmois.fr\/les-confessions\/wp-json\/wp\/v2\/media?parent=605"}],"wp:term":[{"taxonomy":"category","embeddable":true,"href":"https:\/\/www.neufmois.fr\/les-confessions\/wp-json\/wp\/v2\/categories?post=605"},{"taxonomy":"post_tag","embeddable":true,"href":"https:\/\/www.neufmois.fr\/les-confessions\/wp-json\/wp\/v2\/tags?post=605"}],"curies":[{"name":"wp","href":"https:\/\/api.w.org\/{rel}","templated":true}]}}