{"id":600,"date":"2009-06-10T12:26:00","date_gmt":"2009-06-10T12:26:00","guid":{"rendered":"https:\/\/www.neufmois.fr\/les-confessions\/?p=600"},"modified":"2009-06-10T12:26:00","modified_gmt":"2009-06-10T12:26:00","slug":"ma-vie-sentimentale-cette-annee-ne-semble-pas-vouloir-se-calmer","status":"publish","type":"post","link":"https:\/\/www.neufmois.fr\/les-confessions\/ma-vie-sentimentale-cette-annee-ne-semble-pas-vouloir-se-calmer","title":{"rendered":"Ma vie sentimentale, cette ann\u00e9e, ne semble pas vouloir se calmer"},"content":{"rendered":"<p>C&rsquo;\u00e9tait pour la petite anecdote&#8230;de cette ann\u00e9e loll&#8230;<\/p>\n<p>    Je vous explique, j&rsquo;ai un ami, un tr\u00e8s bon ami, qui m&rsquo;a annonc\u00e9 Vendredi je cite \u00ab\u00a0plus je suis avec toi plus je tombe amoureux\u00a0\u00bb, il n&rsquo;arr\u00eatait pas de me dire qu\u00a0\u00bbil me trouve de plus en plus jolie &#8230;(pauvre de lui) Je me suis tout de suite dit il ne cherche qu&rsquo;a \u00ab\u00a0faire kekette\u00a0\u00bb&#8230;<br \/>\nLe probl\u00e8me est que, le lendemain j&rsquo;\u00e9tais avec un pote, on s&rsquo;amusait avec nos mains (rien de pervers je vous rassure le jeu du pouce ) et la j&rsquo;ai vu ce fameux ami tirer une de ces tronches, un m\u00e9lange de col\u00e8re et de tristesse&#8230;<br \/>\nJe voyais bien que \u00e7a l&rsquo;avait rendu jaloux mais je suis all\u00e9e le voir l&rsquo;air de rien lui demander pourquoi il faisait la t\u00eate, il m&rsquo;a r\u00e9pondu rien t&rsquo;inqui\u00e8te, je lui ai fait un gros c\u00e2lin et l\u00e0 j&rsquo;ai senti son c\u0153ur battre comme un marteau piqueur et qui ne voulait pas s\u2019arr\u00eat\u00e9 lol<br \/>\nLe probl\u00e8me est que je l&rsquo;aime beaucoup, je veux vraiment pas le faire souffrir il ne se passera rien entre nous car je le connais tr\u00e8s bien et comment ils fonction.<br \/>\nJ&rsquo;aimerai \u00eatre avec lui et aussi ne pas l\u2019\u00eatre d\u2019une certaine fa\u00e7on ces lui qui me donne du courage \u00e0  mieux  commenc\u00e9 mes journ\u00e9e affreuse au bureau, alors je voulais  savoir si \u00e7a vous \u00e9tait d\u00e9j\u00e0 arriv\u00e9 et comment vous avez r\u00e9agi.<\/p>\n<p>Merci d&rsquo;avance pour vos r\u00e9ponses<\/p>\n","protected":false},"excerpt":{"rendered":"<p>C&rsquo;\u00e9tait pour la petite anecdote&#8230;de cette ann\u00e9e loll&#8230; Je vous explique, j&rsquo;ai un ami, un tr\u00e8s bon ami, qui m&rsquo;a annonc\u00e9 Vendredi je cite \u00ab\u00a0plus je suis avec toi plus je tombe amoureux\u00a0\u00bb, il n&rsquo;arr\u00eatait pas de me dire qu\u00a0\u00bbil me trouve de plus en plus jolie &#8230;(pauvre de lui) Je me suis tout de suite dit il ne cherche qu&rsquo;a \u00ab\u00a0faire kekette\u00a0\u00bb&#8230; Le probl\u00e8me est que, le lendemain j&rsquo;\u00e9tais avec un pote, on s&rsquo;amusait avec nos mains (rien de pervers je vous rassure le jeu du pouce ) et<\/p>\n","protected":false},"author":461446,"featured_media":0,"comment_status":"open","ping_status":"open","sticky":false,"template":"","format":"standard","meta":[],"categories":[1],"tags":[],"yoast_head":"<!-- This site is optimized with the Yoast SEO plugin v20.4 - https:\/\/yoast.com\/wordpress\/plugins\/seo\/ -->\n<title>Ma vie sentimentale, cette ann\u00e9e, ne semble pas vouloir se calmer - Les confessions<\/title>\n<meta name=\"robots\" content=\"index, follow, max-snippet:-1, max-image-preview:large, max-video-preview:-1\" \/>\n<link rel=\"canonical\" href=\"https:\/\/www.neufmois.fr\/les-confessions\/ma-vie-sentimentale-cette-annee-ne-semble-pas-vouloir-se-calmer\" \/>\n<meta property=\"og:locale\" content=\"fr_FR\" \/>\n<meta property=\"og:type\" content=\"article\" \/>\n<meta property=\"og:title\" content=\"Ma vie sentimentale, cette ann\u00e9e, ne semble pas vouloir se calmer - Les confessions\" \/>\n<meta property=\"og:description\" content=\"C&rsquo;\u00e9tait pour la petite anecdote&#8230;de cette ann\u00e9e loll&#8230; Je vous explique, j&rsquo;ai un ami, un tr\u00e8s bon ami, qui m&rsquo;a annonc\u00e9 Vendredi je cite \u00ab\u00a0plus je suis avec toi plus je tombe amoureux\u00a0\u00bb, il n&rsquo;arr\u00eatait pas de me dire qu\u00a0\u00bbil me trouve de plus en plus jolie &#8230;(pauvre de lui) Je me suis tout de suite dit il ne cherche qu&rsquo;a \u00ab\u00a0faire kekette\u00a0\u00bb&#8230; Le probl\u00e8me est que, le lendemain j&rsquo;\u00e9tais avec un pote, on s&rsquo;amusait avec nos mains (rien de pervers je vous rassure le jeu du pouce ) et\" \/>\n<meta property=\"og:url\" content=\"https:\/\/www.neufmois.fr\/les-confessions\/ma-vie-sentimentale-cette-annee-ne-semble-pas-vouloir-se-calmer\" \/>\n<meta property=\"og:site_name\" content=\"Les confessions\" \/>\n<meta property=\"article:published_time\" content=\"2009-06-10T12:26:00+00:00\" \/>\n<meta name=\"author\" content=\"maman anonyme\" \/>\n<meta name=\"twitter:card\" content=\"summary_large_image\" \/>\n<meta name=\"twitter:label1\" content=\"\u00c9crit par\" \/>\n\t<meta name=\"twitter:data1\" content=\"maman anonyme\" \/>\n\t<meta name=\"twitter:label2\" content=\"Dur\u00e9e de lecture estim\u00e9e\" \/>\n\t<meta name=\"twitter:data2\" content=\"1 minute\" \/>\n<script type=\"application\/ld+json\" class=\"yoast-schema-graph\">{\"@context\":\"https:\/\/schema.org\",\"@graph\":[{\"@type\":\"WebPage\",\"@id\":\"https:\/\/www.neufmois.fr\/les-confessions\/ma-vie-sentimentale-cette-annee-ne-semble-pas-vouloir-se-calmer\",\"url\":\"https:\/\/www.neufmois.fr\/les-confessions\/ma-vie-sentimentale-cette-annee-ne-semble-pas-vouloir-se-calmer\",\"name\":\"Ma vie sentimentale, cette ann\u00e9e, ne semble pas vouloir se calmer - Les confessions\",\"isPartOf\":{\"@id\":\"https:\/\/www.neufmois.fr\/les-confessions\/#website\"},\"datePublished\":\"2009-06-10T12:26:00+00:00\",\"dateModified\":\"2009-06-10T12:26:00+00:00\",\"author\":{\"@id\":\"https:\/\/www.neufmois.fr\/les-confessions\/#\/schema\/person\/893fe127c653ae6741f53a67962f8b5d\"},\"breadcrumb\":{\"@id\":\"https:\/\/www.neufmois.fr\/les-confessions\/ma-vie-sentimentale-cette-annee-ne-semble-pas-vouloir-se-calmer#breadcrumb\"},\"inLanguage\":\"fr-FR\",\"potentialAction\":[{\"@type\":\"ReadAction\",\"target\":[\"https:\/\/www.neufmois.fr\/les-confessions\/ma-vie-sentimentale-cette-annee-ne-semble-pas-vouloir-se-calmer\"]}]},{\"@type\":\"BreadcrumbList\",\"@id\":\"https:\/\/www.neufmois.fr\/les-confessions\/ma-vie-sentimentale-cette-annee-ne-semble-pas-vouloir-se-calmer#breadcrumb\",\"itemListElement\":[{\"@type\":\"ListItem\",\"position\":1,\"name\":\"Accueil\",\"item\":\"https:\/\/www.neufmois.fr\/les-confessions\/\"},{\"@type\":\"ListItem\",\"position\":2,\"name\":\"Ma vie sentimentale, cette ann\u00e9e, ne semble pas vouloir se calmer\"}]},{\"@type\":\"WebSite\",\"@id\":\"https:\/\/www.neufmois.fr\/les-confessions\/#website\",\"url\":\"https:\/\/www.neufmois.fr\/les-confessions\/\",\"name\":\"Les confessions\",\"description\":\" Les confessions\",\"potentialAction\":[{\"@type\":\"SearchAction\",\"target\":{\"@type\":\"EntryPoint\",\"urlTemplate\":\"https:\/\/www.neufmois.fr\/les-confessions\/?s={search_term_string}\"},\"query-input\":\"required name=search_term_string\"}],\"inLanguage\":\"fr-FR\"},{\"@type\":\"Person\",\"@id\":\"https:\/\/www.neufmois.fr\/les-confessions\/#\/schema\/person\/893fe127c653ae6741f53a67962f8b5d\",\"name\":\"maman anonyme\",\"image\":{\"@type\":\"ImageObject\",\"inLanguage\":\"fr-FR\",\"@id\":\"https:\/\/www.neufmois.fr\/les-confessions\/#\/schema\/person\/image\/\",\"url\":\"https:\/\/secure.gravatar.com\/avatar\/e4b3abeefeb17983433f333a4c54f394?s=96&d=mm&r=g\",\"contentUrl\":\"https:\/\/secure.gravatar.com\/avatar\/e4b3abeefeb17983433f333a4c54f394?s=96&d=mm&r=g\",\"caption\":\"maman anonyme\"},\"url\":\"https:\/\/www.neufmois.fr\/les-confessions\/author\/anonyme\"}]}<\/script>\n<!-- \/ Yoast SEO plugin. -->","yoast_head_json":{"title":"Ma vie sentimentale, cette ann\u00e9e, ne semble pas vouloir se calmer - Les confessions","robots":{"index":"index","follow":"follow","max-snippet":"max-snippet:-1","max-image-preview":"max-image-preview:large","max-video-preview":"max-video-preview:-1"},"canonical":"https:\/\/www.neufmois.fr\/les-confessions\/ma-vie-sentimentale-cette-annee-ne-semble-pas-vouloir-se-calmer","og_locale":"fr_FR","og_type":"article","og_title":"Ma vie sentimentale, cette ann\u00e9e, ne semble pas vouloir se calmer - Les confessions","og_description":"C&rsquo;\u00e9tait pour la petite anecdote&#8230;de cette ann\u00e9e loll&#8230; Je vous explique, j&rsquo;ai un ami, un tr\u00e8s bon ami, qui m&rsquo;a annonc\u00e9 Vendredi je cite \u00ab\u00a0plus je suis avec toi plus je tombe amoureux\u00a0\u00bb, il n&rsquo;arr\u00eatait pas de me dire qu\u00a0\u00bbil me trouve de plus en plus jolie &#8230;(pauvre de lui) Je me suis tout de suite dit il ne cherche qu&rsquo;a \u00ab\u00a0faire kekette\u00a0\u00bb&#8230; Le probl\u00e8me est que, le lendemain j&rsquo;\u00e9tais avec un pote, on s&rsquo;amusait avec nos mains (rien de pervers je vous rassure le jeu du pouce ) et","og_url":"https:\/\/www.neufmois.fr\/les-confessions\/ma-vie-sentimentale-cette-annee-ne-semble-pas-vouloir-se-calmer","og_site_name":"Les confessions","article_published_time":"2009-06-10T12:26:00+00:00","author":"maman anonyme","twitter_card":"summary_large_image","twitter_misc":{"\u00c9crit par":"maman anonyme","Dur\u00e9e de lecture estim\u00e9e":"1 minute"},"schema":{"@context":"https:\/\/schema.org","@graph":[{"@type":"WebPage","@id":"https:\/\/www.neufmois.fr\/les-confessions\/ma-vie-sentimentale-cette-annee-ne-semble-pas-vouloir-se-calmer","url":"https:\/\/www.neufmois.fr\/les-confessions\/ma-vie-sentimentale-cette-annee-ne-semble-pas-vouloir-se-calmer","name":"Ma vie sentimentale, cette ann\u00e9e, ne semble pas vouloir se calmer - Les confessions","isPartOf":{"@id":"https:\/\/www.neufmois.fr\/les-confessions\/#website"},"datePublished":"2009-06-10T12:26:00+00:00","dateModified":"2009-06-10T12:26:00+00:00","author":{"@id":"https:\/\/www.neufmois.fr\/les-confessions\/#\/schema\/person\/893fe127c653ae6741f53a67962f8b5d"},"breadcrumb":{"@id":"https:\/\/www.neufmois.fr\/les-confessions\/ma-vie-sentimentale-cette-annee-ne-semble-pas-vouloir-se-calmer#breadcrumb"},"inLanguage":"fr-FR","potentialAction":[{"@type":"ReadAction","target":["https:\/\/www.neufmois.fr\/les-confessions\/ma-vie-sentimentale-cette-annee-ne-semble-pas-vouloir-se-calmer"]}]},{"@type":"BreadcrumbList","@id":"https:\/\/www.neufmois.fr\/les-confessions\/ma-vie-sentimentale-cette-annee-ne-semble-pas-vouloir-se-calmer#breadcrumb","itemListElement":[{"@type":"ListItem","position":1,"name":"Accueil","item":"https:\/\/www.neufmois.fr\/les-confessions\/"},{"@type":"ListItem","position":2,"name":"Ma vie sentimentale, cette ann\u00e9e, ne semble pas vouloir se calmer"}]},{"@type":"WebSite","@id":"https:\/\/www.neufmois.fr\/les-confessions\/#website","url":"https:\/\/www.neufmois.fr\/les-confessions\/","name":"Les confessions","description":" Les confessions","potentialAction":[{"@type":"SearchAction","target":{"@type":"EntryPoint","urlTemplate":"https:\/\/www.neufmois.fr\/les-confessions\/?s={search_term_string}"},"query-input":"required name=search_term_string"}],"inLanguage":"fr-FR"},{"@type":"Person","@id":"https:\/\/www.neufmois.fr\/les-confessions\/#\/schema\/person\/893fe127c653ae6741f53a67962f8b5d","name":"maman anonyme","image":{"@type":"ImageObject","inLanguage":"fr-FR","@id":"https:\/\/www.neufmois.fr\/les-confessions\/#\/schema\/person\/image\/","url":"https:\/\/secure.gravatar.com\/avatar\/e4b3abeefeb17983433f333a4c54f394?s=96&d=mm&r=g","contentUrl":"https:\/\/secure.gravatar.com\/avatar\/e4b3abeefeb17983433f333a4c54f394?s=96&d=mm&r=g","caption":"maman anonyme"},"url":"https:\/\/www.neufmois.fr\/les-confessions\/author\/anonyme"}]}},"amp_enabled":true,"_links":{"self":[{"href":"https:\/\/www.neufmois.fr\/les-confessions\/wp-json\/wp\/v2\/posts\/600"}],"collection":[{"href":"https:\/\/www.neufmois.fr\/les-confessions\/wp-json\/wp\/v2\/posts"}],"about":[{"href":"https:\/\/www.neufmois.fr\/les-confessions\/wp-json\/wp\/v2\/types\/post"}],"author":[{"embeddable":true,"href":"https:\/\/www.neufmois.fr\/les-confessions\/wp-json\/wp\/v2\/users\/461446"}],"replies":[{"embeddable":true,"href":"https:\/\/www.neufmois.fr\/les-confessions\/wp-json\/wp\/v2\/comments?post=600"}],"version-history":[{"count":0,"href":"https:\/\/www.neufmois.fr\/les-confessions\/wp-json\/wp\/v2\/posts\/600\/revisions"}],"wp:attachment":[{"href":"https:\/\/www.neufmois.fr\/les-confessions\/wp-json\/wp\/v2\/media?parent=600"}],"wp:term":[{"taxonomy":"category","embeddable":true,"href":"https:\/\/www.neufmois.fr\/les-confessions\/wp-json\/wp\/v2\/categories?post=600"},{"taxonomy":"post_tag","embeddable":true,"href":"https:\/\/www.neufmois.fr\/les-confessions\/wp-json\/wp\/v2\/tags?post=600"}],"curies":[{"name":"wp","href":"https:\/\/api.w.org\/{rel}","templated":true}]}}