{"id":599,"date":"2009-06-10T15:34:00","date_gmt":"2009-06-10T15:34:00","guid":{"rendered":"https:\/\/www.neufmois.fr\/les-confessions\/?p=599"},"modified":"2009-06-10T15:34:00","modified_gmt":"2009-06-10T15:34:00","slug":"jai-hante-de-dire-ce-que-jai-fait","status":"publish","type":"post","link":"https:\/\/www.neufmois.fr\/les-confessions\/jai-hante-de-dire-ce-que-jai-fait","title":{"rendered":"j&rsquo;ai hante de dire ce que j&rsquo;ai fait"},"content":{"rendered":"<p>alors je disais ils ont imagin\u00e9 que j&rsquo;ai vol\u00e9 sa avec ma mere et mes soeurs et \u00e7a ne fait pas longtemps mon oncle est mort ils sont venus et ils se sont disput\u00e9 avec mon pere et l\u00e0 mon pere a tout su il etait tellement d\u00e9cue et moi j&rsquo;ai hnate de le regarder de face ,et mes cousins on demand\u00e9 une grande somme \u00e0 mon pere pour la leur rembourss\u00e9 et papa n&rsquo;a pas la somme le pauvre c moi qui a fait tout cela et lui va roumbourss\u00e9 mais moi je n&rsquo;ai pas pris toute cette somme et eux ils veulent emproffiter ,maintenant j&rsquo;ai 30ans et apres toute ses ann\u00e9es la verit\u00e9 a ete quand meme su donc impossible de cacher quoi que se soit,maintenant je ne sais pas est ce que je dois le dire \u00e0 mon mari pour aider mon pere j&rsquo;ai tellement peur qu&rsquo;il soit d\u00e9cu de moi ou il me detestera \u00e0 jamais je ne sais pas aidez moi svp mon mari peut au moins me laisser vendre mes bijous ou bien vendre sa voiture mais surtout je veux qu&rsquo;il sache \u00e7a de ma part \u00e7a serait moins pinible <\/p>\n","protected":false},"excerpt":{"rendered":"<p>alors je disais ils ont imagin\u00e9 que j&rsquo;ai vol\u00e9 sa avec ma mere et mes soeurs et \u00e7a ne fait pas longtemps mon oncle est mort ils sont venus et ils se sont disput\u00e9 avec mon pere et l\u00e0 mon pere a tout su il etait tellement d\u00e9cue et moi j&rsquo;ai hnate de le regarder de face ,et mes cousins on demand\u00e9 une grande somme \u00e0 mon pere pour la leur rembourss\u00e9 et papa n&rsquo;a pas la somme le pauvre c moi qui a fait tout cela et lui va<\/p>\n","protected":false},"author":461446,"featured_media":0,"comment_status":"open","ping_status":"open","sticky":false,"template":"","format":"standard","meta":[],"categories":[1],"tags":[],"yoast_head":"<!-- This site is optimized with the Yoast SEO plugin v20.4 - https:\/\/yoast.com\/wordpress\/plugins\/seo\/ -->\n<title>j&#039;ai hante de dire ce que j&#039;ai fait - Les confessions<\/title>\n<meta name=\"robots\" content=\"index, follow, max-snippet:-1, max-image-preview:large, max-video-preview:-1\" \/>\n<link rel=\"canonical\" href=\"https:\/\/www.neufmois.fr\/les-confessions\/jai-hante-de-dire-ce-que-jai-fait\" \/>\n<meta property=\"og:locale\" content=\"fr_FR\" \/>\n<meta property=\"og:type\" content=\"article\" \/>\n<meta property=\"og:title\" content=\"j&#039;ai hante de dire ce que j&#039;ai fait - Les confessions\" \/>\n<meta property=\"og:description\" content=\"alors je disais ils ont imagin\u00e9 que j&rsquo;ai vol\u00e9 sa avec ma mere et mes soeurs et \u00e7a ne fait pas longtemps mon oncle est mort ils sont venus et ils se sont disput\u00e9 avec mon pere et l\u00e0 mon pere a tout su il etait tellement d\u00e9cue et moi j&rsquo;ai hnate de le regarder de face ,et mes cousins on demand\u00e9 une grande somme \u00e0 mon pere pour la leur rembourss\u00e9 et papa n&rsquo;a pas la somme le pauvre c moi qui a fait tout cela et lui va\" \/>\n<meta property=\"og:url\" content=\"https:\/\/www.neufmois.fr\/les-confessions\/jai-hante-de-dire-ce-que-jai-fait\" \/>\n<meta property=\"og:site_name\" content=\"Les confessions\" \/>\n<meta property=\"article:published_time\" content=\"2009-06-10T15:34:00+00:00\" \/>\n<meta name=\"author\" content=\"maman anonyme\" \/>\n<meta name=\"twitter:card\" content=\"summary_large_image\" \/>\n<meta name=\"twitter:label1\" content=\"\u00c9crit par\" \/>\n\t<meta name=\"twitter:data1\" content=\"maman anonyme\" \/>\n\t<meta name=\"twitter:label2\" content=\"Dur\u00e9e de lecture estim\u00e9e\" \/>\n\t<meta name=\"twitter:data2\" content=\"1 minute\" \/>\n<script type=\"application\/ld+json\" class=\"yoast-schema-graph\">{\"@context\":\"https:\/\/schema.org\",\"@graph\":[{\"@type\":\"WebPage\",\"@id\":\"https:\/\/www.neufmois.fr\/les-confessions\/jai-hante-de-dire-ce-que-jai-fait\",\"url\":\"https:\/\/www.neufmois.fr\/les-confessions\/jai-hante-de-dire-ce-que-jai-fait\",\"name\":\"j'ai hante de dire ce que j'ai fait - Les confessions\",\"isPartOf\":{\"@id\":\"https:\/\/www.neufmois.fr\/les-confessions\/#website\"},\"datePublished\":\"2009-06-10T15:34:00+00:00\",\"dateModified\":\"2009-06-10T15:34:00+00:00\",\"author\":{\"@id\":\"https:\/\/www.neufmois.fr\/les-confessions\/#\/schema\/person\/893fe127c653ae6741f53a67962f8b5d\"},\"breadcrumb\":{\"@id\":\"https:\/\/www.neufmois.fr\/les-confessions\/jai-hante-de-dire-ce-que-jai-fait#breadcrumb\"},\"inLanguage\":\"fr-FR\",\"potentialAction\":[{\"@type\":\"ReadAction\",\"target\":[\"https:\/\/www.neufmois.fr\/les-confessions\/jai-hante-de-dire-ce-que-jai-fait\"]}]},{\"@type\":\"BreadcrumbList\",\"@id\":\"https:\/\/www.neufmois.fr\/les-confessions\/jai-hante-de-dire-ce-que-jai-fait#breadcrumb\",\"itemListElement\":[{\"@type\":\"ListItem\",\"position\":1,\"name\":\"Accueil\",\"item\":\"https:\/\/www.neufmois.fr\/les-confessions\/\"},{\"@type\":\"ListItem\",\"position\":2,\"name\":\"j&rsquo;ai hante de dire ce que j&rsquo;ai fait\"}]},{\"@type\":\"WebSite\",\"@id\":\"https:\/\/www.neufmois.fr\/les-confessions\/#website\",\"url\":\"https:\/\/www.neufmois.fr\/les-confessions\/\",\"name\":\"Les confessions\",\"description\":\" Les confessions\",\"potentialAction\":[{\"@type\":\"SearchAction\",\"target\":{\"@type\":\"EntryPoint\",\"urlTemplate\":\"https:\/\/www.neufmois.fr\/les-confessions\/?s={search_term_string}\"},\"query-input\":\"required name=search_term_string\"}],\"inLanguage\":\"fr-FR\"},{\"@type\":\"Person\",\"@id\":\"https:\/\/www.neufmois.fr\/les-confessions\/#\/schema\/person\/893fe127c653ae6741f53a67962f8b5d\",\"name\":\"maman anonyme\",\"image\":{\"@type\":\"ImageObject\",\"inLanguage\":\"fr-FR\",\"@id\":\"https:\/\/www.neufmois.fr\/les-confessions\/#\/schema\/person\/image\/\",\"url\":\"https:\/\/secure.gravatar.com\/avatar\/e4b3abeefeb17983433f333a4c54f394?s=96&d=mm&r=g\",\"contentUrl\":\"https:\/\/secure.gravatar.com\/avatar\/e4b3abeefeb17983433f333a4c54f394?s=96&d=mm&r=g\",\"caption\":\"maman anonyme\"},\"url\":\"https:\/\/www.neufmois.fr\/les-confessions\/author\/anonyme\"}]}<\/script>\n<!-- \/ Yoast SEO plugin. -->","yoast_head_json":{"title":"j'ai hante de dire ce que j'ai fait - Les confessions","robots":{"index":"index","follow":"follow","max-snippet":"max-snippet:-1","max-image-preview":"max-image-preview:large","max-video-preview":"max-video-preview:-1"},"canonical":"https:\/\/www.neufmois.fr\/les-confessions\/jai-hante-de-dire-ce-que-jai-fait","og_locale":"fr_FR","og_type":"article","og_title":"j'ai hante de dire ce que j'ai fait - Les confessions","og_description":"alors je disais ils ont imagin\u00e9 que j&rsquo;ai vol\u00e9 sa avec ma mere et mes soeurs et \u00e7a ne fait pas longtemps mon oncle est mort ils sont venus et ils se sont disput\u00e9 avec mon pere et l\u00e0 mon pere a tout su il etait tellement d\u00e9cue et moi j&rsquo;ai hnate de le regarder de face ,et mes cousins on demand\u00e9 une grande somme \u00e0 mon pere pour la leur rembourss\u00e9 et papa n&rsquo;a pas la somme le pauvre c moi qui a fait tout cela et lui va","og_url":"https:\/\/www.neufmois.fr\/les-confessions\/jai-hante-de-dire-ce-que-jai-fait","og_site_name":"Les confessions","article_published_time":"2009-06-10T15:34:00+00:00","author":"maman anonyme","twitter_card":"summary_large_image","twitter_misc":{"\u00c9crit par":"maman anonyme","Dur\u00e9e de lecture estim\u00e9e":"1 minute"},"schema":{"@context":"https:\/\/schema.org","@graph":[{"@type":"WebPage","@id":"https:\/\/www.neufmois.fr\/les-confessions\/jai-hante-de-dire-ce-que-jai-fait","url":"https:\/\/www.neufmois.fr\/les-confessions\/jai-hante-de-dire-ce-que-jai-fait","name":"j'ai hante de dire ce que j'ai fait - Les confessions","isPartOf":{"@id":"https:\/\/www.neufmois.fr\/les-confessions\/#website"},"datePublished":"2009-06-10T15:34:00+00:00","dateModified":"2009-06-10T15:34:00+00:00","author":{"@id":"https:\/\/www.neufmois.fr\/les-confessions\/#\/schema\/person\/893fe127c653ae6741f53a67962f8b5d"},"breadcrumb":{"@id":"https:\/\/www.neufmois.fr\/les-confessions\/jai-hante-de-dire-ce-que-jai-fait#breadcrumb"},"inLanguage":"fr-FR","potentialAction":[{"@type":"ReadAction","target":["https:\/\/www.neufmois.fr\/les-confessions\/jai-hante-de-dire-ce-que-jai-fait"]}]},{"@type":"BreadcrumbList","@id":"https:\/\/www.neufmois.fr\/les-confessions\/jai-hante-de-dire-ce-que-jai-fait#breadcrumb","itemListElement":[{"@type":"ListItem","position":1,"name":"Accueil","item":"https:\/\/www.neufmois.fr\/les-confessions\/"},{"@type":"ListItem","position":2,"name":"j&rsquo;ai hante de dire ce que j&rsquo;ai fait"}]},{"@type":"WebSite","@id":"https:\/\/www.neufmois.fr\/les-confessions\/#website","url":"https:\/\/www.neufmois.fr\/les-confessions\/","name":"Les confessions","description":" Les confessions","potentialAction":[{"@type":"SearchAction","target":{"@type":"EntryPoint","urlTemplate":"https:\/\/www.neufmois.fr\/les-confessions\/?s={search_term_string}"},"query-input":"required name=search_term_string"}],"inLanguage":"fr-FR"},{"@type":"Person","@id":"https:\/\/www.neufmois.fr\/les-confessions\/#\/schema\/person\/893fe127c653ae6741f53a67962f8b5d","name":"maman anonyme","image":{"@type":"ImageObject","inLanguage":"fr-FR","@id":"https:\/\/www.neufmois.fr\/les-confessions\/#\/schema\/person\/image\/","url":"https:\/\/secure.gravatar.com\/avatar\/e4b3abeefeb17983433f333a4c54f394?s=96&d=mm&r=g","contentUrl":"https:\/\/secure.gravatar.com\/avatar\/e4b3abeefeb17983433f333a4c54f394?s=96&d=mm&r=g","caption":"maman anonyme"},"url":"https:\/\/www.neufmois.fr\/les-confessions\/author\/anonyme"}]}},"amp_enabled":true,"_links":{"self":[{"href":"https:\/\/www.neufmois.fr\/les-confessions\/wp-json\/wp\/v2\/posts\/599"}],"collection":[{"href":"https:\/\/www.neufmois.fr\/les-confessions\/wp-json\/wp\/v2\/posts"}],"about":[{"href":"https:\/\/www.neufmois.fr\/les-confessions\/wp-json\/wp\/v2\/types\/post"}],"author":[{"embeddable":true,"href":"https:\/\/www.neufmois.fr\/les-confessions\/wp-json\/wp\/v2\/users\/461446"}],"replies":[{"embeddable":true,"href":"https:\/\/www.neufmois.fr\/les-confessions\/wp-json\/wp\/v2\/comments?post=599"}],"version-history":[{"count":0,"href":"https:\/\/www.neufmois.fr\/les-confessions\/wp-json\/wp\/v2\/posts\/599\/revisions"}],"wp:attachment":[{"href":"https:\/\/www.neufmois.fr\/les-confessions\/wp-json\/wp\/v2\/media?parent=599"}],"wp:term":[{"taxonomy":"category","embeddable":true,"href":"https:\/\/www.neufmois.fr\/les-confessions\/wp-json\/wp\/v2\/categories?post=599"},{"taxonomy":"post_tag","embeddable":true,"href":"https:\/\/www.neufmois.fr\/les-confessions\/wp-json\/wp\/v2\/tags?post=599"}],"curies":[{"name":"wp","href":"https:\/\/api.w.org\/{rel}","templated":true}]}}