{"id":596,"date":"2009-06-12T10:22:00","date_gmt":"2009-06-12T10:22:00","guid":{"rendered":"https:\/\/www.neufmois.fr\/les-confessions\/?p=596"},"modified":"2009-06-12T10:22:00","modified_gmt":"2009-06-12T10:22:00","slug":"je-ne-laime-plus","status":"publish","type":"post","link":"https:\/\/www.neufmois.fr\/les-confessions\/je-ne-laime-plus","title":{"rendered":"Je ne l&rsquo;aime plus&#8230;"},"content":{"rendered":"<p>Cela fait maintenant 10 ans que je connais mon mari, nous sommes mari\u00e9s depuis 6 ans et nous avons un petit ange de 5 ans. Tout se passe plutot bien sauf que je n&rsquo;aime plus mon mari. Ce n&rsquo;est pas que j&rsquo;ai rencontr\u00e9 quelqu&rsquo;un d&rsquo;autre, c&rsquo;est juste que mon amour pour lui est \u00ab\u00a0fini\u00a0\u00bb. Je me force \u00e0 faire des activit\u00e9s avec lui, je lui adresse \u00e0 peine la parole et cot\u00e9 vie intime, c&rsquo;est toujours lui qui demande. J&rsquo;ai encore des sentiments pour lui mais plus rien d&rsquo;amoureux, m\u00eame pas une amiti\u00e9 ou une complicit\u00e9 RIEN. Et lui semble ne rien remarquer, il est tjs plein d&rsquo;attention \u00e0 mon \u00e9gard, me demande tjs mon avis etc. Je ne sais pas si j&rsquo;ai besoin d&rsquo;une pause mais ce qui est certain c&rsquo;est que je n&rsquo;aime plus mon mari, d&rsquo;amour et qu&rsquo;au fond de moi, je n&rsquo;ai meme pas envie que cela redevienne \u00ab\u00a0comme avant\u00a0\u00bb.<\/p>\n","protected":false},"excerpt":{"rendered":"<p>Cela fait maintenant 10 ans que je connais mon mari, nous sommes mari\u00e9s depuis 6 ans et nous avons un petit ange de 5 ans. Tout se passe plutot bien sauf que je n&rsquo;aime plus mon mari. Ce n&rsquo;est pas que j&rsquo;ai rencontr\u00e9 quelqu&rsquo;un d&rsquo;autre, c&rsquo;est juste que mon amour pour lui est \u00ab\u00a0fini\u00a0\u00bb. Je me force \u00e0 faire des activit\u00e9s avec lui, je lui adresse \u00e0 peine la parole et cot\u00e9 vie intime, c&rsquo;est toujours lui qui demande. J&rsquo;ai encore des sentiments pour lui mais plus rien d&rsquo;amoureux, m\u00eame<\/p>\n","protected":false},"author":461446,"featured_media":0,"comment_status":"open","ping_status":"open","sticky":false,"template":"","format":"standard","meta":[],"categories":[1],"tags":[],"yoast_head":"<!-- This site is optimized with the Yoast SEO plugin v20.4 - https:\/\/yoast.com\/wordpress\/plugins\/seo\/ -->\n<title>Je ne l&#039;aime plus... - Les confessions<\/title>\n<meta name=\"robots\" content=\"index, follow, max-snippet:-1, max-image-preview:large, max-video-preview:-1\" \/>\n<link rel=\"canonical\" href=\"https:\/\/www.neufmois.fr\/les-confessions\/je-ne-laime-plus\" \/>\n<meta property=\"og:locale\" content=\"fr_FR\" \/>\n<meta property=\"og:type\" content=\"article\" \/>\n<meta property=\"og:title\" content=\"Je ne l&#039;aime plus... - Les confessions\" \/>\n<meta property=\"og:description\" content=\"Cela fait maintenant 10 ans que je connais mon mari, nous sommes mari\u00e9s depuis 6 ans et nous avons un petit ange de 5 ans. Tout se passe plutot bien sauf que je n&rsquo;aime plus mon mari. Ce n&rsquo;est pas que j&rsquo;ai rencontr\u00e9 quelqu&rsquo;un d&rsquo;autre, c&rsquo;est juste que mon amour pour lui est \u00ab\u00a0fini\u00a0\u00bb. Je me force \u00e0 faire des activit\u00e9s avec lui, je lui adresse \u00e0 peine la parole et cot\u00e9 vie intime, c&rsquo;est toujours lui qui demande. J&rsquo;ai encore des sentiments pour lui mais plus rien d&rsquo;amoureux, m\u00eame\" \/>\n<meta property=\"og:url\" content=\"https:\/\/www.neufmois.fr\/les-confessions\/je-ne-laime-plus\" \/>\n<meta property=\"og:site_name\" content=\"Les confessions\" \/>\n<meta property=\"article:published_time\" content=\"2009-06-12T10:22:00+00:00\" \/>\n<meta name=\"author\" content=\"maman anonyme\" \/>\n<meta name=\"twitter:card\" content=\"summary_large_image\" \/>\n<meta name=\"twitter:label1\" content=\"\u00c9crit par\" \/>\n\t<meta name=\"twitter:data1\" content=\"maman anonyme\" \/>\n\t<meta name=\"twitter:label2\" content=\"Dur\u00e9e de lecture estim\u00e9e\" \/>\n\t<meta name=\"twitter:data2\" content=\"1 minute\" \/>\n<script type=\"application\/ld+json\" class=\"yoast-schema-graph\">{\"@context\":\"https:\/\/schema.org\",\"@graph\":[{\"@type\":\"WebPage\",\"@id\":\"https:\/\/www.neufmois.fr\/les-confessions\/je-ne-laime-plus\",\"url\":\"https:\/\/www.neufmois.fr\/les-confessions\/je-ne-laime-plus\",\"name\":\"Je ne l'aime plus... - Les confessions\",\"isPartOf\":{\"@id\":\"https:\/\/www.neufmois.fr\/les-confessions\/#website\"},\"datePublished\":\"2009-06-12T10:22:00+00:00\",\"dateModified\":\"2009-06-12T10:22:00+00:00\",\"author\":{\"@id\":\"https:\/\/www.neufmois.fr\/les-confessions\/#\/schema\/person\/893fe127c653ae6741f53a67962f8b5d\"},\"breadcrumb\":{\"@id\":\"https:\/\/www.neufmois.fr\/les-confessions\/je-ne-laime-plus#breadcrumb\"},\"inLanguage\":\"fr-FR\",\"potentialAction\":[{\"@type\":\"ReadAction\",\"target\":[\"https:\/\/www.neufmois.fr\/les-confessions\/je-ne-laime-plus\"]}]},{\"@type\":\"BreadcrumbList\",\"@id\":\"https:\/\/www.neufmois.fr\/les-confessions\/je-ne-laime-plus#breadcrumb\",\"itemListElement\":[{\"@type\":\"ListItem\",\"position\":1,\"name\":\"Accueil\",\"item\":\"https:\/\/www.neufmois.fr\/les-confessions\/\"},{\"@type\":\"ListItem\",\"position\":2,\"name\":\"Je ne l&rsquo;aime plus&#8230;\"}]},{\"@type\":\"WebSite\",\"@id\":\"https:\/\/www.neufmois.fr\/les-confessions\/#website\",\"url\":\"https:\/\/www.neufmois.fr\/les-confessions\/\",\"name\":\"Les confessions\",\"description\":\" Les confessions\",\"potentialAction\":[{\"@type\":\"SearchAction\",\"target\":{\"@type\":\"EntryPoint\",\"urlTemplate\":\"https:\/\/www.neufmois.fr\/les-confessions\/?s={search_term_string}\"},\"query-input\":\"required name=search_term_string\"}],\"inLanguage\":\"fr-FR\"},{\"@type\":\"Person\",\"@id\":\"https:\/\/www.neufmois.fr\/les-confessions\/#\/schema\/person\/893fe127c653ae6741f53a67962f8b5d\",\"name\":\"maman anonyme\",\"image\":{\"@type\":\"ImageObject\",\"inLanguage\":\"fr-FR\",\"@id\":\"https:\/\/www.neufmois.fr\/les-confessions\/#\/schema\/person\/image\/\",\"url\":\"https:\/\/secure.gravatar.com\/avatar\/e4b3abeefeb17983433f333a4c54f394?s=96&d=mm&r=g\",\"contentUrl\":\"https:\/\/secure.gravatar.com\/avatar\/e4b3abeefeb17983433f333a4c54f394?s=96&d=mm&r=g\",\"caption\":\"maman anonyme\"},\"url\":\"https:\/\/www.neufmois.fr\/les-confessions\/author\/anonyme\"}]}<\/script>\n<!-- \/ Yoast SEO plugin. -->","yoast_head_json":{"title":"Je ne l'aime plus... - Les confessions","robots":{"index":"index","follow":"follow","max-snippet":"max-snippet:-1","max-image-preview":"max-image-preview:large","max-video-preview":"max-video-preview:-1"},"canonical":"https:\/\/www.neufmois.fr\/les-confessions\/je-ne-laime-plus","og_locale":"fr_FR","og_type":"article","og_title":"Je ne l'aime plus... - Les confessions","og_description":"Cela fait maintenant 10 ans que je connais mon mari, nous sommes mari\u00e9s depuis 6 ans et nous avons un petit ange de 5 ans. Tout se passe plutot bien sauf que je n&rsquo;aime plus mon mari. Ce n&rsquo;est pas que j&rsquo;ai rencontr\u00e9 quelqu&rsquo;un d&rsquo;autre, c&rsquo;est juste que mon amour pour lui est \u00ab\u00a0fini\u00a0\u00bb. Je me force \u00e0 faire des activit\u00e9s avec lui, je lui adresse \u00e0 peine la parole et cot\u00e9 vie intime, c&rsquo;est toujours lui qui demande. J&rsquo;ai encore des sentiments pour lui mais plus rien d&rsquo;amoureux, m\u00eame","og_url":"https:\/\/www.neufmois.fr\/les-confessions\/je-ne-laime-plus","og_site_name":"Les confessions","article_published_time":"2009-06-12T10:22:00+00:00","author":"maman anonyme","twitter_card":"summary_large_image","twitter_misc":{"\u00c9crit par":"maman anonyme","Dur\u00e9e de lecture estim\u00e9e":"1 minute"},"schema":{"@context":"https:\/\/schema.org","@graph":[{"@type":"WebPage","@id":"https:\/\/www.neufmois.fr\/les-confessions\/je-ne-laime-plus","url":"https:\/\/www.neufmois.fr\/les-confessions\/je-ne-laime-plus","name":"Je ne l'aime plus... - Les confessions","isPartOf":{"@id":"https:\/\/www.neufmois.fr\/les-confessions\/#website"},"datePublished":"2009-06-12T10:22:00+00:00","dateModified":"2009-06-12T10:22:00+00:00","author":{"@id":"https:\/\/www.neufmois.fr\/les-confessions\/#\/schema\/person\/893fe127c653ae6741f53a67962f8b5d"},"breadcrumb":{"@id":"https:\/\/www.neufmois.fr\/les-confessions\/je-ne-laime-plus#breadcrumb"},"inLanguage":"fr-FR","potentialAction":[{"@type":"ReadAction","target":["https:\/\/www.neufmois.fr\/les-confessions\/je-ne-laime-plus"]}]},{"@type":"BreadcrumbList","@id":"https:\/\/www.neufmois.fr\/les-confessions\/je-ne-laime-plus#breadcrumb","itemListElement":[{"@type":"ListItem","position":1,"name":"Accueil","item":"https:\/\/www.neufmois.fr\/les-confessions\/"},{"@type":"ListItem","position":2,"name":"Je ne l&rsquo;aime plus&#8230;"}]},{"@type":"WebSite","@id":"https:\/\/www.neufmois.fr\/les-confessions\/#website","url":"https:\/\/www.neufmois.fr\/les-confessions\/","name":"Les confessions","description":" Les confessions","potentialAction":[{"@type":"SearchAction","target":{"@type":"EntryPoint","urlTemplate":"https:\/\/www.neufmois.fr\/les-confessions\/?s={search_term_string}"},"query-input":"required name=search_term_string"}],"inLanguage":"fr-FR"},{"@type":"Person","@id":"https:\/\/www.neufmois.fr\/les-confessions\/#\/schema\/person\/893fe127c653ae6741f53a67962f8b5d","name":"maman anonyme","image":{"@type":"ImageObject","inLanguage":"fr-FR","@id":"https:\/\/www.neufmois.fr\/les-confessions\/#\/schema\/person\/image\/","url":"https:\/\/secure.gravatar.com\/avatar\/e4b3abeefeb17983433f333a4c54f394?s=96&d=mm&r=g","contentUrl":"https:\/\/secure.gravatar.com\/avatar\/e4b3abeefeb17983433f333a4c54f394?s=96&d=mm&r=g","caption":"maman anonyme"},"url":"https:\/\/www.neufmois.fr\/les-confessions\/author\/anonyme"}]}},"amp_enabled":true,"_links":{"self":[{"href":"https:\/\/www.neufmois.fr\/les-confessions\/wp-json\/wp\/v2\/posts\/596"}],"collection":[{"href":"https:\/\/www.neufmois.fr\/les-confessions\/wp-json\/wp\/v2\/posts"}],"about":[{"href":"https:\/\/www.neufmois.fr\/les-confessions\/wp-json\/wp\/v2\/types\/post"}],"author":[{"embeddable":true,"href":"https:\/\/www.neufmois.fr\/les-confessions\/wp-json\/wp\/v2\/users\/461446"}],"replies":[{"embeddable":true,"href":"https:\/\/www.neufmois.fr\/les-confessions\/wp-json\/wp\/v2\/comments?post=596"}],"version-history":[{"count":0,"href":"https:\/\/www.neufmois.fr\/les-confessions\/wp-json\/wp\/v2\/posts\/596\/revisions"}],"wp:attachment":[{"href":"https:\/\/www.neufmois.fr\/les-confessions\/wp-json\/wp\/v2\/media?parent=596"}],"wp:term":[{"taxonomy":"category","embeddable":true,"href":"https:\/\/www.neufmois.fr\/les-confessions\/wp-json\/wp\/v2\/categories?post=596"},{"taxonomy":"post_tag","embeddable":true,"href":"https:\/\/www.neufmois.fr\/les-confessions\/wp-json\/wp\/v2\/tags?post=596"}],"curies":[{"name":"wp","href":"https:\/\/api.w.org\/{rel}","templated":true}]}}