{"id":594,"date":"2009-06-15T12:12:00","date_gmt":"2009-06-15T12:12:00","guid":{"rendered":"https:\/\/www.neufmois.fr\/les-confessions\/?p=594"},"modified":"2009-06-15T12:12:00","modified_gmt":"2009-06-15T12:12:00","slug":"je-ne-voulais-pas-de-mon-enfant-a-la-naissance","status":"publish","type":"post","link":"https:\/\/www.neufmois.fr\/les-confessions\/je-ne-voulais-pas-de-mon-enfant-a-la-naissance","title":{"rendered":"Je ne voulais pas de mon enfant \u00e0 la naissance"},"content":{"rendered":"<p>Ce que je vais dire risque de choquer et je vous demanderais d&rsquo;\u00eatre indulgentes. Je ne l&rsquo;ai jamais dis \u00e0 personne mais apr\u00e8s avoir accouch\u00e9 de ma fille, je n&rsquo;ai pas voulu la regarder et encore moins la toucher. Elle me d\u00e9gouttais. J&rsquo;ai pensais que \u00e7a allait changer au fur et \u00e0 mersure que je m&rsquo;habituerai \u00e0 l&rsquo;id\u00e9e d&rsquo;\u00eatre maman mais quand je ss rentr\u00e9e \u00e0 la maison, j&rsquo;ai du me forcer \u00e0 m&rsquo;occuper d&rsquo;elle. Et maintenant, 3 ans plus tard, \u00e7a n&rsquo;a pas chang\u00e9 ! Je pense que je n&rsquo;ai pas la fibre maternelle. Je me sens plus comme une cousine ou une voisine que comme sa m\u00e8re. Je fais le stricte minimum. Je ne dis pas que je n&rsquo;aime pas mon enfant mais que je n&rsquo;arrive pas \u00e0 faire plus. J&rsquo;aurais aim\u00e9 \u00eatre comme toutes les mamans, aimantes etc mais je me sens mieux quand je suis loin d&rsquo;elle. J&rsquo;esp\u00e8re qu&rsquo;elle ne me d\u00e9testera pas en grandissant.<\/p>\n","protected":false},"excerpt":{"rendered":"<p>Ce que je vais dire risque de choquer et je vous demanderais d&rsquo;\u00eatre indulgentes. Je ne l&rsquo;ai jamais dis \u00e0 personne mais apr\u00e8s avoir accouch\u00e9 de ma fille, je n&rsquo;ai pas voulu la regarder et encore moins la toucher. Elle me d\u00e9gouttais. J&rsquo;ai pensais que \u00e7a allait changer au fur et \u00e0 mersure que je m&rsquo;habituerai \u00e0 l&rsquo;id\u00e9e d&rsquo;\u00eatre maman mais quand je ss rentr\u00e9e \u00e0 la maison, j&rsquo;ai du me forcer \u00e0 m&rsquo;occuper d&rsquo;elle. Et maintenant, 3 ans plus tard, \u00e7a n&rsquo;a pas chang\u00e9 ! Je pense que je<\/p>\n","protected":false},"author":461446,"featured_media":0,"comment_status":"open","ping_status":"open","sticky":false,"template":"","format":"standard","meta":[],"categories":[1],"tags":[],"yoast_head":"<!-- This site is optimized with the Yoast SEO plugin v20.4 - https:\/\/yoast.com\/wordpress\/plugins\/seo\/ -->\n<title>Je ne voulais pas de mon enfant \u00e0 la naissance - Les confessions<\/title>\n<meta name=\"robots\" content=\"index, follow, max-snippet:-1, max-image-preview:large, max-video-preview:-1\" \/>\n<link rel=\"canonical\" href=\"https:\/\/www.neufmois.fr\/les-confessions\/je-ne-voulais-pas-de-mon-enfant-a-la-naissance\" \/>\n<meta property=\"og:locale\" content=\"fr_FR\" \/>\n<meta property=\"og:type\" content=\"article\" \/>\n<meta property=\"og:title\" content=\"Je ne voulais pas de mon enfant \u00e0 la naissance - Les confessions\" \/>\n<meta property=\"og:description\" content=\"Ce que je vais dire risque de choquer et je vous demanderais d&rsquo;\u00eatre indulgentes. Je ne l&rsquo;ai jamais dis \u00e0 personne mais apr\u00e8s avoir accouch\u00e9 de ma fille, je n&rsquo;ai pas voulu la regarder et encore moins la toucher. Elle me d\u00e9gouttais. J&rsquo;ai pensais que \u00e7a allait changer au fur et \u00e0 mersure que je m&rsquo;habituerai \u00e0 l&rsquo;id\u00e9e d&rsquo;\u00eatre maman mais quand je ss rentr\u00e9e \u00e0 la maison, j&rsquo;ai du me forcer \u00e0 m&rsquo;occuper d&rsquo;elle. Et maintenant, 3 ans plus tard, \u00e7a n&rsquo;a pas chang\u00e9 ! Je pense que je\" \/>\n<meta property=\"og:url\" content=\"https:\/\/www.neufmois.fr\/les-confessions\/je-ne-voulais-pas-de-mon-enfant-a-la-naissance\" \/>\n<meta property=\"og:site_name\" content=\"Les confessions\" \/>\n<meta property=\"article:published_time\" content=\"2009-06-15T12:12:00+00:00\" \/>\n<meta name=\"author\" content=\"maman anonyme\" \/>\n<meta name=\"twitter:card\" content=\"summary_large_image\" \/>\n<meta name=\"twitter:label1\" content=\"\u00c9crit par\" \/>\n\t<meta name=\"twitter:data1\" content=\"maman anonyme\" \/>\n\t<meta name=\"twitter:label2\" content=\"Dur\u00e9e de lecture estim\u00e9e\" \/>\n\t<meta name=\"twitter:data2\" content=\"1 minute\" \/>\n<script type=\"application\/ld+json\" class=\"yoast-schema-graph\">{\"@context\":\"https:\/\/schema.org\",\"@graph\":[{\"@type\":\"WebPage\",\"@id\":\"https:\/\/www.neufmois.fr\/les-confessions\/je-ne-voulais-pas-de-mon-enfant-a-la-naissance\",\"url\":\"https:\/\/www.neufmois.fr\/les-confessions\/je-ne-voulais-pas-de-mon-enfant-a-la-naissance\",\"name\":\"Je ne voulais pas de mon enfant \u00e0 la naissance - Les confessions\",\"isPartOf\":{\"@id\":\"https:\/\/www.neufmois.fr\/les-confessions\/#website\"},\"datePublished\":\"2009-06-15T12:12:00+00:00\",\"dateModified\":\"2009-06-15T12:12:00+00:00\",\"author\":{\"@id\":\"https:\/\/www.neufmois.fr\/les-confessions\/#\/schema\/person\/893fe127c653ae6741f53a67962f8b5d\"},\"breadcrumb\":{\"@id\":\"https:\/\/www.neufmois.fr\/les-confessions\/je-ne-voulais-pas-de-mon-enfant-a-la-naissance#breadcrumb\"},\"inLanguage\":\"fr-FR\",\"potentialAction\":[{\"@type\":\"ReadAction\",\"target\":[\"https:\/\/www.neufmois.fr\/les-confessions\/je-ne-voulais-pas-de-mon-enfant-a-la-naissance\"]}]},{\"@type\":\"BreadcrumbList\",\"@id\":\"https:\/\/www.neufmois.fr\/les-confessions\/je-ne-voulais-pas-de-mon-enfant-a-la-naissance#breadcrumb\",\"itemListElement\":[{\"@type\":\"ListItem\",\"position\":1,\"name\":\"Accueil\",\"item\":\"https:\/\/www.neufmois.fr\/les-confessions\/\"},{\"@type\":\"ListItem\",\"position\":2,\"name\":\"Je ne voulais pas de mon enfant \u00e0 la naissance\"}]},{\"@type\":\"WebSite\",\"@id\":\"https:\/\/www.neufmois.fr\/les-confessions\/#website\",\"url\":\"https:\/\/www.neufmois.fr\/les-confessions\/\",\"name\":\"Les confessions\",\"description\":\" Les confessions\",\"potentialAction\":[{\"@type\":\"SearchAction\",\"target\":{\"@type\":\"EntryPoint\",\"urlTemplate\":\"https:\/\/www.neufmois.fr\/les-confessions\/?s={search_term_string}\"},\"query-input\":\"required name=search_term_string\"}],\"inLanguage\":\"fr-FR\"},{\"@type\":\"Person\",\"@id\":\"https:\/\/www.neufmois.fr\/les-confessions\/#\/schema\/person\/893fe127c653ae6741f53a67962f8b5d\",\"name\":\"maman anonyme\",\"image\":{\"@type\":\"ImageObject\",\"inLanguage\":\"fr-FR\",\"@id\":\"https:\/\/www.neufmois.fr\/les-confessions\/#\/schema\/person\/image\/\",\"url\":\"https:\/\/secure.gravatar.com\/avatar\/e4b3abeefeb17983433f333a4c54f394?s=96&d=mm&r=g\",\"contentUrl\":\"https:\/\/secure.gravatar.com\/avatar\/e4b3abeefeb17983433f333a4c54f394?s=96&d=mm&r=g\",\"caption\":\"maman anonyme\"},\"url\":\"https:\/\/www.neufmois.fr\/les-confessions\/author\/anonyme\"}]}<\/script>\n<!-- \/ Yoast SEO plugin. -->","yoast_head_json":{"title":"Je ne voulais pas de mon enfant \u00e0 la naissance - Les confessions","robots":{"index":"index","follow":"follow","max-snippet":"max-snippet:-1","max-image-preview":"max-image-preview:large","max-video-preview":"max-video-preview:-1"},"canonical":"https:\/\/www.neufmois.fr\/les-confessions\/je-ne-voulais-pas-de-mon-enfant-a-la-naissance","og_locale":"fr_FR","og_type":"article","og_title":"Je ne voulais pas de mon enfant \u00e0 la naissance - Les confessions","og_description":"Ce que je vais dire risque de choquer et je vous demanderais d&rsquo;\u00eatre indulgentes. Je ne l&rsquo;ai jamais dis \u00e0 personne mais apr\u00e8s avoir accouch\u00e9 de ma fille, je n&rsquo;ai pas voulu la regarder et encore moins la toucher. Elle me d\u00e9gouttais. J&rsquo;ai pensais que \u00e7a allait changer au fur et \u00e0 mersure que je m&rsquo;habituerai \u00e0 l&rsquo;id\u00e9e d&rsquo;\u00eatre maman mais quand je ss rentr\u00e9e \u00e0 la maison, j&rsquo;ai du me forcer \u00e0 m&rsquo;occuper d&rsquo;elle. Et maintenant, 3 ans plus tard, \u00e7a n&rsquo;a pas chang\u00e9 ! Je pense que je","og_url":"https:\/\/www.neufmois.fr\/les-confessions\/je-ne-voulais-pas-de-mon-enfant-a-la-naissance","og_site_name":"Les confessions","article_published_time":"2009-06-15T12:12:00+00:00","author":"maman anonyme","twitter_card":"summary_large_image","twitter_misc":{"\u00c9crit par":"maman anonyme","Dur\u00e9e de lecture estim\u00e9e":"1 minute"},"schema":{"@context":"https:\/\/schema.org","@graph":[{"@type":"WebPage","@id":"https:\/\/www.neufmois.fr\/les-confessions\/je-ne-voulais-pas-de-mon-enfant-a-la-naissance","url":"https:\/\/www.neufmois.fr\/les-confessions\/je-ne-voulais-pas-de-mon-enfant-a-la-naissance","name":"Je ne voulais pas de mon enfant \u00e0 la naissance - Les confessions","isPartOf":{"@id":"https:\/\/www.neufmois.fr\/les-confessions\/#website"},"datePublished":"2009-06-15T12:12:00+00:00","dateModified":"2009-06-15T12:12:00+00:00","author":{"@id":"https:\/\/www.neufmois.fr\/les-confessions\/#\/schema\/person\/893fe127c653ae6741f53a67962f8b5d"},"breadcrumb":{"@id":"https:\/\/www.neufmois.fr\/les-confessions\/je-ne-voulais-pas-de-mon-enfant-a-la-naissance#breadcrumb"},"inLanguage":"fr-FR","potentialAction":[{"@type":"ReadAction","target":["https:\/\/www.neufmois.fr\/les-confessions\/je-ne-voulais-pas-de-mon-enfant-a-la-naissance"]}]},{"@type":"BreadcrumbList","@id":"https:\/\/www.neufmois.fr\/les-confessions\/je-ne-voulais-pas-de-mon-enfant-a-la-naissance#breadcrumb","itemListElement":[{"@type":"ListItem","position":1,"name":"Accueil","item":"https:\/\/www.neufmois.fr\/les-confessions\/"},{"@type":"ListItem","position":2,"name":"Je ne voulais pas de mon enfant \u00e0 la naissance"}]},{"@type":"WebSite","@id":"https:\/\/www.neufmois.fr\/les-confessions\/#website","url":"https:\/\/www.neufmois.fr\/les-confessions\/","name":"Les confessions","description":" Les confessions","potentialAction":[{"@type":"SearchAction","target":{"@type":"EntryPoint","urlTemplate":"https:\/\/www.neufmois.fr\/les-confessions\/?s={search_term_string}"},"query-input":"required name=search_term_string"}],"inLanguage":"fr-FR"},{"@type":"Person","@id":"https:\/\/www.neufmois.fr\/les-confessions\/#\/schema\/person\/893fe127c653ae6741f53a67962f8b5d","name":"maman anonyme","image":{"@type":"ImageObject","inLanguage":"fr-FR","@id":"https:\/\/www.neufmois.fr\/les-confessions\/#\/schema\/person\/image\/","url":"https:\/\/secure.gravatar.com\/avatar\/e4b3abeefeb17983433f333a4c54f394?s=96&d=mm&r=g","contentUrl":"https:\/\/secure.gravatar.com\/avatar\/e4b3abeefeb17983433f333a4c54f394?s=96&d=mm&r=g","caption":"maman anonyme"},"url":"https:\/\/www.neufmois.fr\/les-confessions\/author\/anonyme"}]}},"amp_enabled":true,"_links":{"self":[{"href":"https:\/\/www.neufmois.fr\/les-confessions\/wp-json\/wp\/v2\/posts\/594"}],"collection":[{"href":"https:\/\/www.neufmois.fr\/les-confessions\/wp-json\/wp\/v2\/posts"}],"about":[{"href":"https:\/\/www.neufmois.fr\/les-confessions\/wp-json\/wp\/v2\/types\/post"}],"author":[{"embeddable":true,"href":"https:\/\/www.neufmois.fr\/les-confessions\/wp-json\/wp\/v2\/users\/461446"}],"replies":[{"embeddable":true,"href":"https:\/\/www.neufmois.fr\/les-confessions\/wp-json\/wp\/v2\/comments?post=594"}],"version-history":[{"count":0,"href":"https:\/\/www.neufmois.fr\/les-confessions\/wp-json\/wp\/v2\/posts\/594\/revisions"}],"wp:attachment":[{"href":"https:\/\/www.neufmois.fr\/les-confessions\/wp-json\/wp\/v2\/media?parent=594"}],"wp:term":[{"taxonomy":"category","embeddable":true,"href":"https:\/\/www.neufmois.fr\/les-confessions\/wp-json\/wp\/v2\/categories?post=594"},{"taxonomy":"post_tag","embeddable":true,"href":"https:\/\/www.neufmois.fr\/les-confessions\/wp-json\/wp\/v2\/tags?post=594"}],"curies":[{"name":"wp","href":"https:\/\/api.w.org\/{rel}","templated":true}]}}