{"id":582,"date":"2009-07-21T10:26:00","date_gmt":"2009-07-21T10:26:00","guid":{"rendered":"https:\/\/www.neufmois.fr\/les-confessions\/?p=582"},"modified":"2009-07-21T10:26:00","modified_gmt":"2009-07-21T10:26:00","slug":"grossesse-et-anxyolitique-anti-depresseur","status":"publish","type":"post","link":"https:\/\/www.neufmois.fr\/les-confessions\/grossesse-et-anxyolitique-anti-depresseur","title":{"rendered":"Grossesse et anxyolitique\/anti d\u00e9presseur"},"content":{"rendered":"<p>Bonjour<br \/>\nJ&rsquo;ai un petit bout et nous souhaiterions avoir un deuxi\u00e8me enfant. Quelques mois apr\u00e8s mon accouchement, j&rsquo;ai eu des s\u00e9ries de crise d&rsquo;angoisse violentes, d&rsquo;o\u00f9 un traitement sous lexomil et laroxyl. Le traitement est \u00e0 ce jour bien diminu\u00e9 (un 1\/4 de lexo le matin et 8 gouttes de laroxyl le soir) je suis toujours suivie par un psychiatre.<br \/>\nJ&rsquo;ai vu mon gyn\u00e9co la semaine derni\u00e8re qui m&rsquo;a dit qu&rsquo;avec ce traitement et ces doses, pas de soucis pour envisager une grossesse.<br \/>\nMais je ne suis pas tr\u00e8s tranquille. Je ne sais pas si j&rsquo;envisage une grossesse en maintenant ce traitement, sans le diminuer pendant 9 mois ou alors s&rsquo;il vaut mieux l&rsquo;arr\u00eater. Mais j&rsquo;ai peur de me sevrer pr\u00e9cipitamment et d&rsquo;\u00eatre tr\u00e8s angoiss\u00e9e pendant ma grossesse. Avez eu des exp\u00e9rience similaires ? Que feriez vous ?<br \/>\nMERCI<\/p>\n","protected":false},"excerpt":{"rendered":"<p>Bonjour J&rsquo;ai un petit bout et nous souhaiterions avoir un deuxi\u00e8me enfant. Quelques mois apr\u00e8s mon accouchement, j&rsquo;ai eu des s\u00e9ries de crise d&rsquo;angoisse violentes, d&rsquo;o\u00f9 un traitement sous lexomil et laroxyl. Le traitement est \u00e0 ce jour bien diminu\u00e9 (un 1\/4 de lexo le matin et 8 gouttes de laroxyl le soir) je suis toujours suivie par un psychiatre. J&rsquo;ai vu mon gyn\u00e9co la semaine derni\u00e8re qui m&rsquo;a dit qu&rsquo;avec ce traitement et ces doses, pas de soucis pour envisager une grossesse. Mais je ne suis pas tr\u00e8s tranquille.<\/p>\n","protected":false},"author":461446,"featured_media":0,"comment_status":"open","ping_status":"open","sticky":false,"template":"","format":"standard","meta":[],"categories":[1],"tags":[],"yoast_head":"<!-- This site is optimized with the Yoast SEO plugin v20.4 - https:\/\/yoast.com\/wordpress\/plugins\/seo\/ -->\n<title>Grossesse et anxyolitique\/anti d\u00e9presseur - Les confessions<\/title>\n<meta name=\"robots\" content=\"index, follow, max-snippet:-1, max-image-preview:large, max-video-preview:-1\" \/>\n<link rel=\"canonical\" href=\"https:\/\/www.neufmois.fr\/les-confessions\/grossesse-et-anxyolitique-anti-depresseur\" \/>\n<meta property=\"og:locale\" content=\"fr_FR\" \/>\n<meta property=\"og:type\" content=\"article\" \/>\n<meta property=\"og:title\" content=\"Grossesse et anxyolitique\/anti d\u00e9presseur - Les confessions\" \/>\n<meta property=\"og:description\" content=\"Bonjour J&rsquo;ai un petit bout et nous souhaiterions avoir un deuxi\u00e8me enfant. Quelques mois apr\u00e8s mon accouchement, j&rsquo;ai eu des s\u00e9ries de crise d&rsquo;angoisse violentes, d&rsquo;o\u00f9 un traitement sous lexomil et laroxyl. Le traitement est \u00e0 ce jour bien diminu\u00e9 (un 1\/4 de lexo le matin et 8 gouttes de laroxyl le soir) je suis toujours suivie par un psychiatre. J&rsquo;ai vu mon gyn\u00e9co la semaine derni\u00e8re qui m&rsquo;a dit qu&rsquo;avec ce traitement et ces doses, pas de soucis pour envisager une grossesse. Mais je ne suis pas tr\u00e8s tranquille.\" \/>\n<meta property=\"og:url\" content=\"https:\/\/www.neufmois.fr\/les-confessions\/grossesse-et-anxyolitique-anti-depresseur\" \/>\n<meta property=\"og:site_name\" content=\"Les confessions\" \/>\n<meta property=\"article:published_time\" content=\"2009-07-21T10:26:00+00:00\" \/>\n<meta name=\"author\" content=\"maman anonyme\" \/>\n<meta name=\"twitter:card\" content=\"summary_large_image\" \/>\n<meta name=\"twitter:label1\" content=\"\u00c9crit par\" \/>\n\t<meta name=\"twitter:data1\" content=\"maman anonyme\" \/>\n\t<meta name=\"twitter:label2\" content=\"Dur\u00e9e de lecture estim\u00e9e\" \/>\n\t<meta name=\"twitter:data2\" content=\"1 minute\" \/>\n<script type=\"application\/ld+json\" class=\"yoast-schema-graph\">{\"@context\":\"https:\/\/schema.org\",\"@graph\":[{\"@type\":\"WebPage\",\"@id\":\"https:\/\/www.neufmois.fr\/les-confessions\/grossesse-et-anxyolitique-anti-depresseur\",\"url\":\"https:\/\/www.neufmois.fr\/les-confessions\/grossesse-et-anxyolitique-anti-depresseur\",\"name\":\"Grossesse et anxyolitique\/anti d\u00e9presseur - Les confessions\",\"isPartOf\":{\"@id\":\"https:\/\/www.neufmois.fr\/les-confessions\/#website\"},\"datePublished\":\"2009-07-21T10:26:00+00:00\",\"dateModified\":\"2009-07-21T10:26:00+00:00\",\"author\":{\"@id\":\"https:\/\/www.neufmois.fr\/les-confessions\/#\/schema\/person\/893fe127c653ae6741f53a67962f8b5d\"},\"breadcrumb\":{\"@id\":\"https:\/\/www.neufmois.fr\/les-confessions\/grossesse-et-anxyolitique-anti-depresseur#breadcrumb\"},\"inLanguage\":\"fr-FR\",\"potentialAction\":[{\"@type\":\"ReadAction\",\"target\":[\"https:\/\/www.neufmois.fr\/les-confessions\/grossesse-et-anxyolitique-anti-depresseur\"]}]},{\"@type\":\"BreadcrumbList\",\"@id\":\"https:\/\/www.neufmois.fr\/les-confessions\/grossesse-et-anxyolitique-anti-depresseur#breadcrumb\",\"itemListElement\":[{\"@type\":\"ListItem\",\"position\":1,\"name\":\"Accueil\",\"item\":\"https:\/\/www.neufmois.fr\/les-confessions\/\"},{\"@type\":\"ListItem\",\"position\":2,\"name\":\"Grossesse et anxyolitique\/anti d\u00e9presseur\"}]},{\"@type\":\"WebSite\",\"@id\":\"https:\/\/www.neufmois.fr\/les-confessions\/#website\",\"url\":\"https:\/\/www.neufmois.fr\/les-confessions\/\",\"name\":\"Les confessions\",\"description\":\" Les confessions\",\"potentialAction\":[{\"@type\":\"SearchAction\",\"target\":{\"@type\":\"EntryPoint\",\"urlTemplate\":\"https:\/\/www.neufmois.fr\/les-confessions\/?s={search_term_string}\"},\"query-input\":\"required name=search_term_string\"}],\"inLanguage\":\"fr-FR\"},{\"@type\":\"Person\",\"@id\":\"https:\/\/www.neufmois.fr\/les-confessions\/#\/schema\/person\/893fe127c653ae6741f53a67962f8b5d\",\"name\":\"maman anonyme\",\"image\":{\"@type\":\"ImageObject\",\"inLanguage\":\"fr-FR\",\"@id\":\"https:\/\/www.neufmois.fr\/les-confessions\/#\/schema\/person\/image\/\",\"url\":\"https:\/\/secure.gravatar.com\/avatar\/e4b3abeefeb17983433f333a4c54f394?s=96&d=mm&r=g\",\"contentUrl\":\"https:\/\/secure.gravatar.com\/avatar\/e4b3abeefeb17983433f333a4c54f394?s=96&d=mm&r=g\",\"caption\":\"maman anonyme\"},\"url\":\"https:\/\/www.neufmois.fr\/les-confessions\/author\/anonyme\"}]}<\/script>\n<!-- \/ Yoast SEO plugin. -->","yoast_head_json":{"title":"Grossesse et anxyolitique\/anti d\u00e9presseur - Les confessions","robots":{"index":"index","follow":"follow","max-snippet":"max-snippet:-1","max-image-preview":"max-image-preview:large","max-video-preview":"max-video-preview:-1"},"canonical":"https:\/\/www.neufmois.fr\/les-confessions\/grossesse-et-anxyolitique-anti-depresseur","og_locale":"fr_FR","og_type":"article","og_title":"Grossesse et anxyolitique\/anti d\u00e9presseur - Les confessions","og_description":"Bonjour J&rsquo;ai un petit bout et nous souhaiterions avoir un deuxi\u00e8me enfant. Quelques mois apr\u00e8s mon accouchement, j&rsquo;ai eu des s\u00e9ries de crise d&rsquo;angoisse violentes, d&rsquo;o\u00f9 un traitement sous lexomil et laroxyl. Le traitement est \u00e0 ce jour bien diminu\u00e9 (un 1\/4 de lexo le matin et 8 gouttes de laroxyl le soir) je suis toujours suivie par un psychiatre. J&rsquo;ai vu mon gyn\u00e9co la semaine derni\u00e8re qui m&rsquo;a dit qu&rsquo;avec ce traitement et ces doses, pas de soucis pour envisager une grossesse. Mais je ne suis pas tr\u00e8s tranquille.","og_url":"https:\/\/www.neufmois.fr\/les-confessions\/grossesse-et-anxyolitique-anti-depresseur","og_site_name":"Les confessions","article_published_time":"2009-07-21T10:26:00+00:00","author":"maman anonyme","twitter_card":"summary_large_image","twitter_misc":{"\u00c9crit par":"maman anonyme","Dur\u00e9e de lecture estim\u00e9e":"1 minute"},"schema":{"@context":"https:\/\/schema.org","@graph":[{"@type":"WebPage","@id":"https:\/\/www.neufmois.fr\/les-confessions\/grossesse-et-anxyolitique-anti-depresseur","url":"https:\/\/www.neufmois.fr\/les-confessions\/grossesse-et-anxyolitique-anti-depresseur","name":"Grossesse et anxyolitique\/anti d\u00e9presseur - Les confessions","isPartOf":{"@id":"https:\/\/www.neufmois.fr\/les-confessions\/#website"},"datePublished":"2009-07-21T10:26:00+00:00","dateModified":"2009-07-21T10:26:00+00:00","author":{"@id":"https:\/\/www.neufmois.fr\/les-confessions\/#\/schema\/person\/893fe127c653ae6741f53a67962f8b5d"},"breadcrumb":{"@id":"https:\/\/www.neufmois.fr\/les-confessions\/grossesse-et-anxyolitique-anti-depresseur#breadcrumb"},"inLanguage":"fr-FR","potentialAction":[{"@type":"ReadAction","target":["https:\/\/www.neufmois.fr\/les-confessions\/grossesse-et-anxyolitique-anti-depresseur"]}]},{"@type":"BreadcrumbList","@id":"https:\/\/www.neufmois.fr\/les-confessions\/grossesse-et-anxyolitique-anti-depresseur#breadcrumb","itemListElement":[{"@type":"ListItem","position":1,"name":"Accueil","item":"https:\/\/www.neufmois.fr\/les-confessions\/"},{"@type":"ListItem","position":2,"name":"Grossesse et anxyolitique\/anti d\u00e9presseur"}]},{"@type":"WebSite","@id":"https:\/\/www.neufmois.fr\/les-confessions\/#website","url":"https:\/\/www.neufmois.fr\/les-confessions\/","name":"Les confessions","description":" Les confessions","potentialAction":[{"@type":"SearchAction","target":{"@type":"EntryPoint","urlTemplate":"https:\/\/www.neufmois.fr\/les-confessions\/?s={search_term_string}"},"query-input":"required name=search_term_string"}],"inLanguage":"fr-FR"},{"@type":"Person","@id":"https:\/\/www.neufmois.fr\/les-confessions\/#\/schema\/person\/893fe127c653ae6741f53a67962f8b5d","name":"maman anonyme","image":{"@type":"ImageObject","inLanguage":"fr-FR","@id":"https:\/\/www.neufmois.fr\/les-confessions\/#\/schema\/person\/image\/","url":"https:\/\/secure.gravatar.com\/avatar\/e4b3abeefeb17983433f333a4c54f394?s=96&d=mm&r=g","contentUrl":"https:\/\/secure.gravatar.com\/avatar\/e4b3abeefeb17983433f333a4c54f394?s=96&d=mm&r=g","caption":"maman anonyme"},"url":"https:\/\/www.neufmois.fr\/les-confessions\/author\/anonyme"}]}},"amp_enabled":true,"_links":{"self":[{"href":"https:\/\/www.neufmois.fr\/les-confessions\/wp-json\/wp\/v2\/posts\/582"}],"collection":[{"href":"https:\/\/www.neufmois.fr\/les-confessions\/wp-json\/wp\/v2\/posts"}],"about":[{"href":"https:\/\/www.neufmois.fr\/les-confessions\/wp-json\/wp\/v2\/types\/post"}],"author":[{"embeddable":true,"href":"https:\/\/www.neufmois.fr\/les-confessions\/wp-json\/wp\/v2\/users\/461446"}],"replies":[{"embeddable":true,"href":"https:\/\/www.neufmois.fr\/les-confessions\/wp-json\/wp\/v2\/comments?post=582"}],"version-history":[{"count":0,"href":"https:\/\/www.neufmois.fr\/les-confessions\/wp-json\/wp\/v2\/posts\/582\/revisions"}],"wp:attachment":[{"href":"https:\/\/www.neufmois.fr\/les-confessions\/wp-json\/wp\/v2\/media?parent=582"}],"wp:term":[{"taxonomy":"category","embeddable":true,"href":"https:\/\/www.neufmois.fr\/les-confessions\/wp-json\/wp\/v2\/categories?post=582"},{"taxonomy":"post_tag","embeddable":true,"href":"https:\/\/www.neufmois.fr\/les-confessions\/wp-json\/wp\/v2\/tags?post=582"}],"curies":[{"name":"wp","href":"https:\/\/api.w.org\/{rel}","templated":true}]}}