{"id":573,"date":"2009-08-11T18:56:00","date_gmt":"2009-08-11T18:56:00","guid":{"rendered":"https:\/\/www.neufmois.fr\/les-confessions\/?p=573"},"modified":"2009-08-11T18:56:00","modified_gmt":"2009-08-11T18:56:00","slug":"mon-manque-de-confiance-en-moi-nous-gache-la-vie","status":"publish","type":"post","link":"https:\/\/www.neufmois.fr\/les-confessions\/mon-manque-de-confiance-en-moi-nous-gache-la-vie","title":{"rendered":"mon manque de confiance en moi nous g\u00e2che la vie"},"content":{"rendered":"<p>voil\u00e0!! je suis mari\u00e9e par amour et j&rsquo;aime beaucoup mon mari mais j&rsquo;ai l&rsquo;impression de l&rsquo;\u00e9touffer avec ma jalousie!! le probl\u00e8me c&rsquo;est que je ne doute pas de lui mais c&rsquo;est mon manque de confiance en moi qui me g\u00e2che la vie. Je n&rsquo;ai aucune confiance en moi cot\u00e9 physique et pourtant je suis tr\u00e8s charmante. Mais \u00e7a a toujours \u00e9t\u00e9 comme \u00e7a depuis l&rsquo;adolescence m\u00eame si j&rsquo;avais des demandes. Je suis m\u00eame sortie avec de beaux mecs mais je n&rsquo;arrive pas \u00e0 me faire confiance. Du coup, je suis jalouse de n&rsquo;importe qu&rsquo;elle femme qui passe devant mon mari. Apres l&rsquo;accouchement, mon corp s&rsquo;est un peu deform\u00e9 et je me sens toujours inf\u00e9rieure aux autres femmes mais je sais ou il est le grand probleme : mes seins. Je n&rsquo;ai pas de gros seins et d\u00e8s que je vois une femme aux gros seins, je deviens folle surtout \u00e0 la plage. Et meme si mon mari ne l&rsquo;avait pas remarqu\u00e9, je le blame en lui disant qu&rsquo;il la mater pour ses seins. Franchement, j&rsquo;en peux plus. Hier, j&rsquo;ai vraiment craqu\u00e9 \u00e0 la plage car il y avait deux jeunes filles devant nous avec de belles poitrines. D\u00e8s que je les ai vu&#8230; j&rsquo;ai tant pleur\u00e9 et je me suis couch\u00e9e car j&rsquo;avais peur de voir mon mari les regarder. J&rsquo;imagine toujours qu&rsquo;il souhaite que j&rsquo;eusse de gros seins moi aussi. Pourtant, il est plus fesses que seins et il me dit qu&rsquo;il aime mes fesses. Moi moi je me dis qu&rsquo;il pref\u00e8re mes fesses car je n&rsquo;ai pas de beaux seins!!aidez moi svp merci!<\/p>\n","protected":false},"excerpt":{"rendered":"<p>voil\u00e0!! je suis mari\u00e9e par amour et j&rsquo;aime beaucoup mon mari mais j&rsquo;ai l&rsquo;impression de l&rsquo;\u00e9touffer avec ma jalousie!! le probl\u00e8me c&rsquo;est que je ne doute pas de lui mais c&rsquo;est mon manque de confiance en moi qui me g\u00e2che la vie. Je n&rsquo;ai aucune confiance en moi cot\u00e9 physique et pourtant je suis tr\u00e8s charmante. Mais \u00e7a a toujours \u00e9t\u00e9 comme \u00e7a depuis l&rsquo;adolescence m\u00eame si j&rsquo;avais des demandes. Je suis m\u00eame sortie avec de beaux mecs mais je n&rsquo;arrive pas \u00e0 me faire confiance. Du coup, je suis<\/p>\n","protected":false},"author":461446,"featured_media":0,"comment_status":"open","ping_status":"open","sticky":false,"template":"","format":"standard","meta":[],"categories":[1],"tags":[],"yoast_head":"<!-- This site is optimized with the Yoast SEO plugin v20.4 - https:\/\/yoast.com\/wordpress\/plugins\/seo\/ -->\n<title>mon manque de confiance en moi nous g\u00e2che la vie - Les confessions<\/title>\n<meta name=\"robots\" content=\"index, follow, max-snippet:-1, max-image-preview:large, max-video-preview:-1\" \/>\n<link rel=\"canonical\" href=\"https:\/\/www.neufmois.fr\/les-confessions\/mon-manque-de-confiance-en-moi-nous-gache-la-vie\" \/>\n<meta property=\"og:locale\" content=\"fr_FR\" \/>\n<meta property=\"og:type\" content=\"article\" \/>\n<meta property=\"og:title\" content=\"mon manque de confiance en moi nous g\u00e2che la vie - Les confessions\" \/>\n<meta property=\"og:description\" content=\"voil\u00e0!! je suis mari\u00e9e par amour et j&rsquo;aime beaucoup mon mari mais j&rsquo;ai l&rsquo;impression de l&rsquo;\u00e9touffer avec ma jalousie!! le probl\u00e8me c&rsquo;est que je ne doute pas de lui mais c&rsquo;est mon manque de confiance en moi qui me g\u00e2che la vie. Je n&rsquo;ai aucune confiance en moi cot\u00e9 physique et pourtant je suis tr\u00e8s charmante. Mais \u00e7a a toujours \u00e9t\u00e9 comme \u00e7a depuis l&rsquo;adolescence m\u00eame si j&rsquo;avais des demandes. Je suis m\u00eame sortie avec de beaux mecs mais je n&rsquo;arrive pas \u00e0 me faire confiance. Du coup, je suis\" \/>\n<meta property=\"og:url\" content=\"https:\/\/www.neufmois.fr\/les-confessions\/mon-manque-de-confiance-en-moi-nous-gache-la-vie\" \/>\n<meta property=\"og:site_name\" content=\"Les confessions\" \/>\n<meta property=\"article:published_time\" content=\"2009-08-11T18:56:00+00:00\" \/>\n<meta name=\"author\" content=\"maman anonyme\" \/>\n<meta name=\"twitter:card\" content=\"summary_large_image\" \/>\n<meta name=\"twitter:label1\" content=\"\u00c9crit par\" \/>\n\t<meta name=\"twitter:data1\" content=\"maman anonyme\" \/>\n\t<meta name=\"twitter:label2\" content=\"Dur\u00e9e de lecture estim\u00e9e\" \/>\n\t<meta name=\"twitter:data2\" content=\"1 minute\" \/>\n<script type=\"application\/ld+json\" class=\"yoast-schema-graph\">{\"@context\":\"https:\/\/schema.org\",\"@graph\":[{\"@type\":\"WebPage\",\"@id\":\"https:\/\/www.neufmois.fr\/les-confessions\/mon-manque-de-confiance-en-moi-nous-gache-la-vie\",\"url\":\"https:\/\/www.neufmois.fr\/les-confessions\/mon-manque-de-confiance-en-moi-nous-gache-la-vie\",\"name\":\"mon manque de confiance en moi nous g\u00e2che la vie - Les confessions\",\"isPartOf\":{\"@id\":\"https:\/\/www.neufmois.fr\/les-confessions\/#website\"},\"datePublished\":\"2009-08-11T18:56:00+00:00\",\"dateModified\":\"2009-08-11T18:56:00+00:00\",\"author\":{\"@id\":\"https:\/\/www.neufmois.fr\/les-confessions\/#\/schema\/person\/893fe127c653ae6741f53a67962f8b5d\"},\"breadcrumb\":{\"@id\":\"https:\/\/www.neufmois.fr\/les-confessions\/mon-manque-de-confiance-en-moi-nous-gache-la-vie#breadcrumb\"},\"inLanguage\":\"fr-FR\",\"potentialAction\":[{\"@type\":\"ReadAction\",\"target\":[\"https:\/\/www.neufmois.fr\/les-confessions\/mon-manque-de-confiance-en-moi-nous-gache-la-vie\"]}]},{\"@type\":\"BreadcrumbList\",\"@id\":\"https:\/\/www.neufmois.fr\/les-confessions\/mon-manque-de-confiance-en-moi-nous-gache-la-vie#breadcrumb\",\"itemListElement\":[{\"@type\":\"ListItem\",\"position\":1,\"name\":\"Accueil\",\"item\":\"https:\/\/www.neufmois.fr\/les-confessions\/\"},{\"@type\":\"ListItem\",\"position\":2,\"name\":\"mon manque de confiance en moi nous g\u00e2che la vie\"}]},{\"@type\":\"WebSite\",\"@id\":\"https:\/\/www.neufmois.fr\/les-confessions\/#website\",\"url\":\"https:\/\/www.neufmois.fr\/les-confessions\/\",\"name\":\"Les confessions\",\"description\":\" Les confessions\",\"potentialAction\":[{\"@type\":\"SearchAction\",\"target\":{\"@type\":\"EntryPoint\",\"urlTemplate\":\"https:\/\/www.neufmois.fr\/les-confessions\/?s={search_term_string}\"},\"query-input\":\"required name=search_term_string\"}],\"inLanguage\":\"fr-FR\"},{\"@type\":\"Person\",\"@id\":\"https:\/\/www.neufmois.fr\/les-confessions\/#\/schema\/person\/893fe127c653ae6741f53a67962f8b5d\",\"name\":\"maman anonyme\",\"image\":{\"@type\":\"ImageObject\",\"inLanguage\":\"fr-FR\",\"@id\":\"https:\/\/www.neufmois.fr\/les-confessions\/#\/schema\/person\/image\/\",\"url\":\"https:\/\/secure.gravatar.com\/avatar\/e4b3abeefeb17983433f333a4c54f394?s=96&d=mm&r=g\",\"contentUrl\":\"https:\/\/secure.gravatar.com\/avatar\/e4b3abeefeb17983433f333a4c54f394?s=96&d=mm&r=g\",\"caption\":\"maman anonyme\"},\"url\":\"https:\/\/www.neufmois.fr\/les-confessions\/author\/anonyme\"}]}<\/script>\n<!-- \/ Yoast SEO plugin. -->","yoast_head_json":{"title":"mon manque de confiance en moi nous g\u00e2che la vie - Les confessions","robots":{"index":"index","follow":"follow","max-snippet":"max-snippet:-1","max-image-preview":"max-image-preview:large","max-video-preview":"max-video-preview:-1"},"canonical":"https:\/\/www.neufmois.fr\/les-confessions\/mon-manque-de-confiance-en-moi-nous-gache-la-vie","og_locale":"fr_FR","og_type":"article","og_title":"mon manque de confiance en moi nous g\u00e2che la vie - Les confessions","og_description":"voil\u00e0!! je suis mari\u00e9e par amour et j&rsquo;aime beaucoup mon mari mais j&rsquo;ai l&rsquo;impression de l&rsquo;\u00e9touffer avec ma jalousie!! le probl\u00e8me c&rsquo;est que je ne doute pas de lui mais c&rsquo;est mon manque de confiance en moi qui me g\u00e2che la vie. Je n&rsquo;ai aucune confiance en moi cot\u00e9 physique et pourtant je suis tr\u00e8s charmante. Mais \u00e7a a toujours \u00e9t\u00e9 comme \u00e7a depuis l&rsquo;adolescence m\u00eame si j&rsquo;avais des demandes. Je suis m\u00eame sortie avec de beaux mecs mais je n&rsquo;arrive pas \u00e0 me faire confiance. Du coup, je suis","og_url":"https:\/\/www.neufmois.fr\/les-confessions\/mon-manque-de-confiance-en-moi-nous-gache-la-vie","og_site_name":"Les confessions","article_published_time":"2009-08-11T18:56:00+00:00","author":"maman anonyme","twitter_card":"summary_large_image","twitter_misc":{"\u00c9crit par":"maman anonyme","Dur\u00e9e de lecture estim\u00e9e":"1 minute"},"schema":{"@context":"https:\/\/schema.org","@graph":[{"@type":"WebPage","@id":"https:\/\/www.neufmois.fr\/les-confessions\/mon-manque-de-confiance-en-moi-nous-gache-la-vie","url":"https:\/\/www.neufmois.fr\/les-confessions\/mon-manque-de-confiance-en-moi-nous-gache-la-vie","name":"mon manque de confiance en moi nous g\u00e2che la vie - Les confessions","isPartOf":{"@id":"https:\/\/www.neufmois.fr\/les-confessions\/#website"},"datePublished":"2009-08-11T18:56:00+00:00","dateModified":"2009-08-11T18:56:00+00:00","author":{"@id":"https:\/\/www.neufmois.fr\/les-confessions\/#\/schema\/person\/893fe127c653ae6741f53a67962f8b5d"},"breadcrumb":{"@id":"https:\/\/www.neufmois.fr\/les-confessions\/mon-manque-de-confiance-en-moi-nous-gache-la-vie#breadcrumb"},"inLanguage":"fr-FR","potentialAction":[{"@type":"ReadAction","target":["https:\/\/www.neufmois.fr\/les-confessions\/mon-manque-de-confiance-en-moi-nous-gache-la-vie"]}]},{"@type":"BreadcrumbList","@id":"https:\/\/www.neufmois.fr\/les-confessions\/mon-manque-de-confiance-en-moi-nous-gache-la-vie#breadcrumb","itemListElement":[{"@type":"ListItem","position":1,"name":"Accueil","item":"https:\/\/www.neufmois.fr\/les-confessions\/"},{"@type":"ListItem","position":2,"name":"mon manque de confiance en moi nous g\u00e2che la vie"}]},{"@type":"WebSite","@id":"https:\/\/www.neufmois.fr\/les-confessions\/#website","url":"https:\/\/www.neufmois.fr\/les-confessions\/","name":"Les confessions","description":" Les confessions","potentialAction":[{"@type":"SearchAction","target":{"@type":"EntryPoint","urlTemplate":"https:\/\/www.neufmois.fr\/les-confessions\/?s={search_term_string}"},"query-input":"required name=search_term_string"}],"inLanguage":"fr-FR"},{"@type":"Person","@id":"https:\/\/www.neufmois.fr\/les-confessions\/#\/schema\/person\/893fe127c653ae6741f53a67962f8b5d","name":"maman anonyme","image":{"@type":"ImageObject","inLanguage":"fr-FR","@id":"https:\/\/www.neufmois.fr\/les-confessions\/#\/schema\/person\/image\/","url":"https:\/\/secure.gravatar.com\/avatar\/e4b3abeefeb17983433f333a4c54f394?s=96&d=mm&r=g","contentUrl":"https:\/\/secure.gravatar.com\/avatar\/e4b3abeefeb17983433f333a4c54f394?s=96&d=mm&r=g","caption":"maman anonyme"},"url":"https:\/\/www.neufmois.fr\/les-confessions\/author\/anonyme"}]}},"amp_enabled":true,"_links":{"self":[{"href":"https:\/\/www.neufmois.fr\/les-confessions\/wp-json\/wp\/v2\/posts\/573"}],"collection":[{"href":"https:\/\/www.neufmois.fr\/les-confessions\/wp-json\/wp\/v2\/posts"}],"about":[{"href":"https:\/\/www.neufmois.fr\/les-confessions\/wp-json\/wp\/v2\/types\/post"}],"author":[{"embeddable":true,"href":"https:\/\/www.neufmois.fr\/les-confessions\/wp-json\/wp\/v2\/users\/461446"}],"replies":[{"embeddable":true,"href":"https:\/\/www.neufmois.fr\/les-confessions\/wp-json\/wp\/v2\/comments?post=573"}],"version-history":[{"count":0,"href":"https:\/\/www.neufmois.fr\/les-confessions\/wp-json\/wp\/v2\/posts\/573\/revisions"}],"wp:attachment":[{"href":"https:\/\/www.neufmois.fr\/les-confessions\/wp-json\/wp\/v2\/media?parent=573"}],"wp:term":[{"taxonomy":"category","embeddable":true,"href":"https:\/\/www.neufmois.fr\/les-confessions\/wp-json\/wp\/v2\/categories?post=573"},{"taxonomy":"post_tag","embeddable":true,"href":"https:\/\/www.neufmois.fr\/les-confessions\/wp-json\/wp\/v2\/tags?post=573"}],"curies":[{"name":"wp","href":"https:\/\/api.w.org\/{rel}","templated":true}]}}