{"id":562,"date":"2009-09-25T11:50:00","date_gmt":"2009-09-25T11:50:00","guid":{"rendered":"https:\/\/www.neufmois.fr\/les-confessions\/?p=562"},"modified":"2009-09-25T11:50:00","modified_gmt":"2009-09-25T11:50:00","slug":"besoin-de-parler","status":"publish","type":"post","link":"https:\/\/www.neufmois.fr\/les-confessions\/besoin-de-parler","title":{"rendered":"Besoin de parler"},"content":{"rendered":"<p>Voil\u00e0 je vais vous raconter ce qui me mine&#8230;<br \/>\nJ&rsquo;ai appris qu&rsquo;un ami a moi a voulu se suicider parce qu&rsquo;il m&rsquo;aimait et qu&rsquo;il \u00e9tait mari\u00e9&#8230; Et donc relation impossible (moi je l&rsquo;aime pas ) .. Un jour effectivement, il m&rsquo;a appel\u00e9 au t\u00e9l\u00e9phone en disant qu&rsquo;il avait essay\u00e9 de se pendre (\u00e7a, je le savais) en rajoutant &lsquo;\u00e0 cause de son amour pour moi&rsquo;&#8230;<br \/>\nDu coup je culpabilise \u00e0 mort&#8230; J&rsquo;ai rien vu venir et pourtant en y repensant, il y a avait des signes ext\u00e9rieurs.<\/p>\n","protected":false},"excerpt":{"rendered":"<p>Voil\u00e0 je vais vous raconter ce qui me mine&#8230; J&rsquo;ai appris qu&rsquo;un ami a moi a voulu se suicider parce qu&rsquo;il m&rsquo;aimait et qu&rsquo;il \u00e9tait mari\u00e9&#8230; Et donc relation impossible (moi je l&rsquo;aime pas ) .. Un jour effectivement, il m&rsquo;a appel\u00e9 au t\u00e9l\u00e9phone en disant qu&rsquo;il avait essay\u00e9 de se pendre (\u00e7a, je le savais) en rajoutant &lsquo;\u00e0 cause de son amour pour moi&rsquo;&#8230; Du coup je culpabilise \u00e0 mort&#8230; J&rsquo;ai rien vu venir et pourtant en y repensant, il y a avait des signes ext\u00e9rieurs.<\/p>\n","protected":false},"author":461446,"featured_media":0,"comment_status":"open","ping_status":"open","sticky":false,"template":"","format":"standard","meta":[],"categories":[1],"tags":[],"yoast_head":"<!-- This site is optimized with the Yoast SEO plugin v20.4 - https:\/\/yoast.com\/wordpress\/plugins\/seo\/ -->\n<title>Besoin de parler - Les confessions<\/title>\n<meta name=\"robots\" content=\"index, follow, max-snippet:-1, max-image-preview:large, max-video-preview:-1\" \/>\n<link rel=\"canonical\" href=\"https:\/\/www.neufmois.fr\/les-confessions\/besoin-de-parler\" \/>\n<meta property=\"og:locale\" content=\"fr_FR\" \/>\n<meta property=\"og:type\" content=\"article\" \/>\n<meta property=\"og:title\" content=\"Besoin de parler - Les confessions\" \/>\n<meta property=\"og:description\" content=\"Voil\u00e0 je vais vous raconter ce qui me mine&#8230; J&rsquo;ai appris qu&rsquo;un ami a moi a voulu se suicider parce qu&rsquo;il m&rsquo;aimait et qu&rsquo;il \u00e9tait mari\u00e9&#8230; Et donc relation impossible (moi je l&rsquo;aime pas ) .. Un jour effectivement, il m&rsquo;a appel\u00e9 au t\u00e9l\u00e9phone en disant qu&rsquo;il avait essay\u00e9 de se pendre (\u00e7a, je le savais) en rajoutant &lsquo;\u00e0 cause de son amour pour moi&rsquo;&#8230; Du coup je culpabilise \u00e0 mort&#8230; J&rsquo;ai rien vu venir et pourtant en y repensant, il y a avait des signes ext\u00e9rieurs.\" \/>\n<meta property=\"og:url\" content=\"https:\/\/www.neufmois.fr\/les-confessions\/besoin-de-parler\" \/>\n<meta property=\"og:site_name\" content=\"Les confessions\" \/>\n<meta property=\"article:published_time\" content=\"2009-09-25T11:50:00+00:00\" \/>\n<meta name=\"author\" content=\"maman anonyme\" \/>\n<meta name=\"twitter:card\" content=\"summary_large_image\" \/>\n<meta name=\"twitter:label1\" content=\"\u00c9crit par\" \/>\n\t<meta name=\"twitter:data1\" content=\"maman anonyme\" \/>\n<script type=\"application\/ld+json\" class=\"yoast-schema-graph\">{\"@context\":\"https:\/\/schema.org\",\"@graph\":[{\"@type\":\"WebPage\",\"@id\":\"https:\/\/www.neufmois.fr\/les-confessions\/besoin-de-parler\",\"url\":\"https:\/\/www.neufmois.fr\/les-confessions\/besoin-de-parler\",\"name\":\"Besoin de parler - Les confessions\",\"isPartOf\":{\"@id\":\"https:\/\/www.neufmois.fr\/les-confessions\/#website\"},\"datePublished\":\"2009-09-25T11:50:00+00:00\",\"dateModified\":\"2009-09-25T11:50:00+00:00\",\"author\":{\"@id\":\"https:\/\/www.neufmois.fr\/les-confessions\/#\/schema\/person\/893fe127c653ae6741f53a67962f8b5d\"},\"breadcrumb\":{\"@id\":\"https:\/\/www.neufmois.fr\/les-confessions\/besoin-de-parler#breadcrumb\"},\"inLanguage\":\"fr-FR\",\"potentialAction\":[{\"@type\":\"ReadAction\",\"target\":[\"https:\/\/www.neufmois.fr\/les-confessions\/besoin-de-parler\"]}]},{\"@type\":\"BreadcrumbList\",\"@id\":\"https:\/\/www.neufmois.fr\/les-confessions\/besoin-de-parler#breadcrumb\",\"itemListElement\":[{\"@type\":\"ListItem\",\"position\":1,\"name\":\"Accueil\",\"item\":\"https:\/\/www.neufmois.fr\/les-confessions\/\"},{\"@type\":\"ListItem\",\"position\":2,\"name\":\"Besoin de parler\"}]},{\"@type\":\"WebSite\",\"@id\":\"https:\/\/www.neufmois.fr\/les-confessions\/#website\",\"url\":\"https:\/\/www.neufmois.fr\/les-confessions\/\",\"name\":\"Les confessions\",\"description\":\" Les confessions\",\"potentialAction\":[{\"@type\":\"SearchAction\",\"target\":{\"@type\":\"EntryPoint\",\"urlTemplate\":\"https:\/\/www.neufmois.fr\/les-confessions\/?s={search_term_string}\"},\"query-input\":\"required name=search_term_string\"}],\"inLanguage\":\"fr-FR\"},{\"@type\":\"Person\",\"@id\":\"https:\/\/www.neufmois.fr\/les-confessions\/#\/schema\/person\/893fe127c653ae6741f53a67962f8b5d\",\"name\":\"maman anonyme\",\"image\":{\"@type\":\"ImageObject\",\"inLanguage\":\"fr-FR\",\"@id\":\"https:\/\/www.neufmois.fr\/les-confessions\/#\/schema\/person\/image\/\",\"url\":\"https:\/\/secure.gravatar.com\/avatar\/e4b3abeefeb17983433f333a4c54f394?s=96&d=mm&r=g\",\"contentUrl\":\"https:\/\/secure.gravatar.com\/avatar\/e4b3abeefeb17983433f333a4c54f394?s=96&d=mm&r=g\",\"caption\":\"maman anonyme\"},\"url\":\"https:\/\/www.neufmois.fr\/les-confessions\/author\/anonyme\"}]}<\/script>\n<!-- \/ Yoast SEO plugin. -->","yoast_head_json":{"title":"Besoin de parler - Les confessions","robots":{"index":"index","follow":"follow","max-snippet":"max-snippet:-1","max-image-preview":"max-image-preview:large","max-video-preview":"max-video-preview:-1"},"canonical":"https:\/\/www.neufmois.fr\/les-confessions\/besoin-de-parler","og_locale":"fr_FR","og_type":"article","og_title":"Besoin de parler - Les confessions","og_description":"Voil\u00e0 je vais vous raconter ce qui me mine&#8230; J&rsquo;ai appris qu&rsquo;un ami a moi a voulu se suicider parce qu&rsquo;il m&rsquo;aimait et qu&rsquo;il \u00e9tait mari\u00e9&#8230; Et donc relation impossible (moi je l&rsquo;aime pas ) .. Un jour effectivement, il m&rsquo;a appel\u00e9 au t\u00e9l\u00e9phone en disant qu&rsquo;il avait essay\u00e9 de se pendre (\u00e7a, je le savais) en rajoutant &lsquo;\u00e0 cause de son amour pour moi&rsquo;&#8230; Du coup je culpabilise \u00e0 mort&#8230; J&rsquo;ai rien vu venir et pourtant en y repensant, il y a avait des signes ext\u00e9rieurs.","og_url":"https:\/\/www.neufmois.fr\/les-confessions\/besoin-de-parler","og_site_name":"Les confessions","article_published_time":"2009-09-25T11:50:00+00:00","author":"maman anonyme","twitter_card":"summary_large_image","twitter_misc":{"\u00c9crit par":"maman anonyme"},"schema":{"@context":"https:\/\/schema.org","@graph":[{"@type":"WebPage","@id":"https:\/\/www.neufmois.fr\/les-confessions\/besoin-de-parler","url":"https:\/\/www.neufmois.fr\/les-confessions\/besoin-de-parler","name":"Besoin de parler - Les confessions","isPartOf":{"@id":"https:\/\/www.neufmois.fr\/les-confessions\/#website"},"datePublished":"2009-09-25T11:50:00+00:00","dateModified":"2009-09-25T11:50:00+00:00","author":{"@id":"https:\/\/www.neufmois.fr\/les-confessions\/#\/schema\/person\/893fe127c653ae6741f53a67962f8b5d"},"breadcrumb":{"@id":"https:\/\/www.neufmois.fr\/les-confessions\/besoin-de-parler#breadcrumb"},"inLanguage":"fr-FR","potentialAction":[{"@type":"ReadAction","target":["https:\/\/www.neufmois.fr\/les-confessions\/besoin-de-parler"]}]},{"@type":"BreadcrumbList","@id":"https:\/\/www.neufmois.fr\/les-confessions\/besoin-de-parler#breadcrumb","itemListElement":[{"@type":"ListItem","position":1,"name":"Accueil","item":"https:\/\/www.neufmois.fr\/les-confessions\/"},{"@type":"ListItem","position":2,"name":"Besoin de parler"}]},{"@type":"WebSite","@id":"https:\/\/www.neufmois.fr\/les-confessions\/#website","url":"https:\/\/www.neufmois.fr\/les-confessions\/","name":"Les confessions","description":" Les confessions","potentialAction":[{"@type":"SearchAction","target":{"@type":"EntryPoint","urlTemplate":"https:\/\/www.neufmois.fr\/les-confessions\/?s={search_term_string}"},"query-input":"required name=search_term_string"}],"inLanguage":"fr-FR"},{"@type":"Person","@id":"https:\/\/www.neufmois.fr\/les-confessions\/#\/schema\/person\/893fe127c653ae6741f53a67962f8b5d","name":"maman anonyme","image":{"@type":"ImageObject","inLanguage":"fr-FR","@id":"https:\/\/www.neufmois.fr\/les-confessions\/#\/schema\/person\/image\/","url":"https:\/\/secure.gravatar.com\/avatar\/e4b3abeefeb17983433f333a4c54f394?s=96&d=mm&r=g","contentUrl":"https:\/\/secure.gravatar.com\/avatar\/e4b3abeefeb17983433f333a4c54f394?s=96&d=mm&r=g","caption":"maman anonyme"},"url":"https:\/\/www.neufmois.fr\/les-confessions\/author\/anonyme"}]}},"amp_enabled":true,"_links":{"self":[{"href":"https:\/\/www.neufmois.fr\/les-confessions\/wp-json\/wp\/v2\/posts\/562"}],"collection":[{"href":"https:\/\/www.neufmois.fr\/les-confessions\/wp-json\/wp\/v2\/posts"}],"about":[{"href":"https:\/\/www.neufmois.fr\/les-confessions\/wp-json\/wp\/v2\/types\/post"}],"author":[{"embeddable":true,"href":"https:\/\/www.neufmois.fr\/les-confessions\/wp-json\/wp\/v2\/users\/461446"}],"replies":[{"embeddable":true,"href":"https:\/\/www.neufmois.fr\/les-confessions\/wp-json\/wp\/v2\/comments?post=562"}],"version-history":[{"count":0,"href":"https:\/\/www.neufmois.fr\/les-confessions\/wp-json\/wp\/v2\/posts\/562\/revisions"}],"wp:attachment":[{"href":"https:\/\/www.neufmois.fr\/les-confessions\/wp-json\/wp\/v2\/media?parent=562"}],"wp:term":[{"taxonomy":"category","embeddable":true,"href":"https:\/\/www.neufmois.fr\/les-confessions\/wp-json\/wp\/v2\/categories?post=562"},{"taxonomy":"post_tag","embeddable":true,"href":"https:\/\/www.neufmois.fr\/les-confessions\/wp-json\/wp\/v2\/tags?post=562"}],"curies":[{"name":"wp","href":"https:\/\/api.w.org\/{rel}","templated":true}]}}