{"id":552,"date":"2009-10-21T18:09:00","date_gmt":"2009-10-21T18:09:00","guid":{"rendered":"https:\/\/www.neufmois.fr\/les-confessions\/?p=552"},"modified":"2009-10-21T18:09:00","modified_gmt":"2009-10-21T18:09:00","slug":"quand-cest-lhomme-qui-dit-non","status":"publish","type":"post","link":"https:\/\/www.neufmois.fr\/les-confessions\/quand-cest-lhomme-qui-dit-non","title":{"rendered":"quand c&rsquo;est l&rsquo;homme qui dit NON"},"content":{"rendered":"<p>Bonjour,<br \/>\ndepuis mon accouchement il y a 4 mois, moi et mon compagnon n&rsquo;avons eu que 2 rapports. Ce n&rsquo;\u00e9tait pas mieux pendant ma grossesse! De ce c\u00f4t\u00e9 la, il a un traitement m\u00e9dicamenteux, il dit que c&rsquo;est la cause de ses soucis mais il le prenait d\u00e9j\u00e0 avant et ca se passer tres bien. On se dispute souvent avec des mots tr\u00e8s m\u00e9chants pour des broutilles .Je me sens d\u00e9laiss\u00e9e et plus aim\u00e9e. Je doute de ses sentiments m\u00eame s&rsquo;il me jure le contraire. Je ne sais plus quoi penser. Pour moi, les actes sont plus \u00e9difiants que les mots, il n&rsquo;a plus jamais d&rsquo;attention envers moi. C&rsquo;est moi qui g\u00e8re tout \u00e0 la maison. J&rsquo;ai l&rsquo;impression qu&rsquo;il me prend pour une wonderwoman qui peut tout faire sans avoir besoin d&rsquo;aide, d&rsquo;\u00eatre rassur\u00e9e ou cajol\u00e9e. Je pleure chaque jour alors que j&rsquo;ai une petite fille magnifique en bonne sant\u00e9. Elle est vraiment g\u00e9niale et je culpabilise de me sentir si mal.<br \/>\nLes discussions n&rsquo;y font rien. Il acquiesse, s&rsquo;excuse, dit que tout va s&rsquo;arranger mais rien ne change&#8230;<\/p>\n","protected":false},"excerpt":{"rendered":"<p>Bonjour, depuis mon accouchement il y a 4 mois, moi et mon compagnon n&rsquo;avons eu que 2 rapports. Ce n&rsquo;\u00e9tait pas mieux pendant ma grossesse! De ce c\u00f4t\u00e9 la, il a un traitement m\u00e9dicamenteux, il dit que c&rsquo;est la cause de ses soucis mais il le prenait d\u00e9j\u00e0 avant et ca se passer tres bien. On se dispute souvent avec des mots tr\u00e8s m\u00e9chants pour des broutilles .Je me sens d\u00e9laiss\u00e9e et plus aim\u00e9e. Je doute de ses sentiments m\u00eame s&rsquo;il me jure le contraire. Je ne sais plus quoi<\/p>\n","protected":false},"author":461446,"featured_media":0,"comment_status":"open","ping_status":"open","sticky":false,"template":"","format":"standard","meta":[],"categories":[1],"tags":[],"yoast_head":"<!-- This site is optimized with the Yoast SEO plugin v20.4 - https:\/\/yoast.com\/wordpress\/plugins\/seo\/ -->\n<title>quand c&#039;est l&#039;homme qui dit NON - Les confessions<\/title>\n<meta name=\"robots\" content=\"index, follow, max-snippet:-1, max-image-preview:large, max-video-preview:-1\" \/>\n<link rel=\"canonical\" href=\"https:\/\/www.neufmois.fr\/les-confessions\/quand-cest-lhomme-qui-dit-non\" \/>\n<meta property=\"og:locale\" content=\"fr_FR\" \/>\n<meta property=\"og:type\" content=\"article\" \/>\n<meta property=\"og:title\" content=\"quand c&#039;est l&#039;homme qui dit NON - Les confessions\" \/>\n<meta property=\"og:description\" content=\"Bonjour, depuis mon accouchement il y a 4 mois, moi et mon compagnon n&rsquo;avons eu que 2 rapports. Ce n&rsquo;\u00e9tait pas mieux pendant ma grossesse! De ce c\u00f4t\u00e9 la, il a un traitement m\u00e9dicamenteux, il dit que c&rsquo;est la cause de ses soucis mais il le prenait d\u00e9j\u00e0 avant et ca se passer tres bien. On se dispute souvent avec des mots tr\u00e8s m\u00e9chants pour des broutilles .Je me sens d\u00e9laiss\u00e9e et plus aim\u00e9e. Je doute de ses sentiments m\u00eame s&rsquo;il me jure le contraire. Je ne sais plus quoi\" \/>\n<meta property=\"og:url\" content=\"https:\/\/www.neufmois.fr\/les-confessions\/quand-cest-lhomme-qui-dit-non\" \/>\n<meta property=\"og:site_name\" content=\"Les confessions\" \/>\n<meta property=\"article:published_time\" content=\"2009-10-21T18:09:00+00:00\" \/>\n<meta name=\"author\" content=\"maman anonyme\" \/>\n<meta name=\"twitter:card\" content=\"summary_large_image\" \/>\n<meta name=\"twitter:label1\" content=\"\u00c9crit par\" \/>\n\t<meta name=\"twitter:data1\" content=\"maman anonyme\" \/>\n\t<meta name=\"twitter:label2\" content=\"Dur\u00e9e de lecture estim\u00e9e\" \/>\n\t<meta name=\"twitter:data2\" content=\"1 minute\" \/>\n<script type=\"application\/ld+json\" class=\"yoast-schema-graph\">{\"@context\":\"https:\/\/schema.org\",\"@graph\":[{\"@type\":\"WebPage\",\"@id\":\"https:\/\/www.neufmois.fr\/les-confessions\/quand-cest-lhomme-qui-dit-non\",\"url\":\"https:\/\/www.neufmois.fr\/les-confessions\/quand-cest-lhomme-qui-dit-non\",\"name\":\"quand c'est l'homme qui dit NON - Les confessions\",\"isPartOf\":{\"@id\":\"https:\/\/www.neufmois.fr\/les-confessions\/#website\"},\"datePublished\":\"2009-10-21T18:09:00+00:00\",\"dateModified\":\"2009-10-21T18:09:00+00:00\",\"author\":{\"@id\":\"https:\/\/www.neufmois.fr\/les-confessions\/#\/schema\/person\/893fe127c653ae6741f53a67962f8b5d\"},\"breadcrumb\":{\"@id\":\"https:\/\/www.neufmois.fr\/les-confessions\/quand-cest-lhomme-qui-dit-non#breadcrumb\"},\"inLanguage\":\"fr-FR\",\"potentialAction\":[{\"@type\":\"ReadAction\",\"target\":[\"https:\/\/www.neufmois.fr\/les-confessions\/quand-cest-lhomme-qui-dit-non\"]}]},{\"@type\":\"BreadcrumbList\",\"@id\":\"https:\/\/www.neufmois.fr\/les-confessions\/quand-cest-lhomme-qui-dit-non#breadcrumb\",\"itemListElement\":[{\"@type\":\"ListItem\",\"position\":1,\"name\":\"Accueil\",\"item\":\"https:\/\/www.neufmois.fr\/les-confessions\/\"},{\"@type\":\"ListItem\",\"position\":2,\"name\":\"quand c&rsquo;est l&rsquo;homme qui dit NON\"}]},{\"@type\":\"WebSite\",\"@id\":\"https:\/\/www.neufmois.fr\/les-confessions\/#website\",\"url\":\"https:\/\/www.neufmois.fr\/les-confessions\/\",\"name\":\"Les confessions\",\"description\":\" Les confessions\",\"potentialAction\":[{\"@type\":\"SearchAction\",\"target\":{\"@type\":\"EntryPoint\",\"urlTemplate\":\"https:\/\/www.neufmois.fr\/les-confessions\/?s={search_term_string}\"},\"query-input\":\"required name=search_term_string\"}],\"inLanguage\":\"fr-FR\"},{\"@type\":\"Person\",\"@id\":\"https:\/\/www.neufmois.fr\/les-confessions\/#\/schema\/person\/893fe127c653ae6741f53a67962f8b5d\",\"name\":\"maman anonyme\",\"image\":{\"@type\":\"ImageObject\",\"inLanguage\":\"fr-FR\",\"@id\":\"https:\/\/www.neufmois.fr\/les-confessions\/#\/schema\/person\/image\/\",\"url\":\"https:\/\/secure.gravatar.com\/avatar\/e4b3abeefeb17983433f333a4c54f394?s=96&d=mm&r=g\",\"contentUrl\":\"https:\/\/secure.gravatar.com\/avatar\/e4b3abeefeb17983433f333a4c54f394?s=96&d=mm&r=g\",\"caption\":\"maman anonyme\"},\"url\":\"https:\/\/www.neufmois.fr\/les-confessions\/author\/anonyme\"}]}<\/script>\n<!-- \/ Yoast SEO plugin. -->","yoast_head_json":{"title":"quand c'est l'homme qui dit NON - Les confessions","robots":{"index":"index","follow":"follow","max-snippet":"max-snippet:-1","max-image-preview":"max-image-preview:large","max-video-preview":"max-video-preview:-1"},"canonical":"https:\/\/www.neufmois.fr\/les-confessions\/quand-cest-lhomme-qui-dit-non","og_locale":"fr_FR","og_type":"article","og_title":"quand c'est l'homme qui dit NON - Les confessions","og_description":"Bonjour, depuis mon accouchement il y a 4 mois, moi et mon compagnon n&rsquo;avons eu que 2 rapports. Ce n&rsquo;\u00e9tait pas mieux pendant ma grossesse! De ce c\u00f4t\u00e9 la, il a un traitement m\u00e9dicamenteux, il dit que c&rsquo;est la cause de ses soucis mais il le prenait d\u00e9j\u00e0 avant et ca se passer tres bien. On se dispute souvent avec des mots tr\u00e8s m\u00e9chants pour des broutilles .Je me sens d\u00e9laiss\u00e9e et plus aim\u00e9e. Je doute de ses sentiments m\u00eame s&rsquo;il me jure le contraire. Je ne sais plus quoi","og_url":"https:\/\/www.neufmois.fr\/les-confessions\/quand-cest-lhomme-qui-dit-non","og_site_name":"Les confessions","article_published_time":"2009-10-21T18:09:00+00:00","author":"maman anonyme","twitter_card":"summary_large_image","twitter_misc":{"\u00c9crit par":"maman anonyme","Dur\u00e9e de lecture estim\u00e9e":"1 minute"},"schema":{"@context":"https:\/\/schema.org","@graph":[{"@type":"WebPage","@id":"https:\/\/www.neufmois.fr\/les-confessions\/quand-cest-lhomme-qui-dit-non","url":"https:\/\/www.neufmois.fr\/les-confessions\/quand-cest-lhomme-qui-dit-non","name":"quand c'est l'homme qui dit NON - Les confessions","isPartOf":{"@id":"https:\/\/www.neufmois.fr\/les-confessions\/#website"},"datePublished":"2009-10-21T18:09:00+00:00","dateModified":"2009-10-21T18:09:00+00:00","author":{"@id":"https:\/\/www.neufmois.fr\/les-confessions\/#\/schema\/person\/893fe127c653ae6741f53a67962f8b5d"},"breadcrumb":{"@id":"https:\/\/www.neufmois.fr\/les-confessions\/quand-cest-lhomme-qui-dit-non#breadcrumb"},"inLanguage":"fr-FR","potentialAction":[{"@type":"ReadAction","target":["https:\/\/www.neufmois.fr\/les-confessions\/quand-cest-lhomme-qui-dit-non"]}]},{"@type":"BreadcrumbList","@id":"https:\/\/www.neufmois.fr\/les-confessions\/quand-cest-lhomme-qui-dit-non#breadcrumb","itemListElement":[{"@type":"ListItem","position":1,"name":"Accueil","item":"https:\/\/www.neufmois.fr\/les-confessions\/"},{"@type":"ListItem","position":2,"name":"quand c&rsquo;est l&rsquo;homme qui dit NON"}]},{"@type":"WebSite","@id":"https:\/\/www.neufmois.fr\/les-confessions\/#website","url":"https:\/\/www.neufmois.fr\/les-confessions\/","name":"Les confessions","description":" Les confessions","potentialAction":[{"@type":"SearchAction","target":{"@type":"EntryPoint","urlTemplate":"https:\/\/www.neufmois.fr\/les-confessions\/?s={search_term_string}"},"query-input":"required name=search_term_string"}],"inLanguage":"fr-FR"},{"@type":"Person","@id":"https:\/\/www.neufmois.fr\/les-confessions\/#\/schema\/person\/893fe127c653ae6741f53a67962f8b5d","name":"maman anonyme","image":{"@type":"ImageObject","inLanguage":"fr-FR","@id":"https:\/\/www.neufmois.fr\/les-confessions\/#\/schema\/person\/image\/","url":"https:\/\/secure.gravatar.com\/avatar\/e4b3abeefeb17983433f333a4c54f394?s=96&d=mm&r=g","contentUrl":"https:\/\/secure.gravatar.com\/avatar\/e4b3abeefeb17983433f333a4c54f394?s=96&d=mm&r=g","caption":"maman anonyme"},"url":"https:\/\/www.neufmois.fr\/les-confessions\/author\/anonyme"}]}},"amp_enabled":true,"_links":{"self":[{"href":"https:\/\/www.neufmois.fr\/les-confessions\/wp-json\/wp\/v2\/posts\/552"}],"collection":[{"href":"https:\/\/www.neufmois.fr\/les-confessions\/wp-json\/wp\/v2\/posts"}],"about":[{"href":"https:\/\/www.neufmois.fr\/les-confessions\/wp-json\/wp\/v2\/types\/post"}],"author":[{"embeddable":true,"href":"https:\/\/www.neufmois.fr\/les-confessions\/wp-json\/wp\/v2\/users\/461446"}],"replies":[{"embeddable":true,"href":"https:\/\/www.neufmois.fr\/les-confessions\/wp-json\/wp\/v2\/comments?post=552"}],"version-history":[{"count":0,"href":"https:\/\/www.neufmois.fr\/les-confessions\/wp-json\/wp\/v2\/posts\/552\/revisions"}],"wp:attachment":[{"href":"https:\/\/www.neufmois.fr\/les-confessions\/wp-json\/wp\/v2\/media?parent=552"}],"wp:term":[{"taxonomy":"category","embeddable":true,"href":"https:\/\/www.neufmois.fr\/les-confessions\/wp-json\/wp\/v2\/categories?post=552"},{"taxonomy":"post_tag","embeddable":true,"href":"https:\/\/www.neufmois.fr\/les-confessions\/wp-json\/wp\/v2\/tags?post=552"}],"curies":[{"name":"wp","href":"https:\/\/api.w.org\/{rel}","templated":true}]}}