{"id":549,"date":"2009-11-05T09:28:00","date_gmt":"2009-11-05T09:28:00","guid":{"rendered":"https:\/\/www.neufmois.fr\/les-confessions\/?p=549"},"modified":"2009-11-05T09:28:00","modified_gmt":"2009-11-05T09:28:00","slug":"un-petit-peu-de-soutien","status":"publish","type":"post","link":"https:\/\/www.neufmois.fr\/les-confessions\/un-petit-peu-de-soutien","title":{"rendered":"un petit peu de soutien"},"content":{"rendered":"<p>Bonjour<br \/>\nJe suis un maman d&rsquo;une petite fille de 7 ans et j&rsquo;attends son petit fr\u00e8re pour le mois de janvier. Je suis en cong\u00e9 pathologique depuis quelques jours car je suis fatigu\u00e9e.<br \/>\nMon mari qui voulait de ce b\u00e9b\u00e9, ne me d\u00e9sire plus. Il me laisse des journ\u00e9es compl\u00e8tes sans bisous, sans je t&rsquo;aime&#8230; J&rsquo;ai l&rsquo;impression qu&rsquo;il n&rsquo;a plus aucun sentiment. Il part tr\u00e8s t\u00f4t le matin et rentre tr\u00e8s tard, cela fait d\u00e9j\u00e0 un plus d&rsquo;un mois que ca dure.<br \/>\nJe me sens si seule. Je suis s\u00fbrement fatigu\u00e9e mais j&rsquo;ai encore envie de lui. Je l&rsquo;aime et j&rsquo;ai besoin de l&rsquo;avoir pr\u00e8s de moi de temps en temps. Mais j&rsquo;ai beau lui demander, presque supplier (c&rsquo;est un peu fort) mais il me renvoit toujours \u00e0 ma grossesse. C&rsquo;est une discussion de sourd.<br \/>\nJ&rsquo;ai m\u00eame pens\u00e9 au pire : divorce, accoucher sous X ou m\u00eame perdre ce b\u00e9b\u00e9 qui n&rsquo;est plus d\u00e9sir\u00e9 (je sais que c&rsquo;est stupide).<br \/>\nA qui en parler, que faire ???? Moralement c&rsquo;est dure&#8230;<br \/>\nMerci d&rsquo;avance.<\/p>\n","protected":false},"excerpt":{"rendered":"<p>Bonjour Je suis un maman d&rsquo;une petite fille de 7 ans et j&rsquo;attends son petit fr\u00e8re pour le mois de janvier. Je suis en cong\u00e9 pathologique depuis quelques jours car je suis fatigu\u00e9e. Mon mari qui voulait de ce b\u00e9b\u00e9, ne me d\u00e9sire plus. Il me laisse des journ\u00e9es compl\u00e8tes sans bisous, sans je t&rsquo;aime&#8230; J&rsquo;ai l&rsquo;impression qu&rsquo;il n&rsquo;a plus aucun sentiment. Il part tr\u00e8s t\u00f4t le matin et rentre tr\u00e8s tard, cela fait d\u00e9j\u00e0 un plus d&rsquo;un mois que ca dure. Je me sens si seule. Je suis s\u00fbrement<\/p>\n","protected":false},"author":461446,"featured_media":0,"comment_status":"open","ping_status":"open","sticky":false,"template":"","format":"standard","meta":[],"categories":[1],"tags":[],"yoast_head":"<!-- This site is optimized with the Yoast SEO plugin v20.4 - https:\/\/yoast.com\/wordpress\/plugins\/seo\/ -->\n<title>un petit peu de soutien - Les confessions<\/title>\n<meta name=\"robots\" content=\"index, follow, max-snippet:-1, max-image-preview:large, max-video-preview:-1\" \/>\n<link rel=\"canonical\" href=\"https:\/\/www.neufmois.fr\/les-confessions\/un-petit-peu-de-soutien\" \/>\n<meta property=\"og:locale\" content=\"fr_FR\" \/>\n<meta property=\"og:type\" content=\"article\" \/>\n<meta property=\"og:title\" content=\"un petit peu de soutien - Les confessions\" \/>\n<meta property=\"og:description\" content=\"Bonjour Je suis un maman d&rsquo;une petite fille de 7 ans et j&rsquo;attends son petit fr\u00e8re pour le mois de janvier. Je suis en cong\u00e9 pathologique depuis quelques jours car je suis fatigu\u00e9e. Mon mari qui voulait de ce b\u00e9b\u00e9, ne me d\u00e9sire plus. Il me laisse des journ\u00e9es compl\u00e8tes sans bisous, sans je t&rsquo;aime&#8230; J&rsquo;ai l&rsquo;impression qu&rsquo;il n&rsquo;a plus aucun sentiment. Il part tr\u00e8s t\u00f4t le matin et rentre tr\u00e8s tard, cela fait d\u00e9j\u00e0 un plus d&rsquo;un mois que ca dure. Je me sens si seule. Je suis s\u00fbrement\" \/>\n<meta property=\"og:url\" content=\"https:\/\/www.neufmois.fr\/les-confessions\/un-petit-peu-de-soutien\" \/>\n<meta property=\"og:site_name\" content=\"Les confessions\" \/>\n<meta property=\"article:published_time\" content=\"2009-11-05T09:28:00+00:00\" \/>\n<meta name=\"author\" content=\"maman anonyme\" \/>\n<meta name=\"twitter:card\" content=\"summary_large_image\" \/>\n<meta name=\"twitter:label1\" content=\"\u00c9crit par\" \/>\n\t<meta name=\"twitter:data1\" content=\"maman anonyme\" \/>\n\t<meta name=\"twitter:label2\" content=\"Dur\u00e9e de lecture estim\u00e9e\" \/>\n\t<meta name=\"twitter:data2\" content=\"1 minute\" \/>\n<script type=\"application\/ld+json\" class=\"yoast-schema-graph\">{\"@context\":\"https:\/\/schema.org\",\"@graph\":[{\"@type\":\"WebPage\",\"@id\":\"https:\/\/www.neufmois.fr\/les-confessions\/un-petit-peu-de-soutien\",\"url\":\"https:\/\/www.neufmois.fr\/les-confessions\/un-petit-peu-de-soutien\",\"name\":\"un petit peu de soutien - Les confessions\",\"isPartOf\":{\"@id\":\"https:\/\/www.neufmois.fr\/les-confessions\/#website\"},\"datePublished\":\"2009-11-05T09:28:00+00:00\",\"dateModified\":\"2009-11-05T09:28:00+00:00\",\"author\":{\"@id\":\"https:\/\/www.neufmois.fr\/les-confessions\/#\/schema\/person\/893fe127c653ae6741f53a67962f8b5d\"},\"breadcrumb\":{\"@id\":\"https:\/\/www.neufmois.fr\/les-confessions\/un-petit-peu-de-soutien#breadcrumb\"},\"inLanguage\":\"fr-FR\",\"potentialAction\":[{\"@type\":\"ReadAction\",\"target\":[\"https:\/\/www.neufmois.fr\/les-confessions\/un-petit-peu-de-soutien\"]}]},{\"@type\":\"BreadcrumbList\",\"@id\":\"https:\/\/www.neufmois.fr\/les-confessions\/un-petit-peu-de-soutien#breadcrumb\",\"itemListElement\":[{\"@type\":\"ListItem\",\"position\":1,\"name\":\"Accueil\",\"item\":\"https:\/\/www.neufmois.fr\/les-confessions\/\"},{\"@type\":\"ListItem\",\"position\":2,\"name\":\"un petit peu de soutien\"}]},{\"@type\":\"WebSite\",\"@id\":\"https:\/\/www.neufmois.fr\/les-confessions\/#website\",\"url\":\"https:\/\/www.neufmois.fr\/les-confessions\/\",\"name\":\"Les confessions\",\"description\":\" Les confessions\",\"potentialAction\":[{\"@type\":\"SearchAction\",\"target\":{\"@type\":\"EntryPoint\",\"urlTemplate\":\"https:\/\/www.neufmois.fr\/les-confessions\/?s={search_term_string}\"},\"query-input\":\"required name=search_term_string\"}],\"inLanguage\":\"fr-FR\"},{\"@type\":\"Person\",\"@id\":\"https:\/\/www.neufmois.fr\/les-confessions\/#\/schema\/person\/893fe127c653ae6741f53a67962f8b5d\",\"name\":\"maman anonyme\",\"image\":{\"@type\":\"ImageObject\",\"inLanguage\":\"fr-FR\",\"@id\":\"https:\/\/www.neufmois.fr\/les-confessions\/#\/schema\/person\/image\/\",\"url\":\"https:\/\/secure.gravatar.com\/avatar\/e4b3abeefeb17983433f333a4c54f394?s=96&d=mm&r=g\",\"contentUrl\":\"https:\/\/secure.gravatar.com\/avatar\/e4b3abeefeb17983433f333a4c54f394?s=96&d=mm&r=g\",\"caption\":\"maman anonyme\"},\"url\":\"https:\/\/www.neufmois.fr\/les-confessions\/author\/anonyme\"}]}<\/script>\n<!-- \/ Yoast SEO plugin. -->","yoast_head_json":{"title":"un petit peu de soutien - Les confessions","robots":{"index":"index","follow":"follow","max-snippet":"max-snippet:-1","max-image-preview":"max-image-preview:large","max-video-preview":"max-video-preview:-1"},"canonical":"https:\/\/www.neufmois.fr\/les-confessions\/un-petit-peu-de-soutien","og_locale":"fr_FR","og_type":"article","og_title":"un petit peu de soutien - Les confessions","og_description":"Bonjour Je suis un maman d&rsquo;une petite fille de 7 ans et j&rsquo;attends son petit fr\u00e8re pour le mois de janvier. Je suis en cong\u00e9 pathologique depuis quelques jours car je suis fatigu\u00e9e. Mon mari qui voulait de ce b\u00e9b\u00e9, ne me d\u00e9sire plus. Il me laisse des journ\u00e9es compl\u00e8tes sans bisous, sans je t&rsquo;aime&#8230; J&rsquo;ai l&rsquo;impression qu&rsquo;il n&rsquo;a plus aucun sentiment. Il part tr\u00e8s t\u00f4t le matin et rentre tr\u00e8s tard, cela fait d\u00e9j\u00e0 un plus d&rsquo;un mois que ca dure. Je me sens si seule. Je suis s\u00fbrement","og_url":"https:\/\/www.neufmois.fr\/les-confessions\/un-petit-peu-de-soutien","og_site_name":"Les confessions","article_published_time":"2009-11-05T09:28:00+00:00","author":"maman anonyme","twitter_card":"summary_large_image","twitter_misc":{"\u00c9crit par":"maman anonyme","Dur\u00e9e de lecture estim\u00e9e":"1 minute"},"schema":{"@context":"https:\/\/schema.org","@graph":[{"@type":"WebPage","@id":"https:\/\/www.neufmois.fr\/les-confessions\/un-petit-peu-de-soutien","url":"https:\/\/www.neufmois.fr\/les-confessions\/un-petit-peu-de-soutien","name":"un petit peu de soutien - Les confessions","isPartOf":{"@id":"https:\/\/www.neufmois.fr\/les-confessions\/#website"},"datePublished":"2009-11-05T09:28:00+00:00","dateModified":"2009-11-05T09:28:00+00:00","author":{"@id":"https:\/\/www.neufmois.fr\/les-confessions\/#\/schema\/person\/893fe127c653ae6741f53a67962f8b5d"},"breadcrumb":{"@id":"https:\/\/www.neufmois.fr\/les-confessions\/un-petit-peu-de-soutien#breadcrumb"},"inLanguage":"fr-FR","potentialAction":[{"@type":"ReadAction","target":["https:\/\/www.neufmois.fr\/les-confessions\/un-petit-peu-de-soutien"]}]},{"@type":"BreadcrumbList","@id":"https:\/\/www.neufmois.fr\/les-confessions\/un-petit-peu-de-soutien#breadcrumb","itemListElement":[{"@type":"ListItem","position":1,"name":"Accueil","item":"https:\/\/www.neufmois.fr\/les-confessions\/"},{"@type":"ListItem","position":2,"name":"un petit peu de soutien"}]},{"@type":"WebSite","@id":"https:\/\/www.neufmois.fr\/les-confessions\/#website","url":"https:\/\/www.neufmois.fr\/les-confessions\/","name":"Les confessions","description":" Les confessions","potentialAction":[{"@type":"SearchAction","target":{"@type":"EntryPoint","urlTemplate":"https:\/\/www.neufmois.fr\/les-confessions\/?s={search_term_string}"},"query-input":"required name=search_term_string"}],"inLanguage":"fr-FR"},{"@type":"Person","@id":"https:\/\/www.neufmois.fr\/les-confessions\/#\/schema\/person\/893fe127c653ae6741f53a67962f8b5d","name":"maman anonyme","image":{"@type":"ImageObject","inLanguage":"fr-FR","@id":"https:\/\/www.neufmois.fr\/les-confessions\/#\/schema\/person\/image\/","url":"https:\/\/secure.gravatar.com\/avatar\/e4b3abeefeb17983433f333a4c54f394?s=96&d=mm&r=g","contentUrl":"https:\/\/secure.gravatar.com\/avatar\/e4b3abeefeb17983433f333a4c54f394?s=96&d=mm&r=g","caption":"maman anonyme"},"url":"https:\/\/www.neufmois.fr\/les-confessions\/author\/anonyme"}]}},"amp_enabled":true,"_links":{"self":[{"href":"https:\/\/www.neufmois.fr\/les-confessions\/wp-json\/wp\/v2\/posts\/549"}],"collection":[{"href":"https:\/\/www.neufmois.fr\/les-confessions\/wp-json\/wp\/v2\/posts"}],"about":[{"href":"https:\/\/www.neufmois.fr\/les-confessions\/wp-json\/wp\/v2\/types\/post"}],"author":[{"embeddable":true,"href":"https:\/\/www.neufmois.fr\/les-confessions\/wp-json\/wp\/v2\/users\/461446"}],"replies":[{"embeddable":true,"href":"https:\/\/www.neufmois.fr\/les-confessions\/wp-json\/wp\/v2\/comments?post=549"}],"version-history":[{"count":0,"href":"https:\/\/www.neufmois.fr\/les-confessions\/wp-json\/wp\/v2\/posts\/549\/revisions"}],"wp:attachment":[{"href":"https:\/\/www.neufmois.fr\/les-confessions\/wp-json\/wp\/v2\/media?parent=549"}],"wp:term":[{"taxonomy":"category","embeddable":true,"href":"https:\/\/www.neufmois.fr\/les-confessions\/wp-json\/wp\/v2\/categories?post=549"},{"taxonomy":"post_tag","embeddable":true,"href":"https:\/\/www.neufmois.fr\/les-confessions\/wp-json\/wp\/v2\/tags?post=549"}],"curies":[{"name":"wp","href":"https:\/\/api.w.org\/{rel}","templated":true}]}}