{"id":543,"date":"2009-12-24T14:32:00","date_gmt":"2009-12-24T14:32:00","guid":{"rendered":"https:\/\/www.neufmois.fr\/les-confessions\/?p=543"},"modified":"2009-12-24T14:32:00","modified_gmt":"2009-12-24T14:32:00","slug":"etrange-sensation-et-perdue","status":"publish","type":"post","link":"https:\/\/www.neufmois.fr\/les-confessions\/etrange-sensation-et-perdue","title":{"rendered":"\u00e9trange sensation et perdue"},"content":{"rendered":"<p>Bonjour<br \/>\nvoil\u00e0 je vous explique ma situation. J&rsquo;ai une petite puce de 20 mois et avec mon \u00e9poux, on essaye de faire bb2. J&rsquo;ai eu mes r\u00e8gles ce mois-ci juste pendant 1a journ\u00e9e et depuis, plus rien. Donc je suis partie en pharmacie acheter un test de grossesse. Je l&rsquo;ai fait le lendemain matin et le r\u00e9sultat \u00e9tait n\u00e9gatif. Moi je pensais vraiment \u00eatre enceinte car j&rsquo;avais des sensations de femmes enceinte mais au final rien du tout. Je suis terriblement d\u00e9\u00e7ue surtout en cette p\u00e9riode de f\u00eates. Je ne sais plus quoi faire. je vous demande si certaines mamans ont d\u00e9j\u00e0 v\u00e9cu \u00e7a et si oui, comment avez-vous fait ? Je recherche \u00e9galement des conseils pour savoir quelle est la bonne p\u00e9riode pour tomber enceinte. Aidez-moi s&rsquo;il vous plait. Merci \u00e0 toutes. <\/p>\n","protected":false},"excerpt":{"rendered":"<p>Bonjour voil\u00e0 je vous explique ma situation. J&rsquo;ai une petite puce de 20 mois et avec mon \u00e9poux, on essaye de faire bb2. J&rsquo;ai eu mes r\u00e8gles ce mois-ci juste pendant 1a journ\u00e9e et depuis, plus rien. Donc je suis partie en pharmacie acheter un test de grossesse. Je l&rsquo;ai fait le lendemain matin et le r\u00e9sultat \u00e9tait n\u00e9gatif. Moi je pensais vraiment \u00eatre enceinte car j&rsquo;avais des sensations de femmes enceinte mais au final rien du tout. Je suis terriblement d\u00e9\u00e7ue surtout en cette p\u00e9riode de f\u00eates. Je ne<\/p>\n","protected":false},"author":461446,"featured_media":0,"comment_status":"open","ping_status":"open","sticky":false,"template":"","format":"standard","meta":[],"categories":[1],"tags":[],"yoast_head":"<!-- This site is optimized with the Yoast SEO plugin v20.4 - https:\/\/yoast.com\/wordpress\/plugins\/seo\/ -->\n<title>\u00e9trange sensation et perdue - Les confessions<\/title>\n<meta name=\"robots\" content=\"index, follow, max-snippet:-1, max-image-preview:large, max-video-preview:-1\" \/>\n<link rel=\"canonical\" href=\"https:\/\/www.neufmois.fr\/les-confessions\/etrange-sensation-et-perdue\" \/>\n<meta property=\"og:locale\" content=\"fr_FR\" \/>\n<meta property=\"og:type\" content=\"article\" \/>\n<meta property=\"og:title\" content=\"\u00e9trange sensation et perdue - Les confessions\" \/>\n<meta property=\"og:description\" content=\"Bonjour voil\u00e0 je vous explique ma situation. J&rsquo;ai une petite puce de 20 mois et avec mon \u00e9poux, on essaye de faire bb2. J&rsquo;ai eu mes r\u00e8gles ce mois-ci juste pendant 1a journ\u00e9e et depuis, plus rien. Donc je suis partie en pharmacie acheter un test de grossesse. Je l&rsquo;ai fait le lendemain matin et le r\u00e9sultat \u00e9tait n\u00e9gatif. Moi je pensais vraiment \u00eatre enceinte car j&rsquo;avais des sensations de femmes enceinte mais au final rien du tout. Je suis terriblement d\u00e9\u00e7ue surtout en cette p\u00e9riode de f\u00eates. Je ne\" \/>\n<meta property=\"og:url\" content=\"https:\/\/www.neufmois.fr\/les-confessions\/etrange-sensation-et-perdue\" \/>\n<meta property=\"og:site_name\" content=\"Les confessions\" \/>\n<meta property=\"article:published_time\" content=\"2009-12-24T14:32:00+00:00\" \/>\n<meta name=\"author\" content=\"maman anonyme\" \/>\n<meta name=\"twitter:card\" content=\"summary_large_image\" \/>\n<meta name=\"twitter:label1\" content=\"\u00c9crit par\" \/>\n\t<meta name=\"twitter:data1\" content=\"maman anonyme\" \/>\n\t<meta name=\"twitter:label2\" content=\"Dur\u00e9e de lecture estim\u00e9e\" \/>\n\t<meta name=\"twitter:data2\" content=\"1 minute\" \/>\n<script type=\"application\/ld+json\" class=\"yoast-schema-graph\">{\"@context\":\"https:\/\/schema.org\",\"@graph\":[{\"@type\":\"WebPage\",\"@id\":\"https:\/\/www.neufmois.fr\/les-confessions\/etrange-sensation-et-perdue\",\"url\":\"https:\/\/www.neufmois.fr\/les-confessions\/etrange-sensation-et-perdue\",\"name\":\"\u00e9trange sensation et perdue - Les confessions\",\"isPartOf\":{\"@id\":\"https:\/\/www.neufmois.fr\/les-confessions\/#website\"},\"datePublished\":\"2009-12-24T14:32:00+00:00\",\"dateModified\":\"2009-12-24T14:32:00+00:00\",\"author\":{\"@id\":\"https:\/\/www.neufmois.fr\/les-confessions\/#\/schema\/person\/893fe127c653ae6741f53a67962f8b5d\"},\"breadcrumb\":{\"@id\":\"https:\/\/www.neufmois.fr\/les-confessions\/etrange-sensation-et-perdue#breadcrumb\"},\"inLanguage\":\"fr-FR\",\"potentialAction\":[{\"@type\":\"ReadAction\",\"target\":[\"https:\/\/www.neufmois.fr\/les-confessions\/etrange-sensation-et-perdue\"]}]},{\"@type\":\"BreadcrumbList\",\"@id\":\"https:\/\/www.neufmois.fr\/les-confessions\/etrange-sensation-et-perdue#breadcrumb\",\"itemListElement\":[{\"@type\":\"ListItem\",\"position\":1,\"name\":\"Accueil\",\"item\":\"https:\/\/www.neufmois.fr\/les-confessions\/\"},{\"@type\":\"ListItem\",\"position\":2,\"name\":\"\u00e9trange sensation et perdue\"}]},{\"@type\":\"WebSite\",\"@id\":\"https:\/\/www.neufmois.fr\/les-confessions\/#website\",\"url\":\"https:\/\/www.neufmois.fr\/les-confessions\/\",\"name\":\"Les confessions\",\"description\":\" Les confessions\",\"potentialAction\":[{\"@type\":\"SearchAction\",\"target\":{\"@type\":\"EntryPoint\",\"urlTemplate\":\"https:\/\/www.neufmois.fr\/les-confessions\/?s={search_term_string}\"},\"query-input\":\"required name=search_term_string\"}],\"inLanguage\":\"fr-FR\"},{\"@type\":\"Person\",\"@id\":\"https:\/\/www.neufmois.fr\/les-confessions\/#\/schema\/person\/893fe127c653ae6741f53a67962f8b5d\",\"name\":\"maman anonyme\",\"image\":{\"@type\":\"ImageObject\",\"inLanguage\":\"fr-FR\",\"@id\":\"https:\/\/www.neufmois.fr\/les-confessions\/#\/schema\/person\/image\/\",\"url\":\"https:\/\/secure.gravatar.com\/avatar\/e4b3abeefeb17983433f333a4c54f394?s=96&d=mm&r=g\",\"contentUrl\":\"https:\/\/secure.gravatar.com\/avatar\/e4b3abeefeb17983433f333a4c54f394?s=96&d=mm&r=g\",\"caption\":\"maman anonyme\"},\"url\":\"https:\/\/www.neufmois.fr\/les-confessions\/author\/anonyme\"}]}<\/script>\n<!-- \/ Yoast SEO plugin. -->","yoast_head_json":{"title":"\u00e9trange sensation et perdue - Les confessions","robots":{"index":"index","follow":"follow","max-snippet":"max-snippet:-1","max-image-preview":"max-image-preview:large","max-video-preview":"max-video-preview:-1"},"canonical":"https:\/\/www.neufmois.fr\/les-confessions\/etrange-sensation-et-perdue","og_locale":"fr_FR","og_type":"article","og_title":"\u00e9trange sensation et perdue - Les confessions","og_description":"Bonjour voil\u00e0 je vous explique ma situation. J&rsquo;ai une petite puce de 20 mois et avec mon \u00e9poux, on essaye de faire bb2. J&rsquo;ai eu mes r\u00e8gles ce mois-ci juste pendant 1a journ\u00e9e et depuis, plus rien. Donc je suis partie en pharmacie acheter un test de grossesse. Je l&rsquo;ai fait le lendemain matin et le r\u00e9sultat \u00e9tait n\u00e9gatif. Moi je pensais vraiment \u00eatre enceinte car j&rsquo;avais des sensations de femmes enceinte mais au final rien du tout. Je suis terriblement d\u00e9\u00e7ue surtout en cette p\u00e9riode de f\u00eates. Je ne","og_url":"https:\/\/www.neufmois.fr\/les-confessions\/etrange-sensation-et-perdue","og_site_name":"Les confessions","article_published_time":"2009-12-24T14:32:00+00:00","author":"maman anonyme","twitter_card":"summary_large_image","twitter_misc":{"\u00c9crit par":"maman anonyme","Dur\u00e9e de lecture estim\u00e9e":"1 minute"},"schema":{"@context":"https:\/\/schema.org","@graph":[{"@type":"WebPage","@id":"https:\/\/www.neufmois.fr\/les-confessions\/etrange-sensation-et-perdue","url":"https:\/\/www.neufmois.fr\/les-confessions\/etrange-sensation-et-perdue","name":"\u00e9trange sensation et perdue - Les confessions","isPartOf":{"@id":"https:\/\/www.neufmois.fr\/les-confessions\/#website"},"datePublished":"2009-12-24T14:32:00+00:00","dateModified":"2009-12-24T14:32:00+00:00","author":{"@id":"https:\/\/www.neufmois.fr\/les-confessions\/#\/schema\/person\/893fe127c653ae6741f53a67962f8b5d"},"breadcrumb":{"@id":"https:\/\/www.neufmois.fr\/les-confessions\/etrange-sensation-et-perdue#breadcrumb"},"inLanguage":"fr-FR","potentialAction":[{"@type":"ReadAction","target":["https:\/\/www.neufmois.fr\/les-confessions\/etrange-sensation-et-perdue"]}]},{"@type":"BreadcrumbList","@id":"https:\/\/www.neufmois.fr\/les-confessions\/etrange-sensation-et-perdue#breadcrumb","itemListElement":[{"@type":"ListItem","position":1,"name":"Accueil","item":"https:\/\/www.neufmois.fr\/les-confessions\/"},{"@type":"ListItem","position":2,"name":"\u00e9trange sensation et perdue"}]},{"@type":"WebSite","@id":"https:\/\/www.neufmois.fr\/les-confessions\/#website","url":"https:\/\/www.neufmois.fr\/les-confessions\/","name":"Les confessions","description":" Les confessions","potentialAction":[{"@type":"SearchAction","target":{"@type":"EntryPoint","urlTemplate":"https:\/\/www.neufmois.fr\/les-confessions\/?s={search_term_string}"},"query-input":"required name=search_term_string"}],"inLanguage":"fr-FR"},{"@type":"Person","@id":"https:\/\/www.neufmois.fr\/les-confessions\/#\/schema\/person\/893fe127c653ae6741f53a67962f8b5d","name":"maman anonyme","image":{"@type":"ImageObject","inLanguage":"fr-FR","@id":"https:\/\/www.neufmois.fr\/les-confessions\/#\/schema\/person\/image\/","url":"https:\/\/secure.gravatar.com\/avatar\/e4b3abeefeb17983433f333a4c54f394?s=96&d=mm&r=g","contentUrl":"https:\/\/secure.gravatar.com\/avatar\/e4b3abeefeb17983433f333a4c54f394?s=96&d=mm&r=g","caption":"maman anonyme"},"url":"https:\/\/www.neufmois.fr\/les-confessions\/author\/anonyme"}]}},"amp_enabled":true,"_links":{"self":[{"href":"https:\/\/www.neufmois.fr\/les-confessions\/wp-json\/wp\/v2\/posts\/543"}],"collection":[{"href":"https:\/\/www.neufmois.fr\/les-confessions\/wp-json\/wp\/v2\/posts"}],"about":[{"href":"https:\/\/www.neufmois.fr\/les-confessions\/wp-json\/wp\/v2\/types\/post"}],"author":[{"embeddable":true,"href":"https:\/\/www.neufmois.fr\/les-confessions\/wp-json\/wp\/v2\/users\/461446"}],"replies":[{"embeddable":true,"href":"https:\/\/www.neufmois.fr\/les-confessions\/wp-json\/wp\/v2\/comments?post=543"}],"version-history":[{"count":0,"href":"https:\/\/www.neufmois.fr\/les-confessions\/wp-json\/wp\/v2\/posts\/543\/revisions"}],"wp:attachment":[{"href":"https:\/\/www.neufmois.fr\/les-confessions\/wp-json\/wp\/v2\/media?parent=543"}],"wp:term":[{"taxonomy":"category","embeddable":true,"href":"https:\/\/www.neufmois.fr\/les-confessions\/wp-json\/wp\/v2\/categories?post=543"},{"taxonomy":"post_tag","embeddable":true,"href":"https:\/\/www.neufmois.fr\/les-confessions\/wp-json\/wp\/v2\/tags?post=543"}],"curies":[{"name":"wp","href":"https:\/\/api.w.org\/{rel}","templated":true}]}}