{"id":539,"date":"2010-01-19T14:48:00","date_gmt":"2010-01-19T14:48:00","guid":{"rendered":"https:\/\/www.neufmois.fr\/les-confessions\/?p=539"},"modified":"2010-01-19T14:48:00","modified_gmt":"2010-01-19T14:48:00","slug":"un-sentiment-de-culpabilite","status":"publish","type":"post","link":"https:\/\/www.neufmois.fr\/les-confessions\/un-sentiment-de-culpabilite","title":{"rendered":"un sentiment de culpabilit\u00e9"},"content":{"rendered":"<p>Voil\u00e0, depuis que mon b\u00e9b\u00e9 est n\u00e9, je n&rsquo;ai pas repris les rapports ni quoique ce soit qui se rapporte au sexe, que ce soit les pr\u00e9liminaires ou les petites g\u00e2teries. Je pr\u00e9tends avoir encore mal car j&rsquo;ai eu beaucoup de point interne  et externe et mon copain est tres compr\u00e9hensif. Mais la vraie raison est que je ressentirais comme de la culpabilite envers mon b\u00e9b\u00e9 si je faisais cela. Je me dis que je serai pas une bonne maman si je fais des cochonneries. Je ne sais pas comment enlever ce sentiment car bient\u00f4t mon excuse m ne marchera plus. Aidez-moi s&rsquo;il vous pla\u00eet.<\/p>\n","protected":false},"excerpt":{"rendered":"<p>Voil\u00e0, depuis que mon b\u00e9b\u00e9 est n\u00e9, je n&rsquo;ai pas repris les rapports ni quoique ce soit qui se rapporte au sexe, que ce soit les pr\u00e9liminaires ou les petites g\u00e2teries. Je pr\u00e9tends avoir encore mal car j&rsquo;ai eu beaucoup de point interne et externe et mon copain est tres compr\u00e9hensif. Mais la vraie raison est que je ressentirais comme de la culpabilite envers mon b\u00e9b\u00e9 si je faisais cela. Je me dis que je serai pas une bonne maman si je fais des cochonneries. Je ne sais pas comment<\/p>\n","protected":false},"author":461446,"featured_media":0,"comment_status":"open","ping_status":"open","sticky":false,"template":"","format":"standard","meta":[],"categories":[1],"tags":[],"yoast_head":"<!-- This site is optimized with the Yoast SEO plugin v20.4 - https:\/\/yoast.com\/wordpress\/plugins\/seo\/ -->\n<title>un sentiment de culpabilit\u00e9 - Les confessions<\/title>\n<meta name=\"robots\" content=\"index, follow, max-snippet:-1, max-image-preview:large, max-video-preview:-1\" \/>\n<link rel=\"canonical\" href=\"https:\/\/www.neufmois.fr\/les-confessions\/un-sentiment-de-culpabilite\" \/>\n<meta property=\"og:locale\" content=\"fr_FR\" \/>\n<meta property=\"og:type\" content=\"article\" \/>\n<meta property=\"og:title\" content=\"un sentiment de culpabilit\u00e9 - Les confessions\" \/>\n<meta property=\"og:description\" content=\"Voil\u00e0, depuis que mon b\u00e9b\u00e9 est n\u00e9, je n&rsquo;ai pas repris les rapports ni quoique ce soit qui se rapporte au sexe, que ce soit les pr\u00e9liminaires ou les petites g\u00e2teries. Je pr\u00e9tends avoir encore mal car j&rsquo;ai eu beaucoup de point interne et externe et mon copain est tres compr\u00e9hensif. Mais la vraie raison est que je ressentirais comme de la culpabilite envers mon b\u00e9b\u00e9 si je faisais cela. Je me dis que je serai pas une bonne maman si je fais des cochonneries. Je ne sais pas comment\" \/>\n<meta property=\"og:url\" content=\"https:\/\/www.neufmois.fr\/les-confessions\/un-sentiment-de-culpabilite\" \/>\n<meta property=\"og:site_name\" content=\"Les confessions\" \/>\n<meta property=\"article:published_time\" content=\"2010-01-19T14:48:00+00:00\" \/>\n<meta name=\"author\" content=\"maman anonyme\" \/>\n<meta name=\"twitter:card\" content=\"summary_large_image\" \/>\n<meta name=\"twitter:label1\" content=\"\u00c9crit par\" \/>\n\t<meta name=\"twitter:data1\" content=\"maman anonyme\" \/>\n\t<meta name=\"twitter:label2\" content=\"Dur\u00e9e de lecture estim\u00e9e\" \/>\n\t<meta name=\"twitter:data2\" content=\"1 minute\" \/>\n<script type=\"application\/ld+json\" class=\"yoast-schema-graph\">{\"@context\":\"https:\/\/schema.org\",\"@graph\":[{\"@type\":\"WebPage\",\"@id\":\"https:\/\/www.neufmois.fr\/les-confessions\/un-sentiment-de-culpabilite\",\"url\":\"https:\/\/www.neufmois.fr\/les-confessions\/un-sentiment-de-culpabilite\",\"name\":\"un sentiment de culpabilit\u00e9 - Les confessions\",\"isPartOf\":{\"@id\":\"https:\/\/www.neufmois.fr\/les-confessions\/#website\"},\"datePublished\":\"2010-01-19T14:48:00+00:00\",\"dateModified\":\"2010-01-19T14:48:00+00:00\",\"author\":{\"@id\":\"https:\/\/www.neufmois.fr\/les-confessions\/#\/schema\/person\/893fe127c653ae6741f53a67962f8b5d\"},\"breadcrumb\":{\"@id\":\"https:\/\/www.neufmois.fr\/les-confessions\/un-sentiment-de-culpabilite#breadcrumb\"},\"inLanguage\":\"fr-FR\",\"potentialAction\":[{\"@type\":\"ReadAction\",\"target\":[\"https:\/\/www.neufmois.fr\/les-confessions\/un-sentiment-de-culpabilite\"]}]},{\"@type\":\"BreadcrumbList\",\"@id\":\"https:\/\/www.neufmois.fr\/les-confessions\/un-sentiment-de-culpabilite#breadcrumb\",\"itemListElement\":[{\"@type\":\"ListItem\",\"position\":1,\"name\":\"Accueil\",\"item\":\"https:\/\/www.neufmois.fr\/les-confessions\/\"},{\"@type\":\"ListItem\",\"position\":2,\"name\":\"un sentiment de culpabilit\u00e9\"}]},{\"@type\":\"WebSite\",\"@id\":\"https:\/\/www.neufmois.fr\/les-confessions\/#website\",\"url\":\"https:\/\/www.neufmois.fr\/les-confessions\/\",\"name\":\"Les confessions\",\"description\":\" Les confessions\",\"potentialAction\":[{\"@type\":\"SearchAction\",\"target\":{\"@type\":\"EntryPoint\",\"urlTemplate\":\"https:\/\/www.neufmois.fr\/les-confessions\/?s={search_term_string}\"},\"query-input\":\"required name=search_term_string\"}],\"inLanguage\":\"fr-FR\"},{\"@type\":\"Person\",\"@id\":\"https:\/\/www.neufmois.fr\/les-confessions\/#\/schema\/person\/893fe127c653ae6741f53a67962f8b5d\",\"name\":\"maman anonyme\",\"image\":{\"@type\":\"ImageObject\",\"inLanguage\":\"fr-FR\",\"@id\":\"https:\/\/www.neufmois.fr\/les-confessions\/#\/schema\/person\/image\/\",\"url\":\"https:\/\/secure.gravatar.com\/avatar\/e4b3abeefeb17983433f333a4c54f394?s=96&d=mm&r=g\",\"contentUrl\":\"https:\/\/secure.gravatar.com\/avatar\/e4b3abeefeb17983433f333a4c54f394?s=96&d=mm&r=g\",\"caption\":\"maman anonyme\"},\"url\":\"https:\/\/www.neufmois.fr\/les-confessions\/author\/anonyme\"}]}<\/script>\n<!-- \/ Yoast SEO plugin. -->","yoast_head_json":{"title":"un sentiment de culpabilit\u00e9 - Les confessions","robots":{"index":"index","follow":"follow","max-snippet":"max-snippet:-1","max-image-preview":"max-image-preview:large","max-video-preview":"max-video-preview:-1"},"canonical":"https:\/\/www.neufmois.fr\/les-confessions\/un-sentiment-de-culpabilite","og_locale":"fr_FR","og_type":"article","og_title":"un sentiment de culpabilit\u00e9 - Les confessions","og_description":"Voil\u00e0, depuis que mon b\u00e9b\u00e9 est n\u00e9, je n&rsquo;ai pas repris les rapports ni quoique ce soit qui se rapporte au sexe, que ce soit les pr\u00e9liminaires ou les petites g\u00e2teries. Je pr\u00e9tends avoir encore mal car j&rsquo;ai eu beaucoup de point interne et externe et mon copain est tres compr\u00e9hensif. Mais la vraie raison est que je ressentirais comme de la culpabilite envers mon b\u00e9b\u00e9 si je faisais cela. Je me dis que je serai pas une bonne maman si je fais des cochonneries. Je ne sais pas comment","og_url":"https:\/\/www.neufmois.fr\/les-confessions\/un-sentiment-de-culpabilite","og_site_name":"Les confessions","article_published_time":"2010-01-19T14:48:00+00:00","author":"maman anonyme","twitter_card":"summary_large_image","twitter_misc":{"\u00c9crit par":"maman anonyme","Dur\u00e9e de lecture estim\u00e9e":"1 minute"},"schema":{"@context":"https:\/\/schema.org","@graph":[{"@type":"WebPage","@id":"https:\/\/www.neufmois.fr\/les-confessions\/un-sentiment-de-culpabilite","url":"https:\/\/www.neufmois.fr\/les-confessions\/un-sentiment-de-culpabilite","name":"un sentiment de culpabilit\u00e9 - Les confessions","isPartOf":{"@id":"https:\/\/www.neufmois.fr\/les-confessions\/#website"},"datePublished":"2010-01-19T14:48:00+00:00","dateModified":"2010-01-19T14:48:00+00:00","author":{"@id":"https:\/\/www.neufmois.fr\/les-confessions\/#\/schema\/person\/893fe127c653ae6741f53a67962f8b5d"},"breadcrumb":{"@id":"https:\/\/www.neufmois.fr\/les-confessions\/un-sentiment-de-culpabilite#breadcrumb"},"inLanguage":"fr-FR","potentialAction":[{"@type":"ReadAction","target":["https:\/\/www.neufmois.fr\/les-confessions\/un-sentiment-de-culpabilite"]}]},{"@type":"BreadcrumbList","@id":"https:\/\/www.neufmois.fr\/les-confessions\/un-sentiment-de-culpabilite#breadcrumb","itemListElement":[{"@type":"ListItem","position":1,"name":"Accueil","item":"https:\/\/www.neufmois.fr\/les-confessions\/"},{"@type":"ListItem","position":2,"name":"un sentiment de culpabilit\u00e9"}]},{"@type":"WebSite","@id":"https:\/\/www.neufmois.fr\/les-confessions\/#website","url":"https:\/\/www.neufmois.fr\/les-confessions\/","name":"Les confessions","description":" Les confessions","potentialAction":[{"@type":"SearchAction","target":{"@type":"EntryPoint","urlTemplate":"https:\/\/www.neufmois.fr\/les-confessions\/?s={search_term_string}"},"query-input":"required name=search_term_string"}],"inLanguage":"fr-FR"},{"@type":"Person","@id":"https:\/\/www.neufmois.fr\/les-confessions\/#\/schema\/person\/893fe127c653ae6741f53a67962f8b5d","name":"maman anonyme","image":{"@type":"ImageObject","inLanguage":"fr-FR","@id":"https:\/\/www.neufmois.fr\/les-confessions\/#\/schema\/person\/image\/","url":"https:\/\/secure.gravatar.com\/avatar\/e4b3abeefeb17983433f333a4c54f394?s=96&d=mm&r=g","contentUrl":"https:\/\/secure.gravatar.com\/avatar\/e4b3abeefeb17983433f333a4c54f394?s=96&d=mm&r=g","caption":"maman anonyme"},"url":"https:\/\/www.neufmois.fr\/les-confessions\/author\/anonyme"}]}},"amp_enabled":true,"_links":{"self":[{"href":"https:\/\/www.neufmois.fr\/les-confessions\/wp-json\/wp\/v2\/posts\/539"}],"collection":[{"href":"https:\/\/www.neufmois.fr\/les-confessions\/wp-json\/wp\/v2\/posts"}],"about":[{"href":"https:\/\/www.neufmois.fr\/les-confessions\/wp-json\/wp\/v2\/types\/post"}],"author":[{"embeddable":true,"href":"https:\/\/www.neufmois.fr\/les-confessions\/wp-json\/wp\/v2\/users\/461446"}],"replies":[{"embeddable":true,"href":"https:\/\/www.neufmois.fr\/les-confessions\/wp-json\/wp\/v2\/comments?post=539"}],"version-history":[{"count":0,"href":"https:\/\/www.neufmois.fr\/les-confessions\/wp-json\/wp\/v2\/posts\/539\/revisions"}],"wp:attachment":[{"href":"https:\/\/www.neufmois.fr\/les-confessions\/wp-json\/wp\/v2\/media?parent=539"}],"wp:term":[{"taxonomy":"category","embeddable":true,"href":"https:\/\/www.neufmois.fr\/les-confessions\/wp-json\/wp\/v2\/categories?post=539"},{"taxonomy":"post_tag","embeddable":true,"href":"https:\/\/www.neufmois.fr\/les-confessions\/wp-json\/wp\/v2\/tags?post=539"}],"curies":[{"name":"wp","href":"https:\/\/api.w.org\/{rel}","templated":true}]}}