{"id":498,"date":"2010-06-11T10:47:00","date_gmt":"2010-06-11T10:47:00","guid":{"rendered":"https:\/\/www.neufmois.fr\/les-confessions\/?p=498"},"modified":"2010-06-11T10:47:00","modified_gmt":"2010-06-11T10:47:00","slug":"depuis-que-je-suis-enceinte-il-veux-me-quitter","status":"publish","type":"post","link":"https:\/\/www.neufmois.fr\/les-confessions\/depuis-que-je-suis-enceinte-il-veux-me-quitter","title":{"rendered":"Depuis que je suis enceinte, il veux me quitter"},"content":{"rendered":"<p>On est ensemble depuis d\u00e9j\u00e0 sept ans. Nous avons v\u00e9cu beaucoup de choses ensemble mais c&rsquo;est devenu invivable depuis que je lui ai annonc\u00e9 que j&rsquo;etait enceinte. Pour des raisons de sant\u00e9, je ne prenais plus la pilule et il le savait. Nous avons dit que si jamais cela arrivait, nous le garderions. Je ne sais plus quoi faire ni penser car tous les jours il me reproche de ne servir \u00e0 rien car je dors beaucoup depuis le d\u00e9but de ma grossesse et dit qu&rsquo;il veux partir .<\/p>\n","protected":false},"excerpt":{"rendered":"<p>On est ensemble depuis d\u00e9j\u00e0 sept ans. Nous avons v\u00e9cu beaucoup de choses ensemble mais c&rsquo;est devenu invivable depuis que je lui ai annonc\u00e9 que j&rsquo;etait enceinte. Pour des raisons de sant\u00e9, je ne prenais plus la pilule et il le savait. Nous avons dit que si jamais cela arrivait, nous le garderions. Je ne sais plus quoi faire ni penser car tous les jours il me reproche de ne servir \u00e0 rien car je dors beaucoup depuis le d\u00e9but de ma grossesse et dit qu&rsquo;il veux partir .<\/p>\n","protected":false},"author":461446,"featured_media":0,"comment_status":"open","ping_status":"open","sticky":false,"template":"","format":"standard","meta":[],"categories":[1],"tags":[],"yoast_head":"<!-- This site is optimized with the Yoast SEO plugin v20.4 - https:\/\/yoast.com\/wordpress\/plugins\/seo\/ -->\n<title>Depuis que je suis enceinte, il veux me quitter - Les confessions<\/title>\n<meta name=\"robots\" content=\"index, follow, max-snippet:-1, max-image-preview:large, max-video-preview:-1\" \/>\n<link rel=\"canonical\" href=\"https:\/\/www.neufmois.fr\/les-confessions\/depuis-que-je-suis-enceinte-il-veux-me-quitter\" \/>\n<meta property=\"og:locale\" content=\"fr_FR\" \/>\n<meta property=\"og:type\" content=\"article\" \/>\n<meta property=\"og:title\" content=\"Depuis que je suis enceinte, il veux me quitter - Les confessions\" \/>\n<meta property=\"og:description\" content=\"On est ensemble depuis d\u00e9j\u00e0 sept ans. Nous avons v\u00e9cu beaucoup de choses ensemble mais c&rsquo;est devenu invivable depuis que je lui ai annonc\u00e9 que j&rsquo;etait enceinte. Pour des raisons de sant\u00e9, je ne prenais plus la pilule et il le savait. Nous avons dit que si jamais cela arrivait, nous le garderions. Je ne sais plus quoi faire ni penser car tous les jours il me reproche de ne servir \u00e0 rien car je dors beaucoup depuis le d\u00e9but de ma grossesse et dit qu&rsquo;il veux partir .\" \/>\n<meta property=\"og:url\" content=\"https:\/\/www.neufmois.fr\/les-confessions\/depuis-que-je-suis-enceinte-il-veux-me-quitter\" \/>\n<meta property=\"og:site_name\" content=\"Les confessions\" \/>\n<meta property=\"article:published_time\" content=\"2010-06-11T10:47:00+00:00\" \/>\n<meta name=\"author\" content=\"maman anonyme\" \/>\n<meta name=\"twitter:card\" content=\"summary_large_image\" \/>\n<meta name=\"twitter:label1\" content=\"\u00c9crit par\" \/>\n\t<meta name=\"twitter:data1\" content=\"maman anonyme\" \/>\n<script type=\"application\/ld+json\" class=\"yoast-schema-graph\">{\"@context\":\"https:\/\/schema.org\",\"@graph\":[{\"@type\":\"WebPage\",\"@id\":\"https:\/\/www.neufmois.fr\/les-confessions\/depuis-que-je-suis-enceinte-il-veux-me-quitter\",\"url\":\"https:\/\/www.neufmois.fr\/les-confessions\/depuis-que-je-suis-enceinte-il-veux-me-quitter\",\"name\":\"Depuis que je suis enceinte, il veux me quitter - Les confessions\",\"isPartOf\":{\"@id\":\"https:\/\/www.neufmois.fr\/les-confessions\/#website\"},\"datePublished\":\"2010-06-11T10:47:00+00:00\",\"dateModified\":\"2010-06-11T10:47:00+00:00\",\"author\":{\"@id\":\"https:\/\/www.neufmois.fr\/les-confessions\/#\/schema\/person\/893fe127c653ae6741f53a67962f8b5d\"},\"breadcrumb\":{\"@id\":\"https:\/\/www.neufmois.fr\/les-confessions\/depuis-que-je-suis-enceinte-il-veux-me-quitter#breadcrumb\"},\"inLanguage\":\"fr-FR\",\"potentialAction\":[{\"@type\":\"ReadAction\",\"target\":[\"https:\/\/www.neufmois.fr\/les-confessions\/depuis-que-je-suis-enceinte-il-veux-me-quitter\"]}]},{\"@type\":\"BreadcrumbList\",\"@id\":\"https:\/\/www.neufmois.fr\/les-confessions\/depuis-que-je-suis-enceinte-il-veux-me-quitter#breadcrumb\",\"itemListElement\":[{\"@type\":\"ListItem\",\"position\":1,\"name\":\"Accueil\",\"item\":\"https:\/\/www.neufmois.fr\/les-confessions\/\"},{\"@type\":\"ListItem\",\"position\":2,\"name\":\"Depuis que je suis enceinte, il veux me quitter\"}]},{\"@type\":\"WebSite\",\"@id\":\"https:\/\/www.neufmois.fr\/les-confessions\/#website\",\"url\":\"https:\/\/www.neufmois.fr\/les-confessions\/\",\"name\":\"Les confessions\",\"description\":\" Les confessions\",\"potentialAction\":[{\"@type\":\"SearchAction\",\"target\":{\"@type\":\"EntryPoint\",\"urlTemplate\":\"https:\/\/www.neufmois.fr\/les-confessions\/?s={search_term_string}\"},\"query-input\":\"required name=search_term_string\"}],\"inLanguage\":\"fr-FR\"},{\"@type\":\"Person\",\"@id\":\"https:\/\/www.neufmois.fr\/les-confessions\/#\/schema\/person\/893fe127c653ae6741f53a67962f8b5d\",\"name\":\"maman anonyme\",\"image\":{\"@type\":\"ImageObject\",\"inLanguage\":\"fr-FR\",\"@id\":\"https:\/\/www.neufmois.fr\/les-confessions\/#\/schema\/person\/image\/\",\"url\":\"https:\/\/secure.gravatar.com\/avatar\/e4b3abeefeb17983433f333a4c54f394?s=96&d=mm&r=g\",\"contentUrl\":\"https:\/\/secure.gravatar.com\/avatar\/e4b3abeefeb17983433f333a4c54f394?s=96&d=mm&r=g\",\"caption\":\"maman anonyme\"},\"url\":\"https:\/\/www.neufmois.fr\/les-confessions\/author\/anonyme\"}]}<\/script>\n<!-- \/ Yoast SEO plugin. -->","yoast_head_json":{"title":"Depuis que je suis enceinte, il veux me quitter - Les confessions","robots":{"index":"index","follow":"follow","max-snippet":"max-snippet:-1","max-image-preview":"max-image-preview:large","max-video-preview":"max-video-preview:-1"},"canonical":"https:\/\/www.neufmois.fr\/les-confessions\/depuis-que-je-suis-enceinte-il-veux-me-quitter","og_locale":"fr_FR","og_type":"article","og_title":"Depuis que je suis enceinte, il veux me quitter - Les confessions","og_description":"On est ensemble depuis d\u00e9j\u00e0 sept ans. Nous avons v\u00e9cu beaucoup de choses ensemble mais c&rsquo;est devenu invivable depuis que je lui ai annonc\u00e9 que j&rsquo;etait enceinte. Pour des raisons de sant\u00e9, je ne prenais plus la pilule et il le savait. Nous avons dit que si jamais cela arrivait, nous le garderions. Je ne sais plus quoi faire ni penser car tous les jours il me reproche de ne servir \u00e0 rien car je dors beaucoup depuis le d\u00e9but de ma grossesse et dit qu&rsquo;il veux partir .","og_url":"https:\/\/www.neufmois.fr\/les-confessions\/depuis-que-je-suis-enceinte-il-veux-me-quitter","og_site_name":"Les confessions","article_published_time":"2010-06-11T10:47:00+00:00","author":"maman anonyme","twitter_card":"summary_large_image","twitter_misc":{"\u00c9crit par":"maman anonyme"},"schema":{"@context":"https:\/\/schema.org","@graph":[{"@type":"WebPage","@id":"https:\/\/www.neufmois.fr\/les-confessions\/depuis-que-je-suis-enceinte-il-veux-me-quitter","url":"https:\/\/www.neufmois.fr\/les-confessions\/depuis-que-je-suis-enceinte-il-veux-me-quitter","name":"Depuis que je suis enceinte, il veux me quitter - Les confessions","isPartOf":{"@id":"https:\/\/www.neufmois.fr\/les-confessions\/#website"},"datePublished":"2010-06-11T10:47:00+00:00","dateModified":"2010-06-11T10:47:00+00:00","author":{"@id":"https:\/\/www.neufmois.fr\/les-confessions\/#\/schema\/person\/893fe127c653ae6741f53a67962f8b5d"},"breadcrumb":{"@id":"https:\/\/www.neufmois.fr\/les-confessions\/depuis-que-je-suis-enceinte-il-veux-me-quitter#breadcrumb"},"inLanguage":"fr-FR","potentialAction":[{"@type":"ReadAction","target":["https:\/\/www.neufmois.fr\/les-confessions\/depuis-que-je-suis-enceinte-il-veux-me-quitter"]}]},{"@type":"BreadcrumbList","@id":"https:\/\/www.neufmois.fr\/les-confessions\/depuis-que-je-suis-enceinte-il-veux-me-quitter#breadcrumb","itemListElement":[{"@type":"ListItem","position":1,"name":"Accueil","item":"https:\/\/www.neufmois.fr\/les-confessions\/"},{"@type":"ListItem","position":2,"name":"Depuis que je suis enceinte, il veux me quitter"}]},{"@type":"WebSite","@id":"https:\/\/www.neufmois.fr\/les-confessions\/#website","url":"https:\/\/www.neufmois.fr\/les-confessions\/","name":"Les confessions","description":" Les confessions","potentialAction":[{"@type":"SearchAction","target":{"@type":"EntryPoint","urlTemplate":"https:\/\/www.neufmois.fr\/les-confessions\/?s={search_term_string}"},"query-input":"required name=search_term_string"}],"inLanguage":"fr-FR"},{"@type":"Person","@id":"https:\/\/www.neufmois.fr\/les-confessions\/#\/schema\/person\/893fe127c653ae6741f53a67962f8b5d","name":"maman anonyme","image":{"@type":"ImageObject","inLanguage":"fr-FR","@id":"https:\/\/www.neufmois.fr\/les-confessions\/#\/schema\/person\/image\/","url":"https:\/\/secure.gravatar.com\/avatar\/e4b3abeefeb17983433f333a4c54f394?s=96&d=mm&r=g","contentUrl":"https:\/\/secure.gravatar.com\/avatar\/e4b3abeefeb17983433f333a4c54f394?s=96&d=mm&r=g","caption":"maman anonyme"},"url":"https:\/\/www.neufmois.fr\/les-confessions\/author\/anonyme"}]}},"amp_enabled":true,"_links":{"self":[{"href":"https:\/\/www.neufmois.fr\/les-confessions\/wp-json\/wp\/v2\/posts\/498"}],"collection":[{"href":"https:\/\/www.neufmois.fr\/les-confessions\/wp-json\/wp\/v2\/posts"}],"about":[{"href":"https:\/\/www.neufmois.fr\/les-confessions\/wp-json\/wp\/v2\/types\/post"}],"author":[{"embeddable":true,"href":"https:\/\/www.neufmois.fr\/les-confessions\/wp-json\/wp\/v2\/users\/461446"}],"replies":[{"embeddable":true,"href":"https:\/\/www.neufmois.fr\/les-confessions\/wp-json\/wp\/v2\/comments?post=498"}],"version-history":[{"count":0,"href":"https:\/\/www.neufmois.fr\/les-confessions\/wp-json\/wp\/v2\/posts\/498\/revisions"}],"wp:attachment":[{"href":"https:\/\/www.neufmois.fr\/les-confessions\/wp-json\/wp\/v2\/media?parent=498"}],"wp:term":[{"taxonomy":"category","embeddable":true,"href":"https:\/\/www.neufmois.fr\/les-confessions\/wp-json\/wp\/v2\/categories?post=498"},{"taxonomy":"post_tag","embeddable":true,"href":"https:\/\/www.neufmois.fr\/les-confessions\/wp-json\/wp\/v2\/tags?post=498"}],"curies":[{"name":"wp","href":"https:\/\/api.w.org\/{rel}","templated":true}]}}