{"id":486,"date":"2010-06-29T09:20:00","date_gmt":"2010-06-29T09:20:00","guid":{"rendered":"https:\/\/www.neufmois.fr\/les-confessions\/?p=486"},"modified":"2010-06-29T09:20:00","modified_gmt":"2010-06-29T09:20:00","slug":"famille-recomposee","status":"publish","type":"post","link":"https:\/\/www.neufmois.fr\/les-confessions\/famille-recomposee","title":{"rendered":"Famille recompos\u00e9e"},"content":{"rendered":"<p>J&rsquo;ai eu le courage et je lui ai tout d\u00e9ball\u00e9 mardi 22 juin. Il ne pouvait plus supporter mon comportement. Il pensait que j&rsquo;avais un amant et il m&rsquo;a demand\u00e9 ce qui n&rsquo;allait pas. Et l\u00e0, je lui ai tout dit : ces filles qui sont insupportables, son comportement avec mes gar\u00e7ons et tout ce qui ne va pas. On a parl\u00e9 de 9h30 \u00e0 2h30 du matin et je n&rsquo;ai pas vers\u00e9 une larme mais lui oui. Donc, il m&rsquo;a demand\u00e9 de r\u00e9fl\u00e9chir, de ne pas partir sur un coup de t\u00eate, que \u00e7a ne doit pas \u00eatre \u00e0 cause des enfants que je le laisse. Il m&rsquo;a dit qu&rsquo;il m&rsquo;aime et que si je l&rsquo;aime, on pourrait surmonter cette \u00e9preuve. Mais moi je lui ai dit que j&rsquo;en avais marre, qu&rsquo;il faut que je fasse des crises tous les 6 mois pour que \u00e7a se passe bien 2 mois et bien NON ! Je pars le 9 dans ma famille pour prendre du recul et prendre une d\u00e9cission d\u00e9finitive. Pendant tout le week end il m&rsquo;a fait l&rsquo;amoureux transit mais moi bof je pense qu&rsquo;il y a quelque chose qui ne marche plus m\u00eame quand il me touche \u00e7a m&rsquo;agace. Il y a quelque chose qui s&rsquo;est bris\u00e9 chez moi et je ne pense pas que les fleurs, les resto, les fringues qu&rsquo;il m&rsquo;offre pourront r\u00e9parer cela.<br \/>\nMais en plus, un de mes anciens pr\u00e9tendants a refait surface, quelqu&rsquo;un que j&rsquo;avais repouss\u00e9 pour lui, je lui ai m\u00eame dit.<br \/>\nAlors maintenant je me sens mieux. J&rsquo;ai le courage de prendre cette d\u00e9cision qui s&rsquo;imposera \u00e0 moi et avant de partir, il faudra que je lui rapelle car il fait comme si nous n&rsquo;avons pas eu de conversation. Mais moi cette fois je ne marche pas dans ses promesses.<br \/>\nJe pense que j&rsquo;ai bien avanc\u00e9 et prendre le courage de lui parler comme je l&rsquo;ai fait et avoir eu autant de r\u00e9pondant ma \u00e9ppat\u00e9 moi m\u00eame? J&rsquo;ai pris de l&rsquo;assurance et \u00e7a m&rsquo;a fait du bien. Je me sens plus l\u00e9g\u00e8re et maintenant qes filles je m&rsquo;en fous. Elles ne me gacheront plus ma bonne humeur alors vivement le 9 que je parte.<br \/>\nMerci de m&rsquo;avoir soutenue. Cela m&rsquo;a fait du bien.<\/p>\n","protected":false},"excerpt":{"rendered":"<p>J&rsquo;ai eu le courage et je lui ai tout d\u00e9ball\u00e9 mardi 22 juin. Il ne pouvait plus supporter mon comportement. Il pensait que j&rsquo;avais un amant et il m&rsquo;a demand\u00e9 ce qui n&rsquo;allait pas. Et l\u00e0, je lui ai tout dit : ces filles qui sont insupportables, son comportement avec mes gar\u00e7ons et tout ce qui ne va pas. On a parl\u00e9 de 9h30 \u00e0 2h30 du matin et je n&rsquo;ai pas vers\u00e9 une larme mais lui oui. Donc, il m&rsquo;a demand\u00e9 de r\u00e9fl\u00e9chir, de ne pas partir sur un<\/p>\n","protected":false},"author":461446,"featured_media":0,"comment_status":"open","ping_status":"open","sticky":false,"template":"","format":"standard","meta":[],"categories":[1],"tags":[],"yoast_head":"<!-- This site is optimized with the Yoast SEO plugin v20.4 - https:\/\/yoast.com\/wordpress\/plugins\/seo\/ -->\n<title>Famille recompos\u00e9e - Les confessions<\/title>\n<meta name=\"robots\" content=\"index, follow, max-snippet:-1, max-image-preview:large, max-video-preview:-1\" \/>\n<link rel=\"canonical\" href=\"https:\/\/www.neufmois.fr\/les-confessions\/famille-recomposee\" \/>\n<meta property=\"og:locale\" content=\"fr_FR\" \/>\n<meta property=\"og:type\" content=\"article\" \/>\n<meta property=\"og:title\" content=\"Famille recompos\u00e9e - Les confessions\" \/>\n<meta property=\"og:description\" content=\"J&rsquo;ai eu le courage et je lui ai tout d\u00e9ball\u00e9 mardi 22 juin. Il ne pouvait plus supporter mon comportement. Il pensait que j&rsquo;avais un amant et il m&rsquo;a demand\u00e9 ce qui n&rsquo;allait pas. Et l\u00e0, je lui ai tout dit : ces filles qui sont insupportables, son comportement avec mes gar\u00e7ons et tout ce qui ne va pas. On a parl\u00e9 de 9h30 \u00e0 2h30 du matin et je n&rsquo;ai pas vers\u00e9 une larme mais lui oui. Donc, il m&rsquo;a demand\u00e9 de r\u00e9fl\u00e9chir, de ne pas partir sur un\" \/>\n<meta property=\"og:url\" content=\"https:\/\/www.neufmois.fr\/les-confessions\/famille-recomposee\" \/>\n<meta property=\"og:site_name\" content=\"Les confessions\" \/>\n<meta property=\"article:published_time\" content=\"2010-06-29T09:20:00+00:00\" \/>\n<meta name=\"author\" content=\"maman anonyme\" \/>\n<meta name=\"twitter:card\" content=\"summary_large_image\" \/>\n<meta name=\"twitter:label1\" content=\"\u00c9crit par\" \/>\n\t<meta name=\"twitter:data1\" content=\"maman anonyme\" \/>\n\t<meta name=\"twitter:label2\" content=\"Dur\u00e9e de lecture estim\u00e9e\" \/>\n\t<meta name=\"twitter:data2\" content=\"2 minutes\" \/>\n<script type=\"application\/ld+json\" class=\"yoast-schema-graph\">{\"@context\":\"https:\/\/schema.org\",\"@graph\":[{\"@type\":\"WebPage\",\"@id\":\"https:\/\/www.neufmois.fr\/les-confessions\/famille-recomposee\",\"url\":\"https:\/\/www.neufmois.fr\/les-confessions\/famille-recomposee\",\"name\":\"Famille recompos\u00e9e - Les confessions\",\"isPartOf\":{\"@id\":\"https:\/\/www.neufmois.fr\/les-confessions\/#website\"},\"datePublished\":\"2010-06-29T09:20:00+00:00\",\"dateModified\":\"2010-06-29T09:20:00+00:00\",\"author\":{\"@id\":\"https:\/\/www.neufmois.fr\/les-confessions\/#\/schema\/person\/893fe127c653ae6741f53a67962f8b5d\"},\"breadcrumb\":{\"@id\":\"https:\/\/www.neufmois.fr\/les-confessions\/famille-recomposee#breadcrumb\"},\"inLanguage\":\"fr-FR\",\"potentialAction\":[{\"@type\":\"ReadAction\",\"target\":[\"https:\/\/www.neufmois.fr\/les-confessions\/famille-recomposee\"]}]},{\"@type\":\"BreadcrumbList\",\"@id\":\"https:\/\/www.neufmois.fr\/les-confessions\/famille-recomposee#breadcrumb\",\"itemListElement\":[{\"@type\":\"ListItem\",\"position\":1,\"name\":\"Accueil\",\"item\":\"https:\/\/www.neufmois.fr\/les-confessions\/\"},{\"@type\":\"ListItem\",\"position\":2,\"name\":\"Famille recompos\u00e9e\"}]},{\"@type\":\"WebSite\",\"@id\":\"https:\/\/www.neufmois.fr\/les-confessions\/#website\",\"url\":\"https:\/\/www.neufmois.fr\/les-confessions\/\",\"name\":\"Les confessions\",\"description\":\" Les confessions\",\"potentialAction\":[{\"@type\":\"SearchAction\",\"target\":{\"@type\":\"EntryPoint\",\"urlTemplate\":\"https:\/\/www.neufmois.fr\/les-confessions\/?s={search_term_string}\"},\"query-input\":\"required name=search_term_string\"}],\"inLanguage\":\"fr-FR\"},{\"@type\":\"Person\",\"@id\":\"https:\/\/www.neufmois.fr\/les-confessions\/#\/schema\/person\/893fe127c653ae6741f53a67962f8b5d\",\"name\":\"maman anonyme\",\"image\":{\"@type\":\"ImageObject\",\"inLanguage\":\"fr-FR\",\"@id\":\"https:\/\/www.neufmois.fr\/les-confessions\/#\/schema\/person\/image\/\",\"url\":\"https:\/\/secure.gravatar.com\/avatar\/e4b3abeefeb17983433f333a4c54f394?s=96&d=mm&r=g\",\"contentUrl\":\"https:\/\/secure.gravatar.com\/avatar\/e4b3abeefeb17983433f333a4c54f394?s=96&d=mm&r=g\",\"caption\":\"maman anonyme\"},\"url\":\"https:\/\/www.neufmois.fr\/les-confessions\/author\/anonyme\"}]}<\/script>\n<!-- \/ Yoast SEO plugin. -->","yoast_head_json":{"title":"Famille recompos\u00e9e - Les confessions","robots":{"index":"index","follow":"follow","max-snippet":"max-snippet:-1","max-image-preview":"max-image-preview:large","max-video-preview":"max-video-preview:-1"},"canonical":"https:\/\/www.neufmois.fr\/les-confessions\/famille-recomposee","og_locale":"fr_FR","og_type":"article","og_title":"Famille recompos\u00e9e - Les confessions","og_description":"J&rsquo;ai eu le courage et je lui ai tout d\u00e9ball\u00e9 mardi 22 juin. Il ne pouvait plus supporter mon comportement. Il pensait que j&rsquo;avais un amant et il m&rsquo;a demand\u00e9 ce qui n&rsquo;allait pas. Et l\u00e0, je lui ai tout dit : ces filles qui sont insupportables, son comportement avec mes gar\u00e7ons et tout ce qui ne va pas. On a parl\u00e9 de 9h30 \u00e0 2h30 du matin et je n&rsquo;ai pas vers\u00e9 une larme mais lui oui. Donc, il m&rsquo;a demand\u00e9 de r\u00e9fl\u00e9chir, de ne pas partir sur un","og_url":"https:\/\/www.neufmois.fr\/les-confessions\/famille-recomposee","og_site_name":"Les confessions","article_published_time":"2010-06-29T09:20:00+00:00","author":"maman anonyme","twitter_card":"summary_large_image","twitter_misc":{"\u00c9crit par":"maman anonyme","Dur\u00e9e de lecture estim\u00e9e":"2 minutes"},"schema":{"@context":"https:\/\/schema.org","@graph":[{"@type":"WebPage","@id":"https:\/\/www.neufmois.fr\/les-confessions\/famille-recomposee","url":"https:\/\/www.neufmois.fr\/les-confessions\/famille-recomposee","name":"Famille recompos\u00e9e - Les confessions","isPartOf":{"@id":"https:\/\/www.neufmois.fr\/les-confessions\/#website"},"datePublished":"2010-06-29T09:20:00+00:00","dateModified":"2010-06-29T09:20:00+00:00","author":{"@id":"https:\/\/www.neufmois.fr\/les-confessions\/#\/schema\/person\/893fe127c653ae6741f53a67962f8b5d"},"breadcrumb":{"@id":"https:\/\/www.neufmois.fr\/les-confessions\/famille-recomposee#breadcrumb"},"inLanguage":"fr-FR","potentialAction":[{"@type":"ReadAction","target":["https:\/\/www.neufmois.fr\/les-confessions\/famille-recomposee"]}]},{"@type":"BreadcrumbList","@id":"https:\/\/www.neufmois.fr\/les-confessions\/famille-recomposee#breadcrumb","itemListElement":[{"@type":"ListItem","position":1,"name":"Accueil","item":"https:\/\/www.neufmois.fr\/les-confessions\/"},{"@type":"ListItem","position":2,"name":"Famille recompos\u00e9e"}]},{"@type":"WebSite","@id":"https:\/\/www.neufmois.fr\/les-confessions\/#website","url":"https:\/\/www.neufmois.fr\/les-confessions\/","name":"Les confessions","description":" Les confessions","potentialAction":[{"@type":"SearchAction","target":{"@type":"EntryPoint","urlTemplate":"https:\/\/www.neufmois.fr\/les-confessions\/?s={search_term_string}"},"query-input":"required name=search_term_string"}],"inLanguage":"fr-FR"},{"@type":"Person","@id":"https:\/\/www.neufmois.fr\/les-confessions\/#\/schema\/person\/893fe127c653ae6741f53a67962f8b5d","name":"maman anonyme","image":{"@type":"ImageObject","inLanguage":"fr-FR","@id":"https:\/\/www.neufmois.fr\/les-confessions\/#\/schema\/person\/image\/","url":"https:\/\/secure.gravatar.com\/avatar\/e4b3abeefeb17983433f333a4c54f394?s=96&d=mm&r=g","contentUrl":"https:\/\/secure.gravatar.com\/avatar\/e4b3abeefeb17983433f333a4c54f394?s=96&d=mm&r=g","caption":"maman anonyme"},"url":"https:\/\/www.neufmois.fr\/les-confessions\/author\/anonyme"}]}},"amp_enabled":true,"_links":{"self":[{"href":"https:\/\/www.neufmois.fr\/les-confessions\/wp-json\/wp\/v2\/posts\/486"}],"collection":[{"href":"https:\/\/www.neufmois.fr\/les-confessions\/wp-json\/wp\/v2\/posts"}],"about":[{"href":"https:\/\/www.neufmois.fr\/les-confessions\/wp-json\/wp\/v2\/types\/post"}],"author":[{"embeddable":true,"href":"https:\/\/www.neufmois.fr\/les-confessions\/wp-json\/wp\/v2\/users\/461446"}],"replies":[{"embeddable":true,"href":"https:\/\/www.neufmois.fr\/les-confessions\/wp-json\/wp\/v2\/comments?post=486"}],"version-history":[{"count":0,"href":"https:\/\/www.neufmois.fr\/les-confessions\/wp-json\/wp\/v2\/posts\/486\/revisions"}],"wp:attachment":[{"href":"https:\/\/www.neufmois.fr\/les-confessions\/wp-json\/wp\/v2\/media?parent=486"}],"wp:term":[{"taxonomy":"category","embeddable":true,"href":"https:\/\/www.neufmois.fr\/les-confessions\/wp-json\/wp\/v2\/categories?post=486"},{"taxonomy":"post_tag","embeddable":true,"href":"https:\/\/www.neufmois.fr\/les-confessions\/wp-json\/wp\/v2\/tags?post=486"}],"curies":[{"name":"wp","href":"https:\/\/api.w.org\/{rel}","templated":true}]}}