{"id":483,"date":"2010-07-05T10:30:00","date_gmt":"2010-07-05T10:30:00","guid":{"rendered":"https:\/\/www.neufmois.fr\/les-confessions\/?p=483"},"modified":"2010-07-05T10:30:00","modified_gmt":"2010-07-05T10:30:00","slug":"belle-famille-suis-je-egoiste","status":"publish","type":"post","link":"https:\/\/www.neufmois.fr\/les-confessions\/belle-famille-suis-je-egoiste","title":{"rendered":"Belle-famille : Suis-je \u00e9go\u00efste ?"},"content":{"rendered":"<p>Hello les filles, voil\u00e0 j&rsquo;ai un petit souci de conscience&#8230; Je suis dans mon neuvi\u00e8me mois de grossesse (je dois accoucher le 02.08), donc autant vous dire que l\u00e0 je fatigue s\u00e9rieusement&#8230; bref, ma belle-soeur (que j&rsquo;adore pourtant) qui habite \u00e0 300km de chez nous, a d\u00e9cid\u00e9 de venir passer le week end (du 11.07) dans la r\u00e9gion. Alors ok, elle ne dort pas chez nous (et heureusement car elle a 3 enfants, plus son mari..l\u00e0 je ne me sentais pas d&rsquo;accueillir tout ce beau monde !!) Donc elle va passer tout le dimanche avec nous, mon mari m&rsquo;a promis de s&rsquo;occuper de tout (repas, vaisselle etc pour me m\u00e9nager un max). Mais hier elle nous annonce qu&rsquo;elle a propos\u00e9 \u00e0 sa m\u00e8re (donc la m\u00e8re de mon mari aussi) de venir \u00e9galement et l\u00e0 heu&#8230;.j&rsquo;aurais aim\u00e9 qu&rsquo;on me demande D&rsquo;ABORD mon avis avant de m&rsquo;imposer \u00e7a avec un petit \u00e7a ne vous g\u00e8ne pas hein ?&rsquo; Et ben \u00e7a fait chier parce que ma belle-m\u00e8re ne respire pas la joie de vivre et je n&rsquo;ai pas grand chose \u00e0 lui dire, vous voyez ? Alors du coup j&rsquo;ai ral\u00e9 aupr\u00e8s de mon mari, en lui disant que MERDE quand meme on ne se pointe pas chez les gens alors que l&rsquo;accouchement est pr\u00e9vu dans 2 semaines, que je trouvais \u00e7a ego\u00efste et que pour couronner le tout, le week end du 11.07 et ben c&rsquo;est notre anniversaire de mariage et que j&rsquo;aurais aim\u00e9 avoir la PAIX ce week end l\u00e0 ! Bref, j&rsquo;ai pas \u00e9t\u00e9 tr\u00e8s sympa ! Mon mari me propose de tout annuler mais maintenant c&rsquo;est un peu tard (il m&rsquo;a dit qu&rsquo;on f\u00eaterait notre anniv&rsquo; de mariage le samedi soir). Il essaie de faire plaisir \u00e0 tout le monde, pas facile pour lui non plus je pense. Que feriez-vous \u00e0 ma place ? Je me trouve super \u00e9go\u00efste avec du recul. Je me dis que je pourrais quand m\u00eame faire un effort et qu&rsquo;apr\u00e8s tout, ce n&rsquo;est que pour une journ\u00e9e. <\/p>\n","protected":false},"excerpt":{"rendered":"<p>Hello les filles, voil\u00e0 j&rsquo;ai un petit souci de conscience&#8230; Je suis dans mon neuvi\u00e8me mois de grossesse (je dois accoucher le 02.08), donc autant vous dire que l\u00e0 je fatigue s\u00e9rieusement&#8230; bref, ma belle-soeur (que j&rsquo;adore pourtant) qui habite \u00e0 300km de chez nous, a d\u00e9cid\u00e9 de venir passer le week end (du 11.07) dans la r\u00e9gion. Alors ok, elle ne dort pas chez nous (et heureusement car elle a 3 enfants, plus son mari..l\u00e0 je ne me sentais pas d&rsquo;accueillir tout ce beau monde !!) Donc elle va<\/p>\n","protected":false},"author":461446,"featured_media":0,"comment_status":"open","ping_status":"open","sticky":false,"template":"","format":"standard","meta":[],"categories":[1],"tags":[],"yoast_head":"<!-- This site is optimized with the Yoast SEO plugin v20.4 - https:\/\/yoast.com\/wordpress\/plugins\/seo\/ -->\n<title>Belle-famille : Suis-je \u00e9go\u00efste ? - Les confessions<\/title>\n<meta name=\"robots\" content=\"index, follow, max-snippet:-1, max-image-preview:large, max-video-preview:-1\" \/>\n<link rel=\"canonical\" href=\"https:\/\/www.neufmois.fr\/les-confessions\/belle-famille-suis-je-egoiste\" \/>\n<meta property=\"og:locale\" content=\"fr_FR\" \/>\n<meta property=\"og:type\" content=\"article\" \/>\n<meta property=\"og:title\" content=\"Belle-famille : Suis-je \u00e9go\u00efste ? - Les confessions\" \/>\n<meta property=\"og:description\" content=\"Hello les filles, voil\u00e0 j&rsquo;ai un petit souci de conscience&#8230; Je suis dans mon neuvi\u00e8me mois de grossesse (je dois accoucher le 02.08), donc autant vous dire que l\u00e0 je fatigue s\u00e9rieusement&#8230; bref, ma belle-soeur (que j&rsquo;adore pourtant) qui habite \u00e0 300km de chez nous, a d\u00e9cid\u00e9 de venir passer le week end (du 11.07) dans la r\u00e9gion. Alors ok, elle ne dort pas chez nous (et heureusement car elle a 3 enfants, plus son mari..l\u00e0 je ne me sentais pas d&rsquo;accueillir tout ce beau monde !!) Donc elle va\" \/>\n<meta property=\"og:url\" content=\"https:\/\/www.neufmois.fr\/les-confessions\/belle-famille-suis-je-egoiste\" \/>\n<meta property=\"og:site_name\" content=\"Les confessions\" \/>\n<meta property=\"article:published_time\" content=\"2010-07-05T10:30:00+00:00\" \/>\n<meta name=\"author\" content=\"maman anonyme\" \/>\n<meta name=\"twitter:card\" content=\"summary_large_image\" \/>\n<meta name=\"twitter:label1\" content=\"\u00c9crit par\" \/>\n\t<meta name=\"twitter:data1\" content=\"maman anonyme\" \/>\n\t<meta name=\"twitter:label2\" content=\"Dur\u00e9e de lecture estim\u00e9e\" \/>\n\t<meta name=\"twitter:data2\" content=\"2 minutes\" \/>\n<script type=\"application\/ld+json\" class=\"yoast-schema-graph\">{\"@context\":\"https:\/\/schema.org\",\"@graph\":[{\"@type\":\"WebPage\",\"@id\":\"https:\/\/www.neufmois.fr\/les-confessions\/belle-famille-suis-je-egoiste\",\"url\":\"https:\/\/www.neufmois.fr\/les-confessions\/belle-famille-suis-je-egoiste\",\"name\":\"Belle-famille : Suis-je \u00e9go\u00efste ? - Les confessions\",\"isPartOf\":{\"@id\":\"https:\/\/www.neufmois.fr\/les-confessions\/#website\"},\"datePublished\":\"2010-07-05T10:30:00+00:00\",\"dateModified\":\"2010-07-05T10:30:00+00:00\",\"author\":{\"@id\":\"https:\/\/www.neufmois.fr\/les-confessions\/#\/schema\/person\/893fe127c653ae6741f53a67962f8b5d\"},\"breadcrumb\":{\"@id\":\"https:\/\/www.neufmois.fr\/les-confessions\/belle-famille-suis-je-egoiste#breadcrumb\"},\"inLanguage\":\"fr-FR\",\"potentialAction\":[{\"@type\":\"ReadAction\",\"target\":[\"https:\/\/www.neufmois.fr\/les-confessions\/belle-famille-suis-je-egoiste\"]}]},{\"@type\":\"BreadcrumbList\",\"@id\":\"https:\/\/www.neufmois.fr\/les-confessions\/belle-famille-suis-je-egoiste#breadcrumb\",\"itemListElement\":[{\"@type\":\"ListItem\",\"position\":1,\"name\":\"Accueil\",\"item\":\"https:\/\/www.neufmois.fr\/les-confessions\/\"},{\"@type\":\"ListItem\",\"position\":2,\"name\":\"Belle-famille : Suis-je \u00e9go\u00efste ?\"}]},{\"@type\":\"WebSite\",\"@id\":\"https:\/\/www.neufmois.fr\/les-confessions\/#website\",\"url\":\"https:\/\/www.neufmois.fr\/les-confessions\/\",\"name\":\"Les confessions\",\"description\":\" Les confessions\",\"potentialAction\":[{\"@type\":\"SearchAction\",\"target\":{\"@type\":\"EntryPoint\",\"urlTemplate\":\"https:\/\/www.neufmois.fr\/les-confessions\/?s={search_term_string}\"},\"query-input\":\"required name=search_term_string\"}],\"inLanguage\":\"fr-FR\"},{\"@type\":\"Person\",\"@id\":\"https:\/\/www.neufmois.fr\/les-confessions\/#\/schema\/person\/893fe127c653ae6741f53a67962f8b5d\",\"name\":\"maman anonyme\",\"image\":{\"@type\":\"ImageObject\",\"inLanguage\":\"fr-FR\",\"@id\":\"https:\/\/www.neufmois.fr\/les-confessions\/#\/schema\/person\/image\/\",\"url\":\"https:\/\/secure.gravatar.com\/avatar\/e4b3abeefeb17983433f333a4c54f394?s=96&d=mm&r=g\",\"contentUrl\":\"https:\/\/secure.gravatar.com\/avatar\/e4b3abeefeb17983433f333a4c54f394?s=96&d=mm&r=g\",\"caption\":\"maman anonyme\"},\"url\":\"https:\/\/www.neufmois.fr\/les-confessions\/author\/anonyme\"}]}<\/script>\n<!-- \/ Yoast SEO plugin. -->","yoast_head_json":{"title":"Belle-famille : Suis-je \u00e9go\u00efste ? - Les confessions","robots":{"index":"index","follow":"follow","max-snippet":"max-snippet:-1","max-image-preview":"max-image-preview:large","max-video-preview":"max-video-preview:-1"},"canonical":"https:\/\/www.neufmois.fr\/les-confessions\/belle-famille-suis-je-egoiste","og_locale":"fr_FR","og_type":"article","og_title":"Belle-famille : Suis-je \u00e9go\u00efste ? - Les confessions","og_description":"Hello les filles, voil\u00e0 j&rsquo;ai un petit souci de conscience&#8230; Je suis dans mon neuvi\u00e8me mois de grossesse (je dois accoucher le 02.08), donc autant vous dire que l\u00e0 je fatigue s\u00e9rieusement&#8230; bref, ma belle-soeur (que j&rsquo;adore pourtant) qui habite \u00e0 300km de chez nous, a d\u00e9cid\u00e9 de venir passer le week end (du 11.07) dans la r\u00e9gion. Alors ok, elle ne dort pas chez nous (et heureusement car elle a 3 enfants, plus son mari..l\u00e0 je ne me sentais pas d&rsquo;accueillir tout ce beau monde !!) Donc elle va","og_url":"https:\/\/www.neufmois.fr\/les-confessions\/belle-famille-suis-je-egoiste","og_site_name":"Les confessions","article_published_time":"2010-07-05T10:30:00+00:00","author":"maman anonyme","twitter_card":"summary_large_image","twitter_misc":{"\u00c9crit par":"maman anonyme","Dur\u00e9e de lecture estim\u00e9e":"2 minutes"},"schema":{"@context":"https:\/\/schema.org","@graph":[{"@type":"WebPage","@id":"https:\/\/www.neufmois.fr\/les-confessions\/belle-famille-suis-je-egoiste","url":"https:\/\/www.neufmois.fr\/les-confessions\/belle-famille-suis-je-egoiste","name":"Belle-famille : Suis-je \u00e9go\u00efste ? - Les confessions","isPartOf":{"@id":"https:\/\/www.neufmois.fr\/les-confessions\/#website"},"datePublished":"2010-07-05T10:30:00+00:00","dateModified":"2010-07-05T10:30:00+00:00","author":{"@id":"https:\/\/www.neufmois.fr\/les-confessions\/#\/schema\/person\/893fe127c653ae6741f53a67962f8b5d"},"breadcrumb":{"@id":"https:\/\/www.neufmois.fr\/les-confessions\/belle-famille-suis-je-egoiste#breadcrumb"},"inLanguage":"fr-FR","potentialAction":[{"@type":"ReadAction","target":["https:\/\/www.neufmois.fr\/les-confessions\/belle-famille-suis-je-egoiste"]}]},{"@type":"BreadcrumbList","@id":"https:\/\/www.neufmois.fr\/les-confessions\/belle-famille-suis-je-egoiste#breadcrumb","itemListElement":[{"@type":"ListItem","position":1,"name":"Accueil","item":"https:\/\/www.neufmois.fr\/les-confessions\/"},{"@type":"ListItem","position":2,"name":"Belle-famille : Suis-je \u00e9go\u00efste ?"}]},{"@type":"WebSite","@id":"https:\/\/www.neufmois.fr\/les-confessions\/#website","url":"https:\/\/www.neufmois.fr\/les-confessions\/","name":"Les confessions","description":" Les confessions","potentialAction":[{"@type":"SearchAction","target":{"@type":"EntryPoint","urlTemplate":"https:\/\/www.neufmois.fr\/les-confessions\/?s={search_term_string}"},"query-input":"required name=search_term_string"}],"inLanguage":"fr-FR"},{"@type":"Person","@id":"https:\/\/www.neufmois.fr\/les-confessions\/#\/schema\/person\/893fe127c653ae6741f53a67962f8b5d","name":"maman anonyme","image":{"@type":"ImageObject","inLanguage":"fr-FR","@id":"https:\/\/www.neufmois.fr\/les-confessions\/#\/schema\/person\/image\/","url":"https:\/\/secure.gravatar.com\/avatar\/e4b3abeefeb17983433f333a4c54f394?s=96&d=mm&r=g","contentUrl":"https:\/\/secure.gravatar.com\/avatar\/e4b3abeefeb17983433f333a4c54f394?s=96&d=mm&r=g","caption":"maman anonyme"},"url":"https:\/\/www.neufmois.fr\/les-confessions\/author\/anonyme"}]}},"amp_enabled":true,"_links":{"self":[{"href":"https:\/\/www.neufmois.fr\/les-confessions\/wp-json\/wp\/v2\/posts\/483"}],"collection":[{"href":"https:\/\/www.neufmois.fr\/les-confessions\/wp-json\/wp\/v2\/posts"}],"about":[{"href":"https:\/\/www.neufmois.fr\/les-confessions\/wp-json\/wp\/v2\/types\/post"}],"author":[{"embeddable":true,"href":"https:\/\/www.neufmois.fr\/les-confessions\/wp-json\/wp\/v2\/users\/461446"}],"replies":[{"embeddable":true,"href":"https:\/\/www.neufmois.fr\/les-confessions\/wp-json\/wp\/v2\/comments?post=483"}],"version-history":[{"count":0,"href":"https:\/\/www.neufmois.fr\/les-confessions\/wp-json\/wp\/v2\/posts\/483\/revisions"}],"wp:attachment":[{"href":"https:\/\/www.neufmois.fr\/les-confessions\/wp-json\/wp\/v2\/media?parent=483"}],"wp:term":[{"taxonomy":"category","embeddable":true,"href":"https:\/\/www.neufmois.fr\/les-confessions\/wp-json\/wp\/v2\/categories?post=483"},{"taxonomy":"post_tag","embeddable":true,"href":"https:\/\/www.neufmois.fr\/les-confessions\/wp-json\/wp\/v2\/tags?post=483"}],"curies":[{"name":"wp","href":"https:\/\/api.w.org\/{rel}","templated":true}]}}