{"id":481,"date":"2010-07-09T08:57:00","date_gmt":"2010-07-09T08:57:00","guid":{"rendered":"https:\/\/www.neufmois.fr\/les-confessions\/?p=481"},"modified":"2010-07-09T08:57:00","modified_gmt":"2010-07-09T08:57:00","slug":"que-dois-je-faire","status":"publish","type":"post","link":"https:\/\/www.neufmois.fr\/les-confessions\/que-dois-je-faire","title":{"rendered":"Que dois-je faire?"},"content":{"rendered":"<p>Voila, mon ch\u00e9ri est rentr\u00e9 hier en me disant que son patron s&rsquo;est enerv\u00e9. Il lui a dit qu&rsquo;il allait virer tout le monde et se refaire une autre \u00e9quipe, suite \u00e0 des petites plaintes de clients les trouvant peu aimables ! Le souci est que nous habitons le village d&rsquo;enfance de mon ch\u00e9ri mais comme il est loin de son travail, nous avons pris la d\u00e9cision de partir et louer un appartement dont mes parents sont propri\u00e9taires \u00e0 cot\u00e9 de son travail. suite a l&rsquo;annonce de son patron, peu scrupuleux sur la loi, mon ch\u00e9ri sait qu&rsquo;il peut \u00eatre vir\u00e9 \u00e0 tout moment. Bien s\u00fbr, nous ne pourrons pas prendre l&rsquo;appartement de mes parents, \u00e9tant donn\u00e9 que je n&rsquo;aurais pas le droit aux apl et que sans son salaire assez \u00e9lev\u00e9 \u00e7a n&rsquo;ira pas surtout que je suis enceinte de notre 2 \u00e8me enfant et que je ne travail pas. Mon ch\u00e9ri en est malade de partir de son village mais plus encore, il le faisait que pour les facilit\u00e9s pour son travail et l\u00e0 il est perdu ! Je ne sais pas quoi faire pour l&rsquo;aider, nous sommes suspendus a un fil !<\/p>\n","protected":false},"excerpt":{"rendered":"<p>Voila, mon ch\u00e9ri est rentr\u00e9 hier en me disant que son patron s&rsquo;est enerv\u00e9. Il lui a dit qu&rsquo;il allait virer tout le monde et se refaire une autre \u00e9quipe, suite \u00e0 des petites plaintes de clients les trouvant peu aimables ! Le souci est que nous habitons le village d&rsquo;enfance de mon ch\u00e9ri mais comme il est loin de son travail, nous avons pris la d\u00e9cision de partir et louer un appartement dont mes parents sont propri\u00e9taires \u00e0 cot\u00e9 de son travail. suite a l&rsquo;annonce de son patron, peu<\/p>\n","protected":false},"author":461446,"featured_media":0,"comment_status":"open","ping_status":"open","sticky":false,"template":"","format":"standard","meta":[],"categories":[1],"tags":[],"yoast_head":"<!-- This site is optimized with the Yoast SEO plugin v20.4 - https:\/\/yoast.com\/wordpress\/plugins\/seo\/ -->\n<title>Que dois-je faire? - Les confessions<\/title>\n<meta name=\"robots\" content=\"index, follow, max-snippet:-1, max-image-preview:large, max-video-preview:-1\" \/>\n<link rel=\"canonical\" href=\"https:\/\/www.neufmois.fr\/les-confessions\/que-dois-je-faire\" \/>\n<meta property=\"og:locale\" content=\"fr_FR\" \/>\n<meta property=\"og:type\" content=\"article\" \/>\n<meta property=\"og:title\" content=\"Que dois-je faire? - Les confessions\" \/>\n<meta property=\"og:description\" content=\"Voila, mon ch\u00e9ri est rentr\u00e9 hier en me disant que son patron s&rsquo;est enerv\u00e9. Il lui a dit qu&rsquo;il allait virer tout le monde et se refaire une autre \u00e9quipe, suite \u00e0 des petites plaintes de clients les trouvant peu aimables ! Le souci est que nous habitons le village d&rsquo;enfance de mon ch\u00e9ri mais comme il est loin de son travail, nous avons pris la d\u00e9cision de partir et louer un appartement dont mes parents sont propri\u00e9taires \u00e0 cot\u00e9 de son travail. suite a l&rsquo;annonce de son patron, peu\" \/>\n<meta property=\"og:url\" content=\"https:\/\/www.neufmois.fr\/les-confessions\/que-dois-je-faire\" \/>\n<meta property=\"og:site_name\" content=\"Les confessions\" \/>\n<meta property=\"article:published_time\" content=\"2010-07-09T08:57:00+00:00\" \/>\n<meta name=\"author\" content=\"maman anonyme\" \/>\n<meta name=\"twitter:card\" content=\"summary_large_image\" \/>\n<meta name=\"twitter:label1\" content=\"\u00c9crit par\" \/>\n\t<meta name=\"twitter:data1\" content=\"maman anonyme\" \/>\n\t<meta name=\"twitter:label2\" content=\"Dur\u00e9e de lecture estim\u00e9e\" \/>\n\t<meta name=\"twitter:data2\" content=\"1 minute\" \/>\n<script type=\"application\/ld+json\" class=\"yoast-schema-graph\">{\"@context\":\"https:\/\/schema.org\",\"@graph\":[{\"@type\":\"WebPage\",\"@id\":\"https:\/\/www.neufmois.fr\/les-confessions\/que-dois-je-faire\",\"url\":\"https:\/\/www.neufmois.fr\/les-confessions\/que-dois-je-faire\",\"name\":\"Que dois-je faire? - Les confessions\",\"isPartOf\":{\"@id\":\"https:\/\/www.neufmois.fr\/les-confessions\/#website\"},\"datePublished\":\"2010-07-09T08:57:00+00:00\",\"dateModified\":\"2010-07-09T08:57:00+00:00\",\"author\":{\"@id\":\"https:\/\/www.neufmois.fr\/les-confessions\/#\/schema\/person\/893fe127c653ae6741f53a67962f8b5d\"},\"breadcrumb\":{\"@id\":\"https:\/\/www.neufmois.fr\/les-confessions\/que-dois-je-faire#breadcrumb\"},\"inLanguage\":\"fr-FR\",\"potentialAction\":[{\"@type\":\"ReadAction\",\"target\":[\"https:\/\/www.neufmois.fr\/les-confessions\/que-dois-je-faire\"]}]},{\"@type\":\"BreadcrumbList\",\"@id\":\"https:\/\/www.neufmois.fr\/les-confessions\/que-dois-je-faire#breadcrumb\",\"itemListElement\":[{\"@type\":\"ListItem\",\"position\":1,\"name\":\"Accueil\",\"item\":\"https:\/\/www.neufmois.fr\/les-confessions\/\"},{\"@type\":\"ListItem\",\"position\":2,\"name\":\"Que dois-je faire?\"}]},{\"@type\":\"WebSite\",\"@id\":\"https:\/\/www.neufmois.fr\/les-confessions\/#website\",\"url\":\"https:\/\/www.neufmois.fr\/les-confessions\/\",\"name\":\"Les confessions\",\"description\":\" Les confessions\",\"potentialAction\":[{\"@type\":\"SearchAction\",\"target\":{\"@type\":\"EntryPoint\",\"urlTemplate\":\"https:\/\/www.neufmois.fr\/les-confessions\/?s={search_term_string}\"},\"query-input\":\"required name=search_term_string\"}],\"inLanguage\":\"fr-FR\"},{\"@type\":\"Person\",\"@id\":\"https:\/\/www.neufmois.fr\/les-confessions\/#\/schema\/person\/893fe127c653ae6741f53a67962f8b5d\",\"name\":\"maman anonyme\",\"image\":{\"@type\":\"ImageObject\",\"inLanguage\":\"fr-FR\",\"@id\":\"https:\/\/www.neufmois.fr\/les-confessions\/#\/schema\/person\/image\/\",\"url\":\"https:\/\/secure.gravatar.com\/avatar\/e4b3abeefeb17983433f333a4c54f394?s=96&d=mm&r=g\",\"contentUrl\":\"https:\/\/secure.gravatar.com\/avatar\/e4b3abeefeb17983433f333a4c54f394?s=96&d=mm&r=g\",\"caption\":\"maman anonyme\"},\"url\":\"https:\/\/www.neufmois.fr\/les-confessions\/author\/anonyme\"}]}<\/script>\n<!-- \/ Yoast SEO plugin. -->","yoast_head_json":{"title":"Que dois-je faire? - Les confessions","robots":{"index":"index","follow":"follow","max-snippet":"max-snippet:-1","max-image-preview":"max-image-preview:large","max-video-preview":"max-video-preview:-1"},"canonical":"https:\/\/www.neufmois.fr\/les-confessions\/que-dois-je-faire","og_locale":"fr_FR","og_type":"article","og_title":"Que dois-je faire? - Les confessions","og_description":"Voila, mon ch\u00e9ri est rentr\u00e9 hier en me disant que son patron s&rsquo;est enerv\u00e9. Il lui a dit qu&rsquo;il allait virer tout le monde et se refaire une autre \u00e9quipe, suite \u00e0 des petites plaintes de clients les trouvant peu aimables ! Le souci est que nous habitons le village d&rsquo;enfance de mon ch\u00e9ri mais comme il est loin de son travail, nous avons pris la d\u00e9cision de partir et louer un appartement dont mes parents sont propri\u00e9taires \u00e0 cot\u00e9 de son travail. suite a l&rsquo;annonce de son patron, peu","og_url":"https:\/\/www.neufmois.fr\/les-confessions\/que-dois-je-faire","og_site_name":"Les confessions","article_published_time":"2010-07-09T08:57:00+00:00","author":"maman anonyme","twitter_card":"summary_large_image","twitter_misc":{"\u00c9crit par":"maman anonyme","Dur\u00e9e de lecture estim\u00e9e":"1 minute"},"schema":{"@context":"https:\/\/schema.org","@graph":[{"@type":"WebPage","@id":"https:\/\/www.neufmois.fr\/les-confessions\/que-dois-je-faire","url":"https:\/\/www.neufmois.fr\/les-confessions\/que-dois-je-faire","name":"Que dois-je faire? - Les confessions","isPartOf":{"@id":"https:\/\/www.neufmois.fr\/les-confessions\/#website"},"datePublished":"2010-07-09T08:57:00+00:00","dateModified":"2010-07-09T08:57:00+00:00","author":{"@id":"https:\/\/www.neufmois.fr\/les-confessions\/#\/schema\/person\/893fe127c653ae6741f53a67962f8b5d"},"breadcrumb":{"@id":"https:\/\/www.neufmois.fr\/les-confessions\/que-dois-je-faire#breadcrumb"},"inLanguage":"fr-FR","potentialAction":[{"@type":"ReadAction","target":["https:\/\/www.neufmois.fr\/les-confessions\/que-dois-je-faire"]}]},{"@type":"BreadcrumbList","@id":"https:\/\/www.neufmois.fr\/les-confessions\/que-dois-je-faire#breadcrumb","itemListElement":[{"@type":"ListItem","position":1,"name":"Accueil","item":"https:\/\/www.neufmois.fr\/les-confessions\/"},{"@type":"ListItem","position":2,"name":"Que dois-je faire?"}]},{"@type":"WebSite","@id":"https:\/\/www.neufmois.fr\/les-confessions\/#website","url":"https:\/\/www.neufmois.fr\/les-confessions\/","name":"Les confessions","description":" Les confessions","potentialAction":[{"@type":"SearchAction","target":{"@type":"EntryPoint","urlTemplate":"https:\/\/www.neufmois.fr\/les-confessions\/?s={search_term_string}"},"query-input":"required name=search_term_string"}],"inLanguage":"fr-FR"},{"@type":"Person","@id":"https:\/\/www.neufmois.fr\/les-confessions\/#\/schema\/person\/893fe127c653ae6741f53a67962f8b5d","name":"maman anonyme","image":{"@type":"ImageObject","inLanguage":"fr-FR","@id":"https:\/\/www.neufmois.fr\/les-confessions\/#\/schema\/person\/image\/","url":"https:\/\/secure.gravatar.com\/avatar\/e4b3abeefeb17983433f333a4c54f394?s=96&d=mm&r=g","contentUrl":"https:\/\/secure.gravatar.com\/avatar\/e4b3abeefeb17983433f333a4c54f394?s=96&d=mm&r=g","caption":"maman anonyme"},"url":"https:\/\/www.neufmois.fr\/les-confessions\/author\/anonyme"}]}},"amp_enabled":true,"_links":{"self":[{"href":"https:\/\/www.neufmois.fr\/les-confessions\/wp-json\/wp\/v2\/posts\/481"}],"collection":[{"href":"https:\/\/www.neufmois.fr\/les-confessions\/wp-json\/wp\/v2\/posts"}],"about":[{"href":"https:\/\/www.neufmois.fr\/les-confessions\/wp-json\/wp\/v2\/types\/post"}],"author":[{"embeddable":true,"href":"https:\/\/www.neufmois.fr\/les-confessions\/wp-json\/wp\/v2\/users\/461446"}],"replies":[{"embeddable":true,"href":"https:\/\/www.neufmois.fr\/les-confessions\/wp-json\/wp\/v2\/comments?post=481"}],"version-history":[{"count":0,"href":"https:\/\/www.neufmois.fr\/les-confessions\/wp-json\/wp\/v2\/posts\/481\/revisions"}],"wp:attachment":[{"href":"https:\/\/www.neufmois.fr\/les-confessions\/wp-json\/wp\/v2\/media?parent=481"}],"wp:term":[{"taxonomy":"category","embeddable":true,"href":"https:\/\/www.neufmois.fr\/les-confessions\/wp-json\/wp\/v2\/categories?post=481"},{"taxonomy":"post_tag","embeddable":true,"href":"https:\/\/www.neufmois.fr\/les-confessions\/wp-json\/wp\/v2\/tags?post=481"}],"curies":[{"name":"wp","href":"https:\/\/api.w.org\/{rel}","templated":true}]}}