{"id":480,"date":"2010-07-10T06:22:00","date_gmt":"2010-07-10T06:22:00","guid":{"rendered":"https:\/\/www.neufmois.fr\/les-confessions\/?p=480"},"modified":"2010-07-10T06:22:00","modified_gmt":"2010-07-10T06:22:00","slug":"que-dois-je-penser","status":"publish","type":"post","link":"https:\/\/www.neufmois.fr\/les-confessions\/que-dois-je-penser","title":{"rendered":"Que dois-je penser ?"},"content":{"rendered":"<p>J&rsquo;ai eu une grossesse en grande partie alit\u00e9e, mon placenta \u00e9tait ins\u00e9r\u00e9 \u00e0 mon ut\u00e9rus. J&rsquo;ai v\u00e9cu ma grossesse seule, loin de ma famille et mon mari qui vit pour son travail, conducteur de travaux, 12 heures par jour. Je dois supporter ses sautes d&rsquo;humeurs. J&rsquo;ai eu un accouchement sous c\u00e9sarienne un mois avant la date pr\u00e9vu. Le gyn\u00e9co m&rsquo;a enlev\u00e9 l&rsquo;ut\u00e9rus car trop grand risque d&rsquo;h\u00e9morragie. B\u00e9b\u00e9 est n\u00e9 il y a tout juste deux mois et je me sens tr\u00e9s seule avec aucun soutien. Mon b\u00e9b\u00e9 c&rsquo;est du bonheur, mais je fais face \u00e0 tous toute seule. Mon mari m&rsquo;aide mais c&rsquo;est moi qui doit le diriger et je n&rsquo;aime pas car ensuite il me dit \u00ab\u00a0chef\u00a0\u00bb. Je pleure car j&rsquo;ai mon corps qui me fait mal du fait que j&rsquo;ai mes muscles endormis et ma c\u00e9sarienne. Je devrais marcher, mais je suis fatigu\u00e9e. Je ne dors que 1 \u00e0 2 heures par nuit, b\u00e9b\u00e9 est tr\u00e9s en demande et je viens juste de finir le sevrage de l&rsquo;allaitement. Je dois demander des c\u00e2lins \u00e0 mon mari, sinon rien. Il ne voit pas que je souffre et il me demande toujours d&rsquo;aller en avant. Comment faire sans soutien ? Je ne veux pas craquer, j&rsquo;aimerais partir avec mon b\u00e9b\u00e9 me reposer, mais o\u00f9 ? Je n&rsquo;ai personne et j&rsquo;ai tellement honte de ne pas \u00eatre forte et de ne pas avoir d&rsquo;argent pour moi car je ne travaille pas. Je d\u00e9pend de mon mari. Je me retourne vers vous les mamans pour un soutien. Ce n&rsquo;est pas facile de s&rsquo;exprimer par \u00e9crit&#8230; Merci et \u00e0 bient\u00f4t. Bises.<\/p>\n","protected":false},"excerpt":{"rendered":"<p>J&rsquo;ai eu une grossesse en grande partie alit\u00e9e, mon placenta \u00e9tait ins\u00e9r\u00e9 \u00e0 mon ut\u00e9rus. J&rsquo;ai v\u00e9cu ma grossesse seule, loin de ma famille et mon mari qui vit pour son travail, conducteur de travaux, 12 heures par jour. Je dois supporter ses sautes d&rsquo;humeurs. J&rsquo;ai eu un accouchement sous c\u00e9sarienne un mois avant la date pr\u00e9vu. Le gyn\u00e9co m&rsquo;a enlev\u00e9 l&rsquo;ut\u00e9rus car trop grand risque d&rsquo;h\u00e9morragie. B\u00e9b\u00e9 est n\u00e9 il y a tout juste deux mois et je me sens tr\u00e9s seule avec aucun soutien. Mon b\u00e9b\u00e9 c&rsquo;est du<\/p>\n","protected":false},"author":461446,"featured_media":0,"comment_status":"open","ping_status":"open","sticky":false,"template":"","format":"standard","meta":[],"categories":[1],"tags":[],"yoast_head":"<!-- This site is optimized with the Yoast SEO plugin v20.4 - https:\/\/yoast.com\/wordpress\/plugins\/seo\/ -->\n<title>Que dois-je penser ?  - Les confessions<\/title>\n<meta name=\"robots\" content=\"index, follow, max-snippet:-1, max-image-preview:large, max-video-preview:-1\" \/>\n<link rel=\"canonical\" href=\"https:\/\/www.neufmois.fr\/les-confessions\/que-dois-je-penser\" \/>\n<meta property=\"og:locale\" content=\"fr_FR\" \/>\n<meta property=\"og:type\" content=\"article\" \/>\n<meta property=\"og:title\" content=\"Que dois-je penser ?  - Les confessions\" \/>\n<meta property=\"og:description\" content=\"J&rsquo;ai eu une grossesse en grande partie alit\u00e9e, mon placenta \u00e9tait ins\u00e9r\u00e9 \u00e0 mon ut\u00e9rus. J&rsquo;ai v\u00e9cu ma grossesse seule, loin de ma famille et mon mari qui vit pour son travail, conducteur de travaux, 12 heures par jour. Je dois supporter ses sautes d&rsquo;humeurs. J&rsquo;ai eu un accouchement sous c\u00e9sarienne un mois avant la date pr\u00e9vu. Le gyn\u00e9co m&rsquo;a enlev\u00e9 l&rsquo;ut\u00e9rus car trop grand risque d&rsquo;h\u00e9morragie. B\u00e9b\u00e9 est n\u00e9 il y a tout juste deux mois et je me sens tr\u00e9s seule avec aucun soutien. Mon b\u00e9b\u00e9 c&rsquo;est du\" \/>\n<meta property=\"og:url\" content=\"https:\/\/www.neufmois.fr\/les-confessions\/que-dois-je-penser\" \/>\n<meta property=\"og:site_name\" content=\"Les confessions\" \/>\n<meta property=\"article:published_time\" content=\"2010-07-10T06:22:00+00:00\" \/>\n<meta name=\"author\" content=\"maman anonyme\" \/>\n<meta name=\"twitter:card\" content=\"summary_large_image\" \/>\n<meta name=\"twitter:label1\" content=\"\u00c9crit par\" \/>\n\t<meta name=\"twitter:data1\" content=\"maman anonyme\" \/>\n\t<meta name=\"twitter:label2\" content=\"Dur\u00e9e de lecture estim\u00e9e\" \/>\n\t<meta name=\"twitter:data2\" content=\"1 minute\" \/>\n<script type=\"application\/ld+json\" class=\"yoast-schema-graph\">{\"@context\":\"https:\/\/schema.org\",\"@graph\":[{\"@type\":\"WebPage\",\"@id\":\"https:\/\/www.neufmois.fr\/les-confessions\/que-dois-je-penser\",\"url\":\"https:\/\/www.neufmois.fr\/les-confessions\/que-dois-je-penser\",\"name\":\"Que dois-je penser ? - Les confessions\",\"isPartOf\":{\"@id\":\"https:\/\/www.neufmois.fr\/les-confessions\/#website\"},\"datePublished\":\"2010-07-10T06:22:00+00:00\",\"dateModified\":\"2010-07-10T06:22:00+00:00\",\"author\":{\"@id\":\"https:\/\/www.neufmois.fr\/les-confessions\/#\/schema\/person\/893fe127c653ae6741f53a67962f8b5d\"},\"breadcrumb\":{\"@id\":\"https:\/\/www.neufmois.fr\/les-confessions\/que-dois-je-penser#breadcrumb\"},\"inLanguage\":\"fr-FR\",\"potentialAction\":[{\"@type\":\"ReadAction\",\"target\":[\"https:\/\/www.neufmois.fr\/les-confessions\/que-dois-je-penser\"]}]},{\"@type\":\"BreadcrumbList\",\"@id\":\"https:\/\/www.neufmois.fr\/les-confessions\/que-dois-je-penser#breadcrumb\",\"itemListElement\":[{\"@type\":\"ListItem\",\"position\":1,\"name\":\"Accueil\",\"item\":\"https:\/\/www.neufmois.fr\/les-confessions\/\"},{\"@type\":\"ListItem\",\"position\":2,\"name\":\"Que dois-je penser ?\"}]},{\"@type\":\"WebSite\",\"@id\":\"https:\/\/www.neufmois.fr\/les-confessions\/#website\",\"url\":\"https:\/\/www.neufmois.fr\/les-confessions\/\",\"name\":\"Les confessions\",\"description\":\" Les confessions\",\"potentialAction\":[{\"@type\":\"SearchAction\",\"target\":{\"@type\":\"EntryPoint\",\"urlTemplate\":\"https:\/\/www.neufmois.fr\/les-confessions\/?s={search_term_string}\"},\"query-input\":\"required name=search_term_string\"}],\"inLanguage\":\"fr-FR\"},{\"@type\":\"Person\",\"@id\":\"https:\/\/www.neufmois.fr\/les-confessions\/#\/schema\/person\/893fe127c653ae6741f53a67962f8b5d\",\"name\":\"maman anonyme\",\"image\":{\"@type\":\"ImageObject\",\"inLanguage\":\"fr-FR\",\"@id\":\"https:\/\/www.neufmois.fr\/les-confessions\/#\/schema\/person\/image\/\",\"url\":\"https:\/\/secure.gravatar.com\/avatar\/e4b3abeefeb17983433f333a4c54f394?s=96&d=mm&r=g\",\"contentUrl\":\"https:\/\/secure.gravatar.com\/avatar\/e4b3abeefeb17983433f333a4c54f394?s=96&d=mm&r=g\",\"caption\":\"maman anonyme\"},\"url\":\"https:\/\/www.neufmois.fr\/les-confessions\/author\/anonyme\"}]}<\/script>\n<!-- \/ Yoast SEO plugin. -->","yoast_head_json":{"title":"Que dois-je penser ?  - Les confessions","robots":{"index":"index","follow":"follow","max-snippet":"max-snippet:-1","max-image-preview":"max-image-preview:large","max-video-preview":"max-video-preview:-1"},"canonical":"https:\/\/www.neufmois.fr\/les-confessions\/que-dois-je-penser","og_locale":"fr_FR","og_type":"article","og_title":"Que dois-je penser ?  - Les confessions","og_description":"J&rsquo;ai eu une grossesse en grande partie alit\u00e9e, mon placenta \u00e9tait ins\u00e9r\u00e9 \u00e0 mon ut\u00e9rus. J&rsquo;ai v\u00e9cu ma grossesse seule, loin de ma famille et mon mari qui vit pour son travail, conducteur de travaux, 12 heures par jour. Je dois supporter ses sautes d&rsquo;humeurs. J&rsquo;ai eu un accouchement sous c\u00e9sarienne un mois avant la date pr\u00e9vu. Le gyn\u00e9co m&rsquo;a enlev\u00e9 l&rsquo;ut\u00e9rus car trop grand risque d&rsquo;h\u00e9morragie. B\u00e9b\u00e9 est n\u00e9 il y a tout juste deux mois et je me sens tr\u00e9s seule avec aucun soutien. Mon b\u00e9b\u00e9 c&rsquo;est du","og_url":"https:\/\/www.neufmois.fr\/les-confessions\/que-dois-je-penser","og_site_name":"Les confessions","article_published_time":"2010-07-10T06:22:00+00:00","author":"maman anonyme","twitter_card":"summary_large_image","twitter_misc":{"\u00c9crit par":"maman anonyme","Dur\u00e9e de lecture estim\u00e9e":"1 minute"},"schema":{"@context":"https:\/\/schema.org","@graph":[{"@type":"WebPage","@id":"https:\/\/www.neufmois.fr\/les-confessions\/que-dois-je-penser","url":"https:\/\/www.neufmois.fr\/les-confessions\/que-dois-je-penser","name":"Que dois-je penser ? - Les confessions","isPartOf":{"@id":"https:\/\/www.neufmois.fr\/les-confessions\/#website"},"datePublished":"2010-07-10T06:22:00+00:00","dateModified":"2010-07-10T06:22:00+00:00","author":{"@id":"https:\/\/www.neufmois.fr\/les-confessions\/#\/schema\/person\/893fe127c653ae6741f53a67962f8b5d"},"breadcrumb":{"@id":"https:\/\/www.neufmois.fr\/les-confessions\/que-dois-je-penser#breadcrumb"},"inLanguage":"fr-FR","potentialAction":[{"@type":"ReadAction","target":["https:\/\/www.neufmois.fr\/les-confessions\/que-dois-je-penser"]}]},{"@type":"BreadcrumbList","@id":"https:\/\/www.neufmois.fr\/les-confessions\/que-dois-je-penser#breadcrumb","itemListElement":[{"@type":"ListItem","position":1,"name":"Accueil","item":"https:\/\/www.neufmois.fr\/les-confessions\/"},{"@type":"ListItem","position":2,"name":"Que dois-je penser ?"}]},{"@type":"WebSite","@id":"https:\/\/www.neufmois.fr\/les-confessions\/#website","url":"https:\/\/www.neufmois.fr\/les-confessions\/","name":"Les confessions","description":" Les confessions","potentialAction":[{"@type":"SearchAction","target":{"@type":"EntryPoint","urlTemplate":"https:\/\/www.neufmois.fr\/les-confessions\/?s={search_term_string}"},"query-input":"required name=search_term_string"}],"inLanguage":"fr-FR"},{"@type":"Person","@id":"https:\/\/www.neufmois.fr\/les-confessions\/#\/schema\/person\/893fe127c653ae6741f53a67962f8b5d","name":"maman anonyme","image":{"@type":"ImageObject","inLanguage":"fr-FR","@id":"https:\/\/www.neufmois.fr\/les-confessions\/#\/schema\/person\/image\/","url":"https:\/\/secure.gravatar.com\/avatar\/e4b3abeefeb17983433f333a4c54f394?s=96&d=mm&r=g","contentUrl":"https:\/\/secure.gravatar.com\/avatar\/e4b3abeefeb17983433f333a4c54f394?s=96&d=mm&r=g","caption":"maman anonyme"},"url":"https:\/\/www.neufmois.fr\/les-confessions\/author\/anonyme"}]}},"amp_enabled":true,"_links":{"self":[{"href":"https:\/\/www.neufmois.fr\/les-confessions\/wp-json\/wp\/v2\/posts\/480"}],"collection":[{"href":"https:\/\/www.neufmois.fr\/les-confessions\/wp-json\/wp\/v2\/posts"}],"about":[{"href":"https:\/\/www.neufmois.fr\/les-confessions\/wp-json\/wp\/v2\/types\/post"}],"author":[{"embeddable":true,"href":"https:\/\/www.neufmois.fr\/les-confessions\/wp-json\/wp\/v2\/users\/461446"}],"replies":[{"embeddable":true,"href":"https:\/\/www.neufmois.fr\/les-confessions\/wp-json\/wp\/v2\/comments?post=480"}],"version-history":[{"count":0,"href":"https:\/\/www.neufmois.fr\/les-confessions\/wp-json\/wp\/v2\/posts\/480\/revisions"}],"wp:attachment":[{"href":"https:\/\/www.neufmois.fr\/les-confessions\/wp-json\/wp\/v2\/media?parent=480"}],"wp:term":[{"taxonomy":"category","embeddable":true,"href":"https:\/\/www.neufmois.fr\/les-confessions\/wp-json\/wp\/v2\/categories?post=480"},{"taxonomy":"post_tag","embeddable":true,"href":"https:\/\/www.neufmois.fr\/les-confessions\/wp-json\/wp\/v2\/tags?post=480"}],"curies":[{"name":"wp","href":"https:\/\/api.w.org\/{rel}","templated":true}]}}