{"id":479,"date":"2010-07-10T11:38:00","date_gmt":"2010-07-10T11:38:00","guid":{"rendered":"https:\/\/www.neufmois.fr\/les-confessions\/?p=479"},"modified":"2010-07-10T11:38:00","modified_gmt":"2010-07-10T11:38:00","slug":"completement-perdue","status":"publish","type":"post","link":"https:\/\/www.neufmois.fr\/les-confessions\/completement-perdue","title":{"rendered":"Compl\u00e8tement perdue"},"content":{"rendered":"<p>Je suis en France depuis peu de temps et je suis enceinte de 6 mois 1\/2. J&rsquo;ai d\u00fb arr\u00eater de travailler depuis le 2\u00e8me mois de ma grossesse parce que je faisais le m\u00e9nage et j&rsquo;\u00e9tais non d\u00e9clar\u00e9e. Il y a 3 mois, le p\u00e8re de l&rsquo;enfant que je porte m&rsquo;a abandonn\u00e9e. Je me suis retrouv\u00e9e donc sans ressource. J&rsquo;ai vu un assistant social mais il a dit qu&rsquo;il ne pouvait pas m&rsquo;aider. J&rsquo;essaie de me d\u00e9brouiller pour me nourrir chaque jour mais cela devient de plus en plus difficile. Commble du malheur, mon cousin qui m&rsquo;h\u00e9berge doit rendre l&rsquo;appartement \u00e0 la fin du mois. Je suis d\u00e9prim\u00e9e. Je ne sais pas quoi faire et je pleure chaque jour parce que je ne trouve pas pour l&rsquo;instant de solution. Je ne sais pas comment m&rsquo;en sortir.<\/p>\n","protected":false},"excerpt":{"rendered":"<p>Je suis en France depuis peu de temps et je suis enceinte de 6 mois 1\/2. J&rsquo;ai d\u00fb arr\u00eater de travailler depuis le 2\u00e8me mois de ma grossesse parce que je faisais le m\u00e9nage et j&rsquo;\u00e9tais non d\u00e9clar\u00e9e. Il y a 3 mois, le p\u00e8re de l&rsquo;enfant que je porte m&rsquo;a abandonn\u00e9e. Je me suis retrouv\u00e9e donc sans ressource. J&rsquo;ai vu un assistant social mais il a dit qu&rsquo;il ne pouvait pas m&rsquo;aider. J&rsquo;essaie de me d\u00e9brouiller pour me nourrir chaque jour mais cela devient de plus en plus difficile.<\/p>\n","protected":false},"author":461446,"featured_media":0,"comment_status":"open","ping_status":"open","sticky":false,"template":"","format":"standard","meta":[],"categories":[1],"tags":[],"yoast_head":"<!-- This site is optimized with the Yoast SEO plugin v20.4 - https:\/\/yoast.com\/wordpress\/plugins\/seo\/ -->\n<title>Compl\u00e8tement perdue - Les confessions<\/title>\n<meta name=\"robots\" content=\"index, follow, max-snippet:-1, max-image-preview:large, max-video-preview:-1\" \/>\n<link rel=\"canonical\" href=\"https:\/\/www.neufmois.fr\/les-confessions\/completement-perdue\" \/>\n<meta property=\"og:locale\" content=\"fr_FR\" \/>\n<meta property=\"og:type\" content=\"article\" \/>\n<meta property=\"og:title\" content=\"Compl\u00e8tement perdue - Les confessions\" \/>\n<meta property=\"og:description\" content=\"Je suis en France depuis peu de temps et je suis enceinte de 6 mois 1\/2. J&rsquo;ai d\u00fb arr\u00eater de travailler depuis le 2\u00e8me mois de ma grossesse parce que je faisais le m\u00e9nage et j&rsquo;\u00e9tais non d\u00e9clar\u00e9e. Il y a 3 mois, le p\u00e8re de l&rsquo;enfant que je porte m&rsquo;a abandonn\u00e9e. Je me suis retrouv\u00e9e donc sans ressource. J&rsquo;ai vu un assistant social mais il a dit qu&rsquo;il ne pouvait pas m&rsquo;aider. J&rsquo;essaie de me d\u00e9brouiller pour me nourrir chaque jour mais cela devient de plus en plus difficile.\" \/>\n<meta property=\"og:url\" content=\"https:\/\/www.neufmois.fr\/les-confessions\/completement-perdue\" \/>\n<meta property=\"og:site_name\" content=\"Les confessions\" \/>\n<meta property=\"article:published_time\" content=\"2010-07-10T11:38:00+00:00\" \/>\n<meta name=\"author\" content=\"maman anonyme\" \/>\n<meta name=\"twitter:card\" content=\"summary_large_image\" \/>\n<meta name=\"twitter:label1\" content=\"\u00c9crit par\" \/>\n\t<meta name=\"twitter:data1\" content=\"maman anonyme\" \/>\n\t<meta name=\"twitter:label2\" content=\"Dur\u00e9e de lecture estim\u00e9e\" \/>\n\t<meta name=\"twitter:data2\" content=\"1 minute\" \/>\n<script type=\"application\/ld+json\" class=\"yoast-schema-graph\">{\"@context\":\"https:\/\/schema.org\",\"@graph\":[{\"@type\":\"WebPage\",\"@id\":\"https:\/\/www.neufmois.fr\/les-confessions\/completement-perdue\",\"url\":\"https:\/\/www.neufmois.fr\/les-confessions\/completement-perdue\",\"name\":\"Compl\u00e8tement perdue - Les confessions\",\"isPartOf\":{\"@id\":\"https:\/\/www.neufmois.fr\/les-confessions\/#website\"},\"datePublished\":\"2010-07-10T11:38:00+00:00\",\"dateModified\":\"2010-07-10T11:38:00+00:00\",\"author\":{\"@id\":\"https:\/\/www.neufmois.fr\/les-confessions\/#\/schema\/person\/893fe127c653ae6741f53a67962f8b5d\"},\"breadcrumb\":{\"@id\":\"https:\/\/www.neufmois.fr\/les-confessions\/completement-perdue#breadcrumb\"},\"inLanguage\":\"fr-FR\",\"potentialAction\":[{\"@type\":\"ReadAction\",\"target\":[\"https:\/\/www.neufmois.fr\/les-confessions\/completement-perdue\"]}]},{\"@type\":\"BreadcrumbList\",\"@id\":\"https:\/\/www.neufmois.fr\/les-confessions\/completement-perdue#breadcrumb\",\"itemListElement\":[{\"@type\":\"ListItem\",\"position\":1,\"name\":\"Accueil\",\"item\":\"https:\/\/www.neufmois.fr\/les-confessions\/\"},{\"@type\":\"ListItem\",\"position\":2,\"name\":\"Compl\u00e8tement perdue\"}]},{\"@type\":\"WebSite\",\"@id\":\"https:\/\/www.neufmois.fr\/les-confessions\/#website\",\"url\":\"https:\/\/www.neufmois.fr\/les-confessions\/\",\"name\":\"Les confessions\",\"description\":\" Les confessions\",\"potentialAction\":[{\"@type\":\"SearchAction\",\"target\":{\"@type\":\"EntryPoint\",\"urlTemplate\":\"https:\/\/www.neufmois.fr\/les-confessions\/?s={search_term_string}\"},\"query-input\":\"required name=search_term_string\"}],\"inLanguage\":\"fr-FR\"},{\"@type\":\"Person\",\"@id\":\"https:\/\/www.neufmois.fr\/les-confessions\/#\/schema\/person\/893fe127c653ae6741f53a67962f8b5d\",\"name\":\"maman anonyme\",\"image\":{\"@type\":\"ImageObject\",\"inLanguage\":\"fr-FR\",\"@id\":\"https:\/\/www.neufmois.fr\/les-confessions\/#\/schema\/person\/image\/\",\"url\":\"https:\/\/secure.gravatar.com\/avatar\/e4b3abeefeb17983433f333a4c54f394?s=96&d=mm&r=g\",\"contentUrl\":\"https:\/\/secure.gravatar.com\/avatar\/e4b3abeefeb17983433f333a4c54f394?s=96&d=mm&r=g\",\"caption\":\"maman anonyme\"},\"url\":\"https:\/\/www.neufmois.fr\/les-confessions\/author\/anonyme\"}]}<\/script>\n<!-- \/ Yoast SEO plugin. -->","yoast_head_json":{"title":"Compl\u00e8tement perdue - Les confessions","robots":{"index":"index","follow":"follow","max-snippet":"max-snippet:-1","max-image-preview":"max-image-preview:large","max-video-preview":"max-video-preview:-1"},"canonical":"https:\/\/www.neufmois.fr\/les-confessions\/completement-perdue","og_locale":"fr_FR","og_type":"article","og_title":"Compl\u00e8tement perdue - Les confessions","og_description":"Je suis en France depuis peu de temps et je suis enceinte de 6 mois 1\/2. J&rsquo;ai d\u00fb arr\u00eater de travailler depuis le 2\u00e8me mois de ma grossesse parce que je faisais le m\u00e9nage et j&rsquo;\u00e9tais non d\u00e9clar\u00e9e. Il y a 3 mois, le p\u00e8re de l&rsquo;enfant que je porte m&rsquo;a abandonn\u00e9e. Je me suis retrouv\u00e9e donc sans ressource. J&rsquo;ai vu un assistant social mais il a dit qu&rsquo;il ne pouvait pas m&rsquo;aider. J&rsquo;essaie de me d\u00e9brouiller pour me nourrir chaque jour mais cela devient de plus en plus difficile.","og_url":"https:\/\/www.neufmois.fr\/les-confessions\/completement-perdue","og_site_name":"Les confessions","article_published_time":"2010-07-10T11:38:00+00:00","author":"maman anonyme","twitter_card":"summary_large_image","twitter_misc":{"\u00c9crit par":"maman anonyme","Dur\u00e9e de lecture estim\u00e9e":"1 minute"},"schema":{"@context":"https:\/\/schema.org","@graph":[{"@type":"WebPage","@id":"https:\/\/www.neufmois.fr\/les-confessions\/completement-perdue","url":"https:\/\/www.neufmois.fr\/les-confessions\/completement-perdue","name":"Compl\u00e8tement perdue - Les confessions","isPartOf":{"@id":"https:\/\/www.neufmois.fr\/les-confessions\/#website"},"datePublished":"2010-07-10T11:38:00+00:00","dateModified":"2010-07-10T11:38:00+00:00","author":{"@id":"https:\/\/www.neufmois.fr\/les-confessions\/#\/schema\/person\/893fe127c653ae6741f53a67962f8b5d"},"breadcrumb":{"@id":"https:\/\/www.neufmois.fr\/les-confessions\/completement-perdue#breadcrumb"},"inLanguage":"fr-FR","potentialAction":[{"@type":"ReadAction","target":["https:\/\/www.neufmois.fr\/les-confessions\/completement-perdue"]}]},{"@type":"BreadcrumbList","@id":"https:\/\/www.neufmois.fr\/les-confessions\/completement-perdue#breadcrumb","itemListElement":[{"@type":"ListItem","position":1,"name":"Accueil","item":"https:\/\/www.neufmois.fr\/les-confessions\/"},{"@type":"ListItem","position":2,"name":"Compl\u00e8tement perdue"}]},{"@type":"WebSite","@id":"https:\/\/www.neufmois.fr\/les-confessions\/#website","url":"https:\/\/www.neufmois.fr\/les-confessions\/","name":"Les confessions","description":" Les confessions","potentialAction":[{"@type":"SearchAction","target":{"@type":"EntryPoint","urlTemplate":"https:\/\/www.neufmois.fr\/les-confessions\/?s={search_term_string}"},"query-input":"required name=search_term_string"}],"inLanguage":"fr-FR"},{"@type":"Person","@id":"https:\/\/www.neufmois.fr\/les-confessions\/#\/schema\/person\/893fe127c653ae6741f53a67962f8b5d","name":"maman anonyme","image":{"@type":"ImageObject","inLanguage":"fr-FR","@id":"https:\/\/www.neufmois.fr\/les-confessions\/#\/schema\/person\/image\/","url":"https:\/\/secure.gravatar.com\/avatar\/e4b3abeefeb17983433f333a4c54f394?s=96&d=mm&r=g","contentUrl":"https:\/\/secure.gravatar.com\/avatar\/e4b3abeefeb17983433f333a4c54f394?s=96&d=mm&r=g","caption":"maman anonyme"},"url":"https:\/\/www.neufmois.fr\/les-confessions\/author\/anonyme"}]}},"amp_enabled":true,"_links":{"self":[{"href":"https:\/\/www.neufmois.fr\/les-confessions\/wp-json\/wp\/v2\/posts\/479"}],"collection":[{"href":"https:\/\/www.neufmois.fr\/les-confessions\/wp-json\/wp\/v2\/posts"}],"about":[{"href":"https:\/\/www.neufmois.fr\/les-confessions\/wp-json\/wp\/v2\/types\/post"}],"author":[{"embeddable":true,"href":"https:\/\/www.neufmois.fr\/les-confessions\/wp-json\/wp\/v2\/users\/461446"}],"replies":[{"embeddable":true,"href":"https:\/\/www.neufmois.fr\/les-confessions\/wp-json\/wp\/v2\/comments?post=479"}],"version-history":[{"count":0,"href":"https:\/\/www.neufmois.fr\/les-confessions\/wp-json\/wp\/v2\/posts\/479\/revisions"}],"wp:attachment":[{"href":"https:\/\/www.neufmois.fr\/les-confessions\/wp-json\/wp\/v2\/media?parent=479"}],"wp:term":[{"taxonomy":"category","embeddable":true,"href":"https:\/\/www.neufmois.fr\/les-confessions\/wp-json\/wp\/v2\/categories?post=479"},{"taxonomy":"post_tag","embeddable":true,"href":"https:\/\/www.neufmois.fr\/les-confessions\/wp-json\/wp\/v2\/tags?post=479"}],"curies":[{"name":"wp","href":"https:\/\/api.w.org\/{rel}","templated":true}]}}