{"id":477,"date":"2010-07-17T11:42:00","date_gmt":"2010-07-17T11:42:00","guid":{"rendered":"https:\/\/www.neufmois.fr\/les-confessions\/?p=477"},"modified":"2010-07-17T11:42:00","modified_gmt":"2010-07-17T11:42:00","slug":"ras-le-bol-je-suis-prisoniere-de-mon-corps","status":"publish","type":"post","link":"https:\/\/www.neufmois.fr\/les-confessions\/ras-le-bol-je-suis-prisoniere-de-mon-corps","title":{"rendered":"Ras le bol, je suis prisoni\u00e8re de mon corps !"},"content":{"rendered":"<p>Il y a deux mois, j&rsquo;ai accouch\u00e9 sous c\u00e9sarienne. Le gyn\u00e9co m&rsquo;a enlev\u00e9 mon ut\u00e9rus, risque d&rsquo;h\u00e9morragie importante. Mon placenta s&rsquo;est incrust\u00e9 dans mon ut\u00e9rus et j&rsquo;ai pass\u00e9 mes deux derniers mois entre l&rsquo;h\u00f4pital et mon lit. Maintenant, j&rsquo;ai mon corps tout endormi et les muscles de mes jambes sont raplapla, mon dos, ma nuque&#8230; c&rsquo;est affreux, je souffre. J&rsquo;ai fait une s\u00e9ance d&rsquo;ost\u00e9opathie et \u00e7a co\u00fbte. J&rsquo;aimerais tant retrouver mon corps. Je suis tellement prise par b\u00e9b\u00e9 et je dors que 2-3 heures par nuit. Je suis seule toute la journ\u00e9e, c&rsquo;est du bonheur mon petit coeur, mais tellement envie de retrouver des forces, \u00eatre moi. Je ne me supporte plus. J&rsquo;ai aussi 10 kg \u00e0 perdre. Je me sens moche. J&rsquo;en parle \u00e0 mon mari, qui me dit de laisser faire le temps mais depuis 4 mois, c&rsquo;est l&rsquo;isolement. Il faut que je trouve des moyens pour m&rsquo;en sortir. Merci de me donner des id\u00e9es, de l&rsquo;aide. <\/p>\n","protected":false},"excerpt":{"rendered":"<p>Il y a deux mois, j&rsquo;ai accouch\u00e9 sous c\u00e9sarienne. Le gyn\u00e9co m&rsquo;a enlev\u00e9 mon ut\u00e9rus, risque d&rsquo;h\u00e9morragie importante. Mon placenta s&rsquo;est incrust\u00e9 dans mon ut\u00e9rus et j&rsquo;ai pass\u00e9 mes deux derniers mois entre l&rsquo;h\u00f4pital et mon lit. Maintenant, j&rsquo;ai mon corps tout endormi et les muscles de mes jambes sont raplapla, mon dos, ma nuque&#8230; c&rsquo;est affreux, je souffre. J&rsquo;ai fait une s\u00e9ance d&rsquo;ost\u00e9opathie et \u00e7a co\u00fbte. J&rsquo;aimerais tant retrouver mon corps. Je suis tellement prise par b\u00e9b\u00e9 et je dors que 2-3 heures par nuit. Je suis seule toute<\/p>\n","protected":false},"author":461446,"featured_media":0,"comment_status":"open","ping_status":"open","sticky":false,"template":"","format":"standard","meta":[],"categories":[1],"tags":[],"yoast_head":"<!-- This site is optimized with the Yoast SEO plugin v20.4 - https:\/\/yoast.com\/wordpress\/plugins\/seo\/ -->\n<title>Ras le bol, je suis prisoni\u00e8re de mon corps ! - Les confessions<\/title>\n<meta name=\"robots\" content=\"index, follow, max-snippet:-1, max-image-preview:large, max-video-preview:-1\" \/>\n<link rel=\"canonical\" href=\"https:\/\/www.neufmois.fr\/les-confessions\/ras-le-bol-je-suis-prisoniere-de-mon-corps\" \/>\n<meta property=\"og:locale\" content=\"fr_FR\" \/>\n<meta property=\"og:type\" content=\"article\" \/>\n<meta property=\"og:title\" content=\"Ras le bol, je suis prisoni\u00e8re de mon corps ! - Les confessions\" \/>\n<meta property=\"og:description\" content=\"Il y a deux mois, j&rsquo;ai accouch\u00e9 sous c\u00e9sarienne. Le gyn\u00e9co m&rsquo;a enlev\u00e9 mon ut\u00e9rus, risque d&rsquo;h\u00e9morragie importante. Mon placenta s&rsquo;est incrust\u00e9 dans mon ut\u00e9rus et j&rsquo;ai pass\u00e9 mes deux derniers mois entre l&rsquo;h\u00f4pital et mon lit. Maintenant, j&rsquo;ai mon corps tout endormi et les muscles de mes jambes sont raplapla, mon dos, ma nuque&#8230; c&rsquo;est affreux, je souffre. J&rsquo;ai fait une s\u00e9ance d&rsquo;ost\u00e9opathie et \u00e7a co\u00fbte. J&rsquo;aimerais tant retrouver mon corps. Je suis tellement prise par b\u00e9b\u00e9 et je dors que 2-3 heures par nuit. Je suis seule toute\" \/>\n<meta property=\"og:url\" content=\"https:\/\/www.neufmois.fr\/les-confessions\/ras-le-bol-je-suis-prisoniere-de-mon-corps\" \/>\n<meta property=\"og:site_name\" content=\"Les confessions\" \/>\n<meta property=\"article:published_time\" content=\"2010-07-17T11:42:00+00:00\" \/>\n<meta name=\"author\" content=\"maman anonyme\" \/>\n<meta name=\"twitter:card\" content=\"summary_large_image\" \/>\n<meta name=\"twitter:label1\" content=\"\u00c9crit par\" \/>\n\t<meta name=\"twitter:data1\" content=\"maman anonyme\" \/>\n\t<meta name=\"twitter:label2\" content=\"Dur\u00e9e de lecture estim\u00e9e\" \/>\n\t<meta name=\"twitter:data2\" content=\"1 minute\" \/>\n<script type=\"application\/ld+json\" class=\"yoast-schema-graph\">{\"@context\":\"https:\/\/schema.org\",\"@graph\":[{\"@type\":\"WebPage\",\"@id\":\"https:\/\/www.neufmois.fr\/les-confessions\/ras-le-bol-je-suis-prisoniere-de-mon-corps\",\"url\":\"https:\/\/www.neufmois.fr\/les-confessions\/ras-le-bol-je-suis-prisoniere-de-mon-corps\",\"name\":\"Ras le bol, je suis prisoni\u00e8re de mon corps ! - Les confessions\",\"isPartOf\":{\"@id\":\"https:\/\/www.neufmois.fr\/les-confessions\/#website\"},\"datePublished\":\"2010-07-17T11:42:00+00:00\",\"dateModified\":\"2010-07-17T11:42:00+00:00\",\"author\":{\"@id\":\"https:\/\/www.neufmois.fr\/les-confessions\/#\/schema\/person\/893fe127c653ae6741f53a67962f8b5d\"},\"breadcrumb\":{\"@id\":\"https:\/\/www.neufmois.fr\/les-confessions\/ras-le-bol-je-suis-prisoniere-de-mon-corps#breadcrumb\"},\"inLanguage\":\"fr-FR\",\"potentialAction\":[{\"@type\":\"ReadAction\",\"target\":[\"https:\/\/www.neufmois.fr\/les-confessions\/ras-le-bol-je-suis-prisoniere-de-mon-corps\"]}]},{\"@type\":\"BreadcrumbList\",\"@id\":\"https:\/\/www.neufmois.fr\/les-confessions\/ras-le-bol-je-suis-prisoniere-de-mon-corps#breadcrumb\",\"itemListElement\":[{\"@type\":\"ListItem\",\"position\":1,\"name\":\"Accueil\",\"item\":\"https:\/\/www.neufmois.fr\/les-confessions\/\"},{\"@type\":\"ListItem\",\"position\":2,\"name\":\"Ras le bol, je suis prisoni\u00e8re de mon corps !\"}]},{\"@type\":\"WebSite\",\"@id\":\"https:\/\/www.neufmois.fr\/les-confessions\/#website\",\"url\":\"https:\/\/www.neufmois.fr\/les-confessions\/\",\"name\":\"Les confessions\",\"description\":\" Les confessions\",\"potentialAction\":[{\"@type\":\"SearchAction\",\"target\":{\"@type\":\"EntryPoint\",\"urlTemplate\":\"https:\/\/www.neufmois.fr\/les-confessions\/?s={search_term_string}\"},\"query-input\":\"required name=search_term_string\"}],\"inLanguage\":\"fr-FR\"},{\"@type\":\"Person\",\"@id\":\"https:\/\/www.neufmois.fr\/les-confessions\/#\/schema\/person\/893fe127c653ae6741f53a67962f8b5d\",\"name\":\"maman anonyme\",\"image\":{\"@type\":\"ImageObject\",\"inLanguage\":\"fr-FR\",\"@id\":\"https:\/\/www.neufmois.fr\/les-confessions\/#\/schema\/person\/image\/\",\"url\":\"https:\/\/secure.gravatar.com\/avatar\/e4b3abeefeb17983433f333a4c54f394?s=96&d=mm&r=g\",\"contentUrl\":\"https:\/\/secure.gravatar.com\/avatar\/e4b3abeefeb17983433f333a4c54f394?s=96&d=mm&r=g\",\"caption\":\"maman anonyme\"},\"url\":\"https:\/\/www.neufmois.fr\/les-confessions\/author\/anonyme\"}]}<\/script>\n<!-- \/ Yoast SEO plugin. -->","yoast_head_json":{"title":"Ras le bol, je suis prisoni\u00e8re de mon corps ! - Les confessions","robots":{"index":"index","follow":"follow","max-snippet":"max-snippet:-1","max-image-preview":"max-image-preview:large","max-video-preview":"max-video-preview:-1"},"canonical":"https:\/\/www.neufmois.fr\/les-confessions\/ras-le-bol-je-suis-prisoniere-de-mon-corps","og_locale":"fr_FR","og_type":"article","og_title":"Ras le bol, je suis prisoni\u00e8re de mon corps ! - Les confessions","og_description":"Il y a deux mois, j&rsquo;ai accouch\u00e9 sous c\u00e9sarienne. Le gyn\u00e9co m&rsquo;a enlev\u00e9 mon ut\u00e9rus, risque d&rsquo;h\u00e9morragie importante. Mon placenta s&rsquo;est incrust\u00e9 dans mon ut\u00e9rus et j&rsquo;ai pass\u00e9 mes deux derniers mois entre l&rsquo;h\u00f4pital et mon lit. Maintenant, j&rsquo;ai mon corps tout endormi et les muscles de mes jambes sont raplapla, mon dos, ma nuque&#8230; c&rsquo;est affreux, je souffre. J&rsquo;ai fait une s\u00e9ance d&rsquo;ost\u00e9opathie et \u00e7a co\u00fbte. J&rsquo;aimerais tant retrouver mon corps. Je suis tellement prise par b\u00e9b\u00e9 et je dors que 2-3 heures par nuit. Je suis seule toute","og_url":"https:\/\/www.neufmois.fr\/les-confessions\/ras-le-bol-je-suis-prisoniere-de-mon-corps","og_site_name":"Les confessions","article_published_time":"2010-07-17T11:42:00+00:00","author":"maman anonyme","twitter_card":"summary_large_image","twitter_misc":{"\u00c9crit par":"maman anonyme","Dur\u00e9e de lecture estim\u00e9e":"1 minute"},"schema":{"@context":"https:\/\/schema.org","@graph":[{"@type":"WebPage","@id":"https:\/\/www.neufmois.fr\/les-confessions\/ras-le-bol-je-suis-prisoniere-de-mon-corps","url":"https:\/\/www.neufmois.fr\/les-confessions\/ras-le-bol-je-suis-prisoniere-de-mon-corps","name":"Ras le bol, je suis prisoni\u00e8re de mon corps ! - Les confessions","isPartOf":{"@id":"https:\/\/www.neufmois.fr\/les-confessions\/#website"},"datePublished":"2010-07-17T11:42:00+00:00","dateModified":"2010-07-17T11:42:00+00:00","author":{"@id":"https:\/\/www.neufmois.fr\/les-confessions\/#\/schema\/person\/893fe127c653ae6741f53a67962f8b5d"},"breadcrumb":{"@id":"https:\/\/www.neufmois.fr\/les-confessions\/ras-le-bol-je-suis-prisoniere-de-mon-corps#breadcrumb"},"inLanguage":"fr-FR","potentialAction":[{"@type":"ReadAction","target":["https:\/\/www.neufmois.fr\/les-confessions\/ras-le-bol-je-suis-prisoniere-de-mon-corps"]}]},{"@type":"BreadcrumbList","@id":"https:\/\/www.neufmois.fr\/les-confessions\/ras-le-bol-je-suis-prisoniere-de-mon-corps#breadcrumb","itemListElement":[{"@type":"ListItem","position":1,"name":"Accueil","item":"https:\/\/www.neufmois.fr\/les-confessions\/"},{"@type":"ListItem","position":2,"name":"Ras le bol, je suis prisoni\u00e8re de mon corps !"}]},{"@type":"WebSite","@id":"https:\/\/www.neufmois.fr\/les-confessions\/#website","url":"https:\/\/www.neufmois.fr\/les-confessions\/","name":"Les confessions","description":" Les confessions","potentialAction":[{"@type":"SearchAction","target":{"@type":"EntryPoint","urlTemplate":"https:\/\/www.neufmois.fr\/les-confessions\/?s={search_term_string}"},"query-input":"required name=search_term_string"}],"inLanguage":"fr-FR"},{"@type":"Person","@id":"https:\/\/www.neufmois.fr\/les-confessions\/#\/schema\/person\/893fe127c653ae6741f53a67962f8b5d","name":"maman anonyme","image":{"@type":"ImageObject","inLanguage":"fr-FR","@id":"https:\/\/www.neufmois.fr\/les-confessions\/#\/schema\/person\/image\/","url":"https:\/\/secure.gravatar.com\/avatar\/e4b3abeefeb17983433f333a4c54f394?s=96&d=mm&r=g","contentUrl":"https:\/\/secure.gravatar.com\/avatar\/e4b3abeefeb17983433f333a4c54f394?s=96&d=mm&r=g","caption":"maman anonyme"},"url":"https:\/\/www.neufmois.fr\/les-confessions\/author\/anonyme"}]}},"amp_enabled":true,"_links":{"self":[{"href":"https:\/\/www.neufmois.fr\/les-confessions\/wp-json\/wp\/v2\/posts\/477"}],"collection":[{"href":"https:\/\/www.neufmois.fr\/les-confessions\/wp-json\/wp\/v2\/posts"}],"about":[{"href":"https:\/\/www.neufmois.fr\/les-confessions\/wp-json\/wp\/v2\/types\/post"}],"author":[{"embeddable":true,"href":"https:\/\/www.neufmois.fr\/les-confessions\/wp-json\/wp\/v2\/users\/461446"}],"replies":[{"embeddable":true,"href":"https:\/\/www.neufmois.fr\/les-confessions\/wp-json\/wp\/v2\/comments?post=477"}],"version-history":[{"count":0,"href":"https:\/\/www.neufmois.fr\/les-confessions\/wp-json\/wp\/v2\/posts\/477\/revisions"}],"wp:attachment":[{"href":"https:\/\/www.neufmois.fr\/les-confessions\/wp-json\/wp\/v2\/media?parent=477"}],"wp:term":[{"taxonomy":"category","embeddable":true,"href":"https:\/\/www.neufmois.fr\/les-confessions\/wp-json\/wp\/v2\/categories?post=477"},{"taxonomy":"post_tag","embeddable":true,"href":"https:\/\/www.neufmois.fr\/les-confessions\/wp-json\/wp\/v2\/tags?post=477"}],"curies":[{"name":"wp","href":"https:\/\/api.w.org\/{rel}","templated":true}]}}