{"id":471,"date":"2010-07-28T11:37:00","date_gmt":"2010-07-28T11:37:00","guid":{"rendered":"https:\/\/www.neufmois.fr\/les-confessions\/?p=471"},"modified":"2010-07-28T11:37:00","modified_gmt":"2010-07-28T11:37:00","slug":"a-deux-apres-la-naissance-des-enfants","status":"publish","type":"post","link":"https:\/\/www.neufmois.fr\/les-confessions\/a-deux-apres-la-naissance-des-enfants","title":{"rendered":"A deux apr\u00e8s la naissance des enfants !"},"content":{"rendered":"<p>Depuis la naissance de notre dernier enfant, je n&rsquo;ai plus envie de calins. Je n&rsquo;ai plus de d\u00e9sir. On a essay\u00e9 quelque temps apr\u00e8s la naissance, j&rsquo;ai des douleurs. Donc on ne fait plus rien et cela commence \u00e0 jouer sur notre couple ! J&rsquo;ai d\u00e9j\u00e0 eu une grossesse difficile, donc on avait d\u00e9j\u00e0 mit les calins entre parenth\u00e8se mais l\u00e0 je me rends compte que pour mon compagnon c&rsquo;est difficile. Il m&rsquo;aime, \u00e7\u00e0 c&rsquo;est s\u00fbr. Il n&rsquo;ira pas voir ailleurs, mais il faut que je fasse des efforts ! Je suis toujours fatigu\u00e9e et ai envie de rien. Je suis \u00e0 200% pour les enfants. Je n&rsquo;ai plus de temps pour moi, maquillage etc, tout \u00e7a c&rsquo;est fini et j&rsquo;en ai plus envie. Je me laisse aller, je m&rsquo;en rends compte mais je laisse faire en mettant mon couple en p\u00e9ril ! C&rsquo;est tr\u00e8s difficile la vie&#8230;<\/p>\n","protected":false},"excerpt":{"rendered":"<p>Depuis la naissance de notre dernier enfant, je n&rsquo;ai plus envie de calins. Je n&rsquo;ai plus de d\u00e9sir. On a essay\u00e9 quelque temps apr\u00e8s la naissance, j&rsquo;ai des douleurs. Donc on ne fait plus rien et cela commence \u00e0 jouer sur notre couple ! J&rsquo;ai d\u00e9j\u00e0 eu une grossesse difficile, donc on avait d\u00e9j\u00e0 mit les calins entre parenth\u00e8se mais l\u00e0 je me rends compte que pour mon compagnon c&rsquo;est difficile. Il m&rsquo;aime, \u00e7\u00e0 c&rsquo;est s\u00fbr. Il n&rsquo;ira pas voir ailleurs, mais il faut que je fasse des efforts !<\/p>\n","protected":false},"author":461446,"featured_media":0,"comment_status":"open","ping_status":"open","sticky":false,"template":"","format":"standard","meta":[],"categories":[1],"tags":[],"yoast_head":"<!-- This site is optimized with the Yoast SEO plugin v20.4 - https:\/\/yoast.com\/wordpress\/plugins\/seo\/ -->\n<title>A deux apr\u00e8s la naissance des enfants ! - Les confessions<\/title>\n<meta name=\"robots\" content=\"index, follow, max-snippet:-1, max-image-preview:large, max-video-preview:-1\" \/>\n<link rel=\"canonical\" href=\"https:\/\/www.neufmois.fr\/les-confessions\/a-deux-apres-la-naissance-des-enfants\" \/>\n<meta property=\"og:locale\" content=\"fr_FR\" \/>\n<meta property=\"og:type\" content=\"article\" \/>\n<meta property=\"og:title\" content=\"A deux apr\u00e8s la naissance des enfants ! - Les confessions\" \/>\n<meta property=\"og:description\" content=\"Depuis la naissance de notre dernier enfant, je n&rsquo;ai plus envie de calins. Je n&rsquo;ai plus de d\u00e9sir. On a essay\u00e9 quelque temps apr\u00e8s la naissance, j&rsquo;ai des douleurs. Donc on ne fait plus rien et cela commence \u00e0 jouer sur notre couple ! J&rsquo;ai d\u00e9j\u00e0 eu une grossesse difficile, donc on avait d\u00e9j\u00e0 mit les calins entre parenth\u00e8se mais l\u00e0 je me rends compte que pour mon compagnon c&rsquo;est difficile. Il m&rsquo;aime, \u00e7\u00e0 c&rsquo;est s\u00fbr. Il n&rsquo;ira pas voir ailleurs, mais il faut que je fasse des efforts !\" \/>\n<meta property=\"og:url\" content=\"https:\/\/www.neufmois.fr\/les-confessions\/a-deux-apres-la-naissance-des-enfants\" \/>\n<meta property=\"og:site_name\" content=\"Les confessions\" \/>\n<meta property=\"article:published_time\" content=\"2010-07-28T11:37:00+00:00\" \/>\n<meta name=\"author\" content=\"maman anonyme\" \/>\n<meta name=\"twitter:card\" content=\"summary_large_image\" \/>\n<meta name=\"twitter:label1\" content=\"\u00c9crit par\" \/>\n\t<meta name=\"twitter:data1\" content=\"maman anonyme\" \/>\n\t<meta name=\"twitter:label2\" content=\"Dur\u00e9e de lecture estim\u00e9e\" \/>\n\t<meta name=\"twitter:data2\" content=\"1 minute\" \/>\n<script type=\"application\/ld+json\" class=\"yoast-schema-graph\">{\"@context\":\"https:\/\/schema.org\",\"@graph\":[{\"@type\":\"WebPage\",\"@id\":\"https:\/\/www.neufmois.fr\/les-confessions\/a-deux-apres-la-naissance-des-enfants\",\"url\":\"https:\/\/www.neufmois.fr\/les-confessions\/a-deux-apres-la-naissance-des-enfants\",\"name\":\"A deux apr\u00e8s la naissance des enfants ! - Les confessions\",\"isPartOf\":{\"@id\":\"https:\/\/www.neufmois.fr\/les-confessions\/#website\"},\"datePublished\":\"2010-07-28T11:37:00+00:00\",\"dateModified\":\"2010-07-28T11:37:00+00:00\",\"author\":{\"@id\":\"https:\/\/www.neufmois.fr\/les-confessions\/#\/schema\/person\/893fe127c653ae6741f53a67962f8b5d\"},\"breadcrumb\":{\"@id\":\"https:\/\/www.neufmois.fr\/les-confessions\/a-deux-apres-la-naissance-des-enfants#breadcrumb\"},\"inLanguage\":\"fr-FR\",\"potentialAction\":[{\"@type\":\"ReadAction\",\"target\":[\"https:\/\/www.neufmois.fr\/les-confessions\/a-deux-apres-la-naissance-des-enfants\"]}]},{\"@type\":\"BreadcrumbList\",\"@id\":\"https:\/\/www.neufmois.fr\/les-confessions\/a-deux-apres-la-naissance-des-enfants#breadcrumb\",\"itemListElement\":[{\"@type\":\"ListItem\",\"position\":1,\"name\":\"Accueil\",\"item\":\"https:\/\/www.neufmois.fr\/les-confessions\/\"},{\"@type\":\"ListItem\",\"position\":2,\"name\":\"A deux apr\u00e8s la naissance des enfants !\"}]},{\"@type\":\"WebSite\",\"@id\":\"https:\/\/www.neufmois.fr\/les-confessions\/#website\",\"url\":\"https:\/\/www.neufmois.fr\/les-confessions\/\",\"name\":\"Les confessions\",\"description\":\" Les confessions\",\"potentialAction\":[{\"@type\":\"SearchAction\",\"target\":{\"@type\":\"EntryPoint\",\"urlTemplate\":\"https:\/\/www.neufmois.fr\/les-confessions\/?s={search_term_string}\"},\"query-input\":\"required name=search_term_string\"}],\"inLanguage\":\"fr-FR\"},{\"@type\":\"Person\",\"@id\":\"https:\/\/www.neufmois.fr\/les-confessions\/#\/schema\/person\/893fe127c653ae6741f53a67962f8b5d\",\"name\":\"maman anonyme\",\"image\":{\"@type\":\"ImageObject\",\"inLanguage\":\"fr-FR\",\"@id\":\"https:\/\/www.neufmois.fr\/les-confessions\/#\/schema\/person\/image\/\",\"url\":\"https:\/\/secure.gravatar.com\/avatar\/e4b3abeefeb17983433f333a4c54f394?s=96&d=mm&r=g\",\"contentUrl\":\"https:\/\/secure.gravatar.com\/avatar\/e4b3abeefeb17983433f333a4c54f394?s=96&d=mm&r=g\",\"caption\":\"maman anonyme\"},\"url\":\"https:\/\/www.neufmois.fr\/les-confessions\/author\/anonyme\"}]}<\/script>\n<!-- \/ Yoast SEO plugin. -->","yoast_head_json":{"title":"A deux apr\u00e8s la naissance des enfants ! - Les confessions","robots":{"index":"index","follow":"follow","max-snippet":"max-snippet:-1","max-image-preview":"max-image-preview:large","max-video-preview":"max-video-preview:-1"},"canonical":"https:\/\/www.neufmois.fr\/les-confessions\/a-deux-apres-la-naissance-des-enfants","og_locale":"fr_FR","og_type":"article","og_title":"A deux apr\u00e8s la naissance des enfants ! - Les confessions","og_description":"Depuis la naissance de notre dernier enfant, je n&rsquo;ai plus envie de calins. Je n&rsquo;ai plus de d\u00e9sir. On a essay\u00e9 quelque temps apr\u00e8s la naissance, j&rsquo;ai des douleurs. Donc on ne fait plus rien et cela commence \u00e0 jouer sur notre couple ! J&rsquo;ai d\u00e9j\u00e0 eu une grossesse difficile, donc on avait d\u00e9j\u00e0 mit les calins entre parenth\u00e8se mais l\u00e0 je me rends compte que pour mon compagnon c&rsquo;est difficile. Il m&rsquo;aime, \u00e7\u00e0 c&rsquo;est s\u00fbr. Il n&rsquo;ira pas voir ailleurs, mais il faut que je fasse des efforts !","og_url":"https:\/\/www.neufmois.fr\/les-confessions\/a-deux-apres-la-naissance-des-enfants","og_site_name":"Les confessions","article_published_time":"2010-07-28T11:37:00+00:00","author":"maman anonyme","twitter_card":"summary_large_image","twitter_misc":{"\u00c9crit par":"maman anonyme","Dur\u00e9e de lecture estim\u00e9e":"1 minute"},"schema":{"@context":"https:\/\/schema.org","@graph":[{"@type":"WebPage","@id":"https:\/\/www.neufmois.fr\/les-confessions\/a-deux-apres-la-naissance-des-enfants","url":"https:\/\/www.neufmois.fr\/les-confessions\/a-deux-apres-la-naissance-des-enfants","name":"A deux apr\u00e8s la naissance des enfants ! - Les confessions","isPartOf":{"@id":"https:\/\/www.neufmois.fr\/les-confessions\/#website"},"datePublished":"2010-07-28T11:37:00+00:00","dateModified":"2010-07-28T11:37:00+00:00","author":{"@id":"https:\/\/www.neufmois.fr\/les-confessions\/#\/schema\/person\/893fe127c653ae6741f53a67962f8b5d"},"breadcrumb":{"@id":"https:\/\/www.neufmois.fr\/les-confessions\/a-deux-apres-la-naissance-des-enfants#breadcrumb"},"inLanguage":"fr-FR","potentialAction":[{"@type":"ReadAction","target":["https:\/\/www.neufmois.fr\/les-confessions\/a-deux-apres-la-naissance-des-enfants"]}]},{"@type":"BreadcrumbList","@id":"https:\/\/www.neufmois.fr\/les-confessions\/a-deux-apres-la-naissance-des-enfants#breadcrumb","itemListElement":[{"@type":"ListItem","position":1,"name":"Accueil","item":"https:\/\/www.neufmois.fr\/les-confessions\/"},{"@type":"ListItem","position":2,"name":"A deux apr\u00e8s la naissance des enfants !"}]},{"@type":"WebSite","@id":"https:\/\/www.neufmois.fr\/les-confessions\/#website","url":"https:\/\/www.neufmois.fr\/les-confessions\/","name":"Les confessions","description":" Les confessions","potentialAction":[{"@type":"SearchAction","target":{"@type":"EntryPoint","urlTemplate":"https:\/\/www.neufmois.fr\/les-confessions\/?s={search_term_string}"},"query-input":"required name=search_term_string"}],"inLanguage":"fr-FR"},{"@type":"Person","@id":"https:\/\/www.neufmois.fr\/les-confessions\/#\/schema\/person\/893fe127c653ae6741f53a67962f8b5d","name":"maman anonyme","image":{"@type":"ImageObject","inLanguage":"fr-FR","@id":"https:\/\/www.neufmois.fr\/les-confessions\/#\/schema\/person\/image\/","url":"https:\/\/secure.gravatar.com\/avatar\/e4b3abeefeb17983433f333a4c54f394?s=96&d=mm&r=g","contentUrl":"https:\/\/secure.gravatar.com\/avatar\/e4b3abeefeb17983433f333a4c54f394?s=96&d=mm&r=g","caption":"maman anonyme"},"url":"https:\/\/www.neufmois.fr\/les-confessions\/author\/anonyme"}]}},"amp_enabled":true,"_links":{"self":[{"href":"https:\/\/www.neufmois.fr\/les-confessions\/wp-json\/wp\/v2\/posts\/471"}],"collection":[{"href":"https:\/\/www.neufmois.fr\/les-confessions\/wp-json\/wp\/v2\/posts"}],"about":[{"href":"https:\/\/www.neufmois.fr\/les-confessions\/wp-json\/wp\/v2\/types\/post"}],"author":[{"embeddable":true,"href":"https:\/\/www.neufmois.fr\/les-confessions\/wp-json\/wp\/v2\/users\/461446"}],"replies":[{"embeddable":true,"href":"https:\/\/www.neufmois.fr\/les-confessions\/wp-json\/wp\/v2\/comments?post=471"}],"version-history":[{"count":0,"href":"https:\/\/www.neufmois.fr\/les-confessions\/wp-json\/wp\/v2\/posts\/471\/revisions"}],"wp:attachment":[{"href":"https:\/\/www.neufmois.fr\/les-confessions\/wp-json\/wp\/v2\/media?parent=471"}],"wp:term":[{"taxonomy":"category","embeddable":true,"href":"https:\/\/www.neufmois.fr\/les-confessions\/wp-json\/wp\/v2\/categories?post=471"},{"taxonomy":"post_tag","embeddable":true,"href":"https:\/\/www.neufmois.fr\/les-confessions\/wp-json\/wp\/v2\/tags?post=471"}],"curies":[{"name":"wp","href":"https:\/\/api.w.org\/{rel}","templated":true}]}}