{"id":468,"date":"2010-08-02T16:39:00","date_gmt":"2010-08-02T16:39:00","guid":{"rendered":"https:\/\/www.neufmois.fr\/les-confessions\/?p=468"},"modified":"2010-08-02T16:39:00","modified_gmt":"2010-08-02T16:39:00","slug":"la-conscience-qui-me-taraude","status":"publish","type":"post","link":"https:\/\/www.neufmois.fr\/les-confessions\/la-conscience-qui-me-taraude","title":{"rendered":"La conscience qui me taraude !"},"content":{"rendered":"<p>Salut les filles. cela fait des ann\u00e9es que je suis avec mon ch\u00e9ri qui est en fait mari\u00e9. On s&rsquo;est connus lorsqu&rsquo;il ne l&rsquo;\u00e9tait pas encore et il s&rsquo;est mari\u00e9 finalement avec une autre car je ne voulais pas entendre parler de mariage \u00e0 l&rsquo;\u00e9poque ! Cette ann\u00e9e \u00e0 mon anniversaire, nous nous sommes retrouv\u00e9s pour f\u00eater l&rsquo;\u00e9v\u00e9nement et c&rsquo;est l\u00e0 que mon bb fut con\u00e7u ! Il a dej\u00e0 engag\u00e9 une proc\u00e9dure de divorce quand il l&rsquo;a su, mais j&rsquo;avoue que je me sens plus que coupable de l&rsquo;echec de son mariaage. En plus, il s&rsquo;est mari\u00e9 \u00e0 l&rsquo;eglise, donc demeurera pour toujours mari\u00e9 \u00e0 son ex. Etant moi aussi fervente catholique, je ne sais plus si j&rsquo;accepterais de l&rsquo;epouser vu qu&rsquo;on ne pourra jamais se marier un jour \u00e0 l&rsquo;eglise. Personne dans la famille ne le sait et j&rsquo;avoue que certaines nuits j&rsquo;en perd le sommeil.<\/p>\n","protected":false},"excerpt":{"rendered":"<p>Salut les filles. cela fait des ann\u00e9es que je suis avec mon ch\u00e9ri qui est en fait mari\u00e9. On s&rsquo;est connus lorsqu&rsquo;il ne l&rsquo;\u00e9tait pas encore et il s&rsquo;est mari\u00e9 finalement avec une autre car je ne voulais pas entendre parler de mariage \u00e0 l&rsquo;\u00e9poque ! Cette ann\u00e9e \u00e0 mon anniversaire, nous nous sommes retrouv\u00e9s pour f\u00eater l&rsquo;\u00e9v\u00e9nement et c&rsquo;est l\u00e0 que mon bb fut con\u00e7u ! Il a dej\u00e0 engag\u00e9 une proc\u00e9dure de divorce quand il l&rsquo;a su, mais j&rsquo;avoue que je me sens plus que coupable de l&rsquo;echec<\/p>\n","protected":false},"author":461446,"featured_media":0,"comment_status":"open","ping_status":"open","sticky":false,"template":"","format":"standard","meta":[],"categories":[1],"tags":[],"yoast_head":"<!-- This site is optimized with the Yoast SEO plugin v20.4 - https:\/\/yoast.com\/wordpress\/plugins\/seo\/ -->\n<title>La conscience qui me taraude ! - Les confessions<\/title>\n<meta name=\"robots\" content=\"index, follow, max-snippet:-1, max-image-preview:large, max-video-preview:-1\" \/>\n<link rel=\"canonical\" href=\"https:\/\/www.neufmois.fr\/les-confessions\/la-conscience-qui-me-taraude\" \/>\n<meta property=\"og:locale\" content=\"fr_FR\" \/>\n<meta property=\"og:type\" content=\"article\" \/>\n<meta property=\"og:title\" content=\"La conscience qui me taraude ! - Les confessions\" \/>\n<meta property=\"og:description\" content=\"Salut les filles. cela fait des ann\u00e9es que je suis avec mon ch\u00e9ri qui est en fait mari\u00e9. On s&rsquo;est connus lorsqu&rsquo;il ne l&rsquo;\u00e9tait pas encore et il s&rsquo;est mari\u00e9 finalement avec une autre car je ne voulais pas entendre parler de mariage \u00e0 l&rsquo;\u00e9poque ! Cette ann\u00e9e \u00e0 mon anniversaire, nous nous sommes retrouv\u00e9s pour f\u00eater l&rsquo;\u00e9v\u00e9nement et c&rsquo;est l\u00e0 que mon bb fut con\u00e7u ! Il a dej\u00e0 engag\u00e9 une proc\u00e9dure de divorce quand il l&rsquo;a su, mais j&rsquo;avoue que je me sens plus que coupable de l&rsquo;echec\" \/>\n<meta property=\"og:url\" content=\"https:\/\/www.neufmois.fr\/les-confessions\/la-conscience-qui-me-taraude\" \/>\n<meta property=\"og:site_name\" content=\"Les confessions\" \/>\n<meta property=\"article:published_time\" content=\"2010-08-02T16:39:00+00:00\" \/>\n<meta name=\"author\" content=\"maman anonyme\" \/>\n<meta name=\"twitter:card\" content=\"summary_large_image\" \/>\n<meta name=\"twitter:label1\" content=\"\u00c9crit par\" \/>\n\t<meta name=\"twitter:data1\" content=\"maman anonyme\" \/>\n\t<meta name=\"twitter:label2\" content=\"Dur\u00e9e de lecture estim\u00e9e\" \/>\n\t<meta name=\"twitter:data2\" content=\"1 minute\" \/>\n<script type=\"application\/ld+json\" class=\"yoast-schema-graph\">{\"@context\":\"https:\/\/schema.org\",\"@graph\":[{\"@type\":\"WebPage\",\"@id\":\"https:\/\/www.neufmois.fr\/les-confessions\/la-conscience-qui-me-taraude\",\"url\":\"https:\/\/www.neufmois.fr\/les-confessions\/la-conscience-qui-me-taraude\",\"name\":\"La conscience qui me taraude ! - Les confessions\",\"isPartOf\":{\"@id\":\"https:\/\/www.neufmois.fr\/les-confessions\/#website\"},\"datePublished\":\"2010-08-02T16:39:00+00:00\",\"dateModified\":\"2010-08-02T16:39:00+00:00\",\"author\":{\"@id\":\"https:\/\/www.neufmois.fr\/les-confessions\/#\/schema\/person\/893fe127c653ae6741f53a67962f8b5d\"},\"breadcrumb\":{\"@id\":\"https:\/\/www.neufmois.fr\/les-confessions\/la-conscience-qui-me-taraude#breadcrumb\"},\"inLanguage\":\"fr-FR\",\"potentialAction\":[{\"@type\":\"ReadAction\",\"target\":[\"https:\/\/www.neufmois.fr\/les-confessions\/la-conscience-qui-me-taraude\"]}]},{\"@type\":\"BreadcrumbList\",\"@id\":\"https:\/\/www.neufmois.fr\/les-confessions\/la-conscience-qui-me-taraude#breadcrumb\",\"itemListElement\":[{\"@type\":\"ListItem\",\"position\":1,\"name\":\"Accueil\",\"item\":\"https:\/\/www.neufmois.fr\/les-confessions\/\"},{\"@type\":\"ListItem\",\"position\":2,\"name\":\"La conscience qui me taraude !\"}]},{\"@type\":\"WebSite\",\"@id\":\"https:\/\/www.neufmois.fr\/les-confessions\/#website\",\"url\":\"https:\/\/www.neufmois.fr\/les-confessions\/\",\"name\":\"Les confessions\",\"description\":\" Les confessions\",\"potentialAction\":[{\"@type\":\"SearchAction\",\"target\":{\"@type\":\"EntryPoint\",\"urlTemplate\":\"https:\/\/www.neufmois.fr\/les-confessions\/?s={search_term_string}\"},\"query-input\":\"required name=search_term_string\"}],\"inLanguage\":\"fr-FR\"},{\"@type\":\"Person\",\"@id\":\"https:\/\/www.neufmois.fr\/les-confessions\/#\/schema\/person\/893fe127c653ae6741f53a67962f8b5d\",\"name\":\"maman anonyme\",\"image\":{\"@type\":\"ImageObject\",\"inLanguage\":\"fr-FR\",\"@id\":\"https:\/\/www.neufmois.fr\/les-confessions\/#\/schema\/person\/image\/\",\"url\":\"https:\/\/secure.gravatar.com\/avatar\/e4b3abeefeb17983433f333a4c54f394?s=96&d=mm&r=g\",\"contentUrl\":\"https:\/\/secure.gravatar.com\/avatar\/e4b3abeefeb17983433f333a4c54f394?s=96&d=mm&r=g\",\"caption\":\"maman anonyme\"},\"url\":\"https:\/\/www.neufmois.fr\/les-confessions\/author\/anonyme\"}]}<\/script>\n<!-- \/ Yoast SEO plugin. -->","yoast_head_json":{"title":"La conscience qui me taraude ! - Les confessions","robots":{"index":"index","follow":"follow","max-snippet":"max-snippet:-1","max-image-preview":"max-image-preview:large","max-video-preview":"max-video-preview:-1"},"canonical":"https:\/\/www.neufmois.fr\/les-confessions\/la-conscience-qui-me-taraude","og_locale":"fr_FR","og_type":"article","og_title":"La conscience qui me taraude ! - Les confessions","og_description":"Salut les filles. cela fait des ann\u00e9es que je suis avec mon ch\u00e9ri qui est en fait mari\u00e9. On s&rsquo;est connus lorsqu&rsquo;il ne l&rsquo;\u00e9tait pas encore et il s&rsquo;est mari\u00e9 finalement avec une autre car je ne voulais pas entendre parler de mariage \u00e0 l&rsquo;\u00e9poque ! Cette ann\u00e9e \u00e0 mon anniversaire, nous nous sommes retrouv\u00e9s pour f\u00eater l&rsquo;\u00e9v\u00e9nement et c&rsquo;est l\u00e0 que mon bb fut con\u00e7u ! Il a dej\u00e0 engag\u00e9 une proc\u00e9dure de divorce quand il l&rsquo;a su, mais j&rsquo;avoue que je me sens plus que coupable de l&rsquo;echec","og_url":"https:\/\/www.neufmois.fr\/les-confessions\/la-conscience-qui-me-taraude","og_site_name":"Les confessions","article_published_time":"2010-08-02T16:39:00+00:00","author":"maman anonyme","twitter_card":"summary_large_image","twitter_misc":{"\u00c9crit par":"maman anonyme","Dur\u00e9e de lecture estim\u00e9e":"1 minute"},"schema":{"@context":"https:\/\/schema.org","@graph":[{"@type":"WebPage","@id":"https:\/\/www.neufmois.fr\/les-confessions\/la-conscience-qui-me-taraude","url":"https:\/\/www.neufmois.fr\/les-confessions\/la-conscience-qui-me-taraude","name":"La conscience qui me taraude ! - Les confessions","isPartOf":{"@id":"https:\/\/www.neufmois.fr\/les-confessions\/#website"},"datePublished":"2010-08-02T16:39:00+00:00","dateModified":"2010-08-02T16:39:00+00:00","author":{"@id":"https:\/\/www.neufmois.fr\/les-confessions\/#\/schema\/person\/893fe127c653ae6741f53a67962f8b5d"},"breadcrumb":{"@id":"https:\/\/www.neufmois.fr\/les-confessions\/la-conscience-qui-me-taraude#breadcrumb"},"inLanguage":"fr-FR","potentialAction":[{"@type":"ReadAction","target":["https:\/\/www.neufmois.fr\/les-confessions\/la-conscience-qui-me-taraude"]}]},{"@type":"BreadcrumbList","@id":"https:\/\/www.neufmois.fr\/les-confessions\/la-conscience-qui-me-taraude#breadcrumb","itemListElement":[{"@type":"ListItem","position":1,"name":"Accueil","item":"https:\/\/www.neufmois.fr\/les-confessions\/"},{"@type":"ListItem","position":2,"name":"La conscience qui me taraude !"}]},{"@type":"WebSite","@id":"https:\/\/www.neufmois.fr\/les-confessions\/#website","url":"https:\/\/www.neufmois.fr\/les-confessions\/","name":"Les confessions","description":" Les confessions","potentialAction":[{"@type":"SearchAction","target":{"@type":"EntryPoint","urlTemplate":"https:\/\/www.neufmois.fr\/les-confessions\/?s={search_term_string}"},"query-input":"required name=search_term_string"}],"inLanguage":"fr-FR"},{"@type":"Person","@id":"https:\/\/www.neufmois.fr\/les-confessions\/#\/schema\/person\/893fe127c653ae6741f53a67962f8b5d","name":"maman anonyme","image":{"@type":"ImageObject","inLanguage":"fr-FR","@id":"https:\/\/www.neufmois.fr\/les-confessions\/#\/schema\/person\/image\/","url":"https:\/\/secure.gravatar.com\/avatar\/e4b3abeefeb17983433f333a4c54f394?s=96&d=mm&r=g","contentUrl":"https:\/\/secure.gravatar.com\/avatar\/e4b3abeefeb17983433f333a4c54f394?s=96&d=mm&r=g","caption":"maman anonyme"},"url":"https:\/\/www.neufmois.fr\/les-confessions\/author\/anonyme"}]}},"amp_enabled":true,"_links":{"self":[{"href":"https:\/\/www.neufmois.fr\/les-confessions\/wp-json\/wp\/v2\/posts\/468"}],"collection":[{"href":"https:\/\/www.neufmois.fr\/les-confessions\/wp-json\/wp\/v2\/posts"}],"about":[{"href":"https:\/\/www.neufmois.fr\/les-confessions\/wp-json\/wp\/v2\/types\/post"}],"author":[{"embeddable":true,"href":"https:\/\/www.neufmois.fr\/les-confessions\/wp-json\/wp\/v2\/users\/461446"}],"replies":[{"embeddable":true,"href":"https:\/\/www.neufmois.fr\/les-confessions\/wp-json\/wp\/v2\/comments?post=468"}],"version-history":[{"count":0,"href":"https:\/\/www.neufmois.fr\/les-confessions\/wp-json\/wp\/v2\/posts\/468\/revisions"}],"wp:attachment":[{"href":"https:\/\/www.neufmois.fr\/les-confessions\/wp-json\/wp\/v2\/media?parent=468"}],"wp:term":[{"taxonomy":"category","embeddable":true,"href":"https:\/\/www.neufmois.fr\/les-confessions\/wp-json\/wp\/v2\/categories?post=468"},{"taxonomy":"post_tag","embeddable":true,"href":"https:\/\/www.neufmois.fr\/les-confessions\/wp-json\/wp\/v2\/tags?post=468"}],"curies":[{"name":"wp","href":"https:\/\/api.w.org\/{rel}","templated":true}]}}