{"id":449,"date":"2010-09-05T19:22:00","date_gmt":"2010-09-05T19:22:00","guid":{"rendered":"https:\/\/www.neufmois.fr\/les-confessions\/?p=449"},"modified":"2010-09-05T19:22:00","modified_gmt":"2010-09-05T19:22:00","slug":"enfants-dage-rapproche","status":"publish","type":"post","link":"https:\/\/www.neufmois.fr\/les-confessions\/enfants-dage-rapproche","title":{"rendered":"Enfants d&rsquo;\u00e2ge rapproch\u00e9"},"content":{"rendered":"<p>Bonjour. Notre fils a 5 mois et depuis quelques jours, nous aimerions avoir un 2\u00e8me enfant rapidement. Mais nous h\u00e9sitons par crainte que cela se passe mal (grossesse difficile avec 1er b\u00e9b\u00e9 \u00e0 g\u00e9rer en plus ou difficult\u00e9 \u00e0 g\u00e9rer 2 b\u00e9b\u00e9s en m\u00eame temps etc). Mais nous avons vraiment envie malgr\u00e9 tout. J&rsquo;aimerais avoir des t\u00e9moignages de personnes dans le m\u00eame cas. Merci \u00e0 toutes.<\/p>\n","protected":false},"excerpt":{"rendered":"<p>Bonjour. Notre fils a 5 mois et depuis quelques jours, nous aimerions avoir un 2\u00e8me enfant rapidement. Mais nous h\u00e9sitons par crainte que cela se passe mal (grossesse difficile avec 1er b\u00e9b\u00e9 \u00e0 g\u00e9rer en plus ou difficult\u00e9 \u00e0 g\u00e9rer 2 b\u00e9b\u00e9s en m\u00eame temps etc). Mais nous avons vraiment envie malgr\u00e9 tout. J&rsquo;aimerais avoir des t\u00e9moignages de personnes dans le m\u00eame cas. Merci \u00e0 toutes.<\/p>\n","protected":false},"author":461446,"featured_media":0,"comment_status":"open","ping_status":"open","sticky":false,"template":"","format":"standard","meta":[],"categories":[1],"tags":[],"yoast_head":"<!-- This site is optimized with the Yoast SEO plugin v20.4 - https:\/\/yoast.com\/wordpress\/plugins\/seo\/ -->\n<title>Enfants d&#039;\u00e2ge rapproch\u00e9 - Les confessions<\/title>\n<meta name=\"robots\" content=\"index, follow, max-snippet:-1, max-image-preview:large, max-video-preview:-1\" \/>\n<link rel=\"canonical\" href=\"https:\/\/www.neufmois.fr\/les-confessions\/enfants-dage-rapproche\" \/>\n<meta property=\"og:locale\" content=\"fr_FR\" \/>\n<meta property=\"og:type\" content=\"article\" \/>\n<meta property=\"og:title\" content=\"Enfants d&#039;\u00e2ge rapproch\u00e9 - Les confessions\" \/>\n<meta property=\"og:description\" content=\"Bonjour. Notre fils a 5 mois et depuis quelques jours, nous aimerions avoir un 2\u00e8me enfant rapidement. Mais nous h\u00e9sitons par crainte que cela se passe mal (grossesse difficile avec 1er b\u00e9b\u00e9 \u00e0 g\u00e9rer en plus ou difficult\u00e9 \u00e0 g\u00e9rer 2 b\u00e9b\u00e9s en m\u00eame temps etc). Mais nous avons vraiment envie malgr\u00e9 tout. J&rsquo;aimerais avoir des t\u00e9moignages de personnes dans le m\u00eame cas. Merci \u00e0 toutes.\" \/>\n<meta property=\"og:url\" content=\"https:\/\/www.neufmois.fr\/les-confessions\/enfants-dage-rapproche\" \/>\n<meta property=\"og:site_name\" content=\"Les confessions\" \/>\n<meta property=\"article:published_time\" content=\"2010-09-05T19:22:00+00:00\" \/>\n<meta name=\"author\" content=\"maman anonyme\" \/>\n<meta name=\"twitter:card\" content=\"summary_large_image\" \/>\n<meta name=\"twitter:label1\" content=\"\u00c9crit par\" \/>\n\t<meta name=\"twitter:data1\" content=\"maman anonyme\" \/>\n<script type=\"application\/ld+json\" class=\"yoast-schema-graph\">{\"@context\":\"https:\/\/schema.org\",\"@graph\":[{\"@type\":\"WebPage\",\"@id\":\"https:\/\/www.neufmois.fr\/les-confessions\/enfants-dage-rapproche\",\"url\":\"https:\/\/www.neufmois.fr\/les-confessions\/enfants-dage-rapproche\",\"name\":\"Enfants d'\u00e2ge rapproch\u00e9 - Les confessions\",\"isPartOf\":{\"@id\":\"https:\/\/www.neufmois.fr\/les-confessions\/#website\"},\"datePublished\":\"2010-09-05T19:22:00+00:00\",\"dateModified\":\"2010-09-05T19:22:00+00:00\",\"author\":{\"@id\":\"https:\/\/www.neufmois.fr\/les-confessions\/#\/schema\/person\/893fe127c653ae6741f53a67962f8b5d\"},\"breadcrumb\":{\"@id\":\"https:\/\/www.neufmois.fr\/les-confessions\/enfants-dage-rapproche#breadcrumb\"},\"inLanguage\":\"fr-FR\",\"potentialAction\":[{\"@type\":\"ReadAction\",\"target\":[\"https:\/\/www.neufmois.fr\/les-confessions\/enfants-dage-rapproche\"]}]},{\"@type\":\"BreadcrumbList\",\"@id\":\"https:\/\/www.neufmois.fr\/les-confessions\/enfants-dage-rapproche#breadcrumb\",\"itemListElement\":[{\"@type\":\"ListItem\",\"position\":1,\"name\":\"Accueil\",\"item\":\"https:\/\/www.neufmois.fr\/les-confessions\/\"},{\"@type\":\"ListItem\",\"position\":2,\"name\":\"Enfants d&rsquo;\u00e2ge rapproch\u00e9\"}]},{\"@type\":\"WebSite\",\"@id\":\"https:\/\/www.neufmois.fr\/les-confessions\/#website\",\"url\":\"https:\/\/www.neufmois.fr\/les-confessions\/\",\"name\":\"Les confessions\",\"description\":\" Les confessions\",\"potentialAction\":[{\"@type\":\"SearchAction\",\"target\":{\"@type\":\"EntryPoint\",\"urlTemplate\":\"https:\/\/www.neufmois.fr\/les-confessions\/?s={search_term_string}\"},\"query-input\":\"required name=search_term_string\"}],\"inLanguage\":\"fr-FR\"},{\"@type\":\"Person\",\"@id\":\"https:\/\/www.neufmois.fr\/les-confessions\/#\/schema\/person\/893fe127c653ae6741f53a67962f8b5d\",\"name\":\"maman anonyme\",\"image\":{\"@type\":\"ImageObject\",\"inLanguage\":\"fr-FR\",\"@id\":\"https:\/\/www.neufmois.fr\/les-confessions\/#\/schema\/person\/image\/\",\"url\":\"https:\/\/secure.gravatar.com\/avatar\/e4b3abeefeb17983433f333a4c54f394?s=96&d=mm&r=g\",\"contentUrl\":\"https:\/\/secure.gravatar.com\/avatar\/e4b3abeefeb17983433f333a4c54f394?s=96&d=mm&r=g\",\"caption\":\"maman anonyme\"},\"url\":\"https:\/\/www.neufmois.fr\/les-confessions\/author\/anonyme\"}]}<\/script>\n<!-- \/ Yoast SEO plugin. -->","yoast_head_json":{"title":"Enfants d'\u00e2ge rapproch\u00e9 - Les confessions","robots":{"index":"index","follow":"follow","max-snippet":"max-snippet:-1","max-image-preview":"max-image-preview:large","max-video-preview":"max-video-preview:-1"},"canonical":"https:\/\/www.neufmois.fr\/les-confessions\/enfants-dage-rapproche","og_locale":"fr_FR","og_type":"article","og_title":"Enfants d'\u00e2ge rapproch\u00e9 - Les confessions","og_description":"Bonjour. Notre fils a 5 mois et depuis quelques jours, nous aimerions avoir un 2\u00e8me enfant rapidement. Mais nous h\u00e9sitons par crainte que cela se passe mal (grossesse difficile avec 1er b\u00e9b\u00e9 \u00e0 g\u00e9rer en plus ou difficult\u00e9 \u00e0 g\u00e9rer 2 b\u00e9b\u00e9s en m\u00eame temps etc). Mais nous avons vraiment envie malgr\u00e9 tout. J&rsquo;aimerais avoir des t\u00e9moignages de personnes dans le m\u00eame cas. Merci \u00e0 toutes.","og_url":"https:\/\/www.neufmois.fr\/les-confessions\/enfants-dage-rapproche","og_site_name":"Les confessions","article_published_time":"2010-09-05T19:22:00+00:00","author":"maman anonyme","twitter_card":"summary_large_image","twitter_misc":{"\u00c9crit par":"maman anonyme"},"schema":{"@context":"https:\/\/schema.org","@graph":[{"@type":"WebPage","@id":"https:\/\/www.neufmois.fr\/les-confessions\/enfants-dage-rapproche","url":"https:\/\/www.neufmois.fr\/les-confessions\/enfants-dage-rapproche","name":"Enfants d'\u00e2ge rapproch\u00e9 - Les confessions","isPartOf":{"@id":"https:\/\/www.neufmois.fr\/les-confessions\/#website"},"datePublished":"2010-09-05T19:22:00+00:00","dateModified":"2010-09-05T19:22:00+00:00","author":{"@id":"https:\/\/www.neufmois.fr\/les-confessions\/#\/schema\/person\/893fe127c653ae6741f53a67962f8b5d"},"breadcrumb":{"@id":"https:\/\/www.neufmois.fr\/les-confessions\/enfants-dage-rapproche#breadcrumb"},"inLanguage":"fr-FR","potentialAction":[{"@type":"ReadAction","target":["https:\/\/www.neufmois.fr\/les-confessions\/enfants-dage-rapproche"]}]},{"@type":"BreadcrumbList","@id":"https:\/\/www.neufmois.fr\/les-confessions\/enfants-dage-rapproche#breadcrumb","itemListElement":[{"@type":"ListItem","position":1,"name":"Accueil","item":"https:\/\/www.neufmois.fr\/les-confessions\/"},{"@type":"ListItem","position":2,"name":"Enfants d&rsquo;\u00e2ge rapproch\u00e9"}]},{"@type":"WebSite","@id":"https:\/\/www.neufmois.fr\/les-confessions\/#website","url":"https:\/\/www.neufmois.fr\/les-confessions\/","name":"Les confessions","description":" Les confessions","potentialAction":[{"@type":"SearchAction","target":{"@type":"EntryPoint","urlTemplate":"https:\/\/www.neufmois.fr\/les-confessions\/?s={search_term_string}"},"query-input":"required name=search_term_string"}],"inLanguage":"fr-FR"},{"@type":"Person","@id":"https:\/\/www.neufmois.fr\/les-confessions\/#\/schema\/person\/893fe127c653ae6741f53a67962f8b5d","name":"maman anonyme","image":{"@type":"ImageObject","inLanguage":"fr-FR","@id":"https:\/\/www.neufmois.fr\/les-confessions\/#\/schema\/person\/image\/","url":"https:\/\/secure.gravatar.com\/avatar\/e4b3abeefeb17983433f333a4c54f394?s=96&d=mm&r=g","contentUrl":"https:\/\/secure.gravatar.com\/avatar\/e4b3abeefeb17983433f333a4c54f394?s=96&d=mm&r=g","caption":"maman anonyme"},"url":"https:\/\/www.neufmois.fr\/les-confessions\/author\/anonyme"}]}},"amp_enabled":true,"_links":{"self":[{"href":"https:\/\/www.neufmois.fr\/les-confessions\/wp-json\/wp\/v2\/posts\/449"}],"collection":[{"href":"https:\/\/www.neufmois.fr\/les-confessions\/wp-json\/wp\/v2\/posts"}],"about":[{"href":"https:\/\/www.neufmois.fr\/les-confessions\/wp-json\/wp\/v2\/types\/post"}],"author":[{"embeddable":true,"href":"https:\/\/www.neufmois.fr\/les-confessions\/wp-json\/wp\/v2\/users\/461446"}],"replies":[{"embeddable":true,"href":"https:\/\/www.neufmois.fr\/les-confessions\/wp-json\/wp\/v2\/comments?post=449"}],"version-history":[{"count":0,"href":"https:\/\/www.neufmois.fr\/les-confessions\/wp-json\/wp\/v2\/posts\/449\/revisions"}],"wp:attachment":[{"href":"https:\/\/www.neufmois.fr\/les-confessions\/wp-json\/wp\/v2\/media?parent=449"}],"wp:term":[{"taxonomy":"category","embeddable":true,"href":"https:\/\/www.neufmois.fr\/les-confessions\/wp-json\/wp\/v2\/categories?post=449"},{"taxonomy":"post_tag","embeddable":true,"href":"https:\/\/www.neufmois.fr\/les-confessions\/wp-json\/wp\/v2\/tags?post=449"}],"curies":[{"name":"wp","href":"https:\/\/api.w.org\/{rel}","templated":true}]}}