{"id":448,"date":"2010-09-13T20:30:00","date_gmt":"2010-09-13T20:30:00","guid":{"rendered":"https:\/\/www.neufmois.fr\/les-confessions\/?p=448"},"modified":"2010-09-13T20:30:00","modified_gmt":"2010-09-13T20:30:00","slug":"faire-connaissance-avec-des-mamans-denfants-en-bas-age-sur-la-ville-ou-jhabite-depuis-2008","status":"publish","type":"post","link":"https:\/\/www.neufmois.fr\/les-confessions\/faire-connaissance-avec-des-mamans-denfants-en-bas-age-sur-la-ville-ou-jhabite-depuis-2008","title":{"rendered":"Faire connaissance avec des mamans d&rsquo;enfants en bas \u00e2ge sur la ville o\u00f9 j&rsquo;habite depuis 2008 !"},"content":{"rendered":"<p>Nous avons am\u00e9nag\u00e9 lorsque j&rsquo;ai accouch\u00e9 de mon 1er enfant avec c\u00e9sarienne ! Puis je voulais et j&rsquo;ai r\u00e9ussi \u00e0 allaiter pour le bien de b\u00e9b\u00e9 et moi m\u00eame, puisqu&rsquo;on dit que c&rsquo;est aussi bon pour la maman! C&rsquo;\u00e9tait super pratique, mais parfois j&rsquo;aurais voulu arriver \u00e0 tirer un peu plus mon lait pour que papa, la famille parfois ou amies puissent me remplacer.<br \/>\nJe ne suis pas assez organis\u00e9e, donc j&rsquo;ai pratiquement jamais tir\u00e9 le lait en avance sauf au d\u00e9part pour aider \u00e0 la mont\u00e9e de lait. Parfois je me suis sentie un peu la vache \u00e0 lait, mais je ne me suis pas trop plaint puisque c&rsquo;est en partie ma faute ! J&rsquo;ai arr\u00eat\u00e9 l&rsquo;allaitement qui s&rsquo;est bien pass\u00e9 puisque arr\u00eat\u00e9 du jour au lendemain sans probl\u00e8me ! Nous essayons d&rsquo;avoir le deuxi\u00e8me et \u00e7a a march\u00e9. B\u00e9b\u00e9 l&rsquo;a ressenti d&rsquo;ailleurs. Il t\u00e9tait moins bien, donc le passage au biberon fut facile car je compl\u00e9tais d\u00e9j\u00e0 avec du jus de fruits dans le bib. Il avait 16 mois quand je me suis aper\u00e7ue r\u00e9ellement que j&rsquo;\u00e9tais enceinte. En fait, l&rsquo;allaitement avait d\u00e9clench\u00e9 des saignements chez moi et je pensais que c&rsquo;\u00e9tait des mini r\u00e8gles ! Le gyn\u00e9cologue m&rsquo;a dit d&rsquo;arr\u00eater de suite l&rsquo;allaitement. Ce que j&rsquo;ai fait ! Avec tout \u00e7a, vous allez dire que demander de mieux ! Mon homme m&rsquo;aide, fait ses machines \u00e0 lavern, fait souvent \u00e0 manger, change b\u00e9b\u00e9, puis m&rsquo;a bien fait comprendre qu&rsquo;il pr\u00e9f\u00e9rait m&rsquo;aider autrement en faisant \u00e0 manger etc que de s&rsquo;occuper des pipi\/caca de notre fils et  le faire manger lorsqu&rsquo;il \u00e9tait en \u00e2ge ! A pr\u00e9sent qu&rsquo;il sait manger seul, il essaie mais c&rsquo;est b\u00e9b\u00e9 qui veut pas puisqu&rsquo;il sait se d\u00e9brouiller ! Vous pensez que tout va bien mais une chose me manque c&rsquo;est le partage. J&rsquo;ai \u00e9t\u00e9 proche d&rsquo;une amie lorsqu&rsquo;elle avait un b\u00e9b\u00e9 en bas \u00e2ge mais la vie a fait qu&rsquo;elle habite loin \u00e0 pr\u00e9sent et c&rsquo;est \u00e7a qui me manque ! Du coup, de gros manque de motivation. J&rsquo;aime parler, \u00e9couter, dialoguer et \u00e7a me manque beaucoup. C&rsquo;est fou !<\/p>\n","protected":false},"excerpt":{"rendered":"<p>Nous avons am\u00e9nag\u00e9 lorsque j&rsquo;ai accouch\u00e9 de mon 1er enfant avec c\u00e9sarienne ! Puis je voulais et j&rsquo;ai r\u00e9ussi \u00e0 allaiter pour le bien de b\u00e9b\u00e9 et moi m\u00eame, puisqu&rsquo;on dit que c&rsquo;est aussi bon pour la maman! C&rsquo;\u00e9tait super pratique, mais parfois j&rsquo;aurais voulu arriver \u00e0 tirer un peu plus mon lait pour que papa, la famille parfois ou amies puissent me remplacer. Je ne suis pas assez organis\u00e9e, donc j&rsquo;ai pratiquement jamais tir\u00e9 le lait en avance sauf au d\u00e9part pour aider \u00e0 la mont\u00e9e de lait. Parfois<\/p>\n","protected":false},"author":461446,"featured_media":0,"comment_status":"open","ping_status":"open","sticky":false,"template":"","format":"standard","meta":[],"categories":[1],"tags":[],"yoast_head":"<!-- This site is optimized with the Yoast SEO plugin v20.4 - https:\/\/yoast.com\/wordpress\/plugins\/seo\/ -->\n<title>Faire connaissance avec des mamans d&#039;enfants en bas \u00e2ge sur la ville o\u00f9 j&#039;habite depuis 2008 ! - Les confessions<\/title>\n<meta name=\"robots\" content=\"index, follow, max-snippet:-1, max-image-preview:large, max-video-preview:-1\" \/>\n<link rel=\"canonical\" href=\"https:\/\/www.neufmois.fr\/les-confessions\/faire-connaissance-avec-des-mamans-denfants-en-bas-age-sur-la-ville-ou-jhabite-depuis-2008\" \/>\n<meta property=\"og:locale\" content=\"fr_FR\" \/>\n<meta property=\"og:type\" content=\"article\" \/>\n<meta property=\"og:title\" content=\"Faire connaissance avec des mamans d&#039;enfants en bas \u00e2ge sur la ville o\u00f9 j&#039;habite depuis 2008 ! - Les confessions\" \/>\n<meta property=\"og:description\" content=\"Nous avons am\u00e9nag\u00e9 lorsque j&rsquo;ai accouch\u00e9 de mon 1er enfant avec c\u00e9sarienne ! Puis je voulais et j&rsquo;ai r\u00e9ussi \u00e0 allaiter pour le bien de b\u00e9b\u00e9 et moi m\u00eame, puisqu&rsquo;on dit que c&rsquo;est aussi bon pour la maman! C&rsquo;\u00e9tait super pratique, mais parfois j&rsquo;aurais voulu arriver \u00e0 tirer un peu plus mon lait pour que papa, la famille parfois ou amies puissent me remplacer. Je ne suis pas assez organis\u00e9e, donc j&rsquo;ai pratiquement jamais tir\u00e9 le lait en avance sauf au d\u00e9part pour aider \u00e0 la mont\u00e9e de lait. Parfois\" \/>\n<meta property=\"og:url\" content=\"https:\/\/www.neufmois.fr\/les-confessions\/faire-connaissance-avec-des-mamans-denfants-en-bas-age-sur-la-ville-ou-jhabite-depuis-2008\" \/>\n<meta property=\"og:site_name\" content=\"Les confessions\" \/>\n<meta property=\"article:published_time\" content=\"2010-09-13T20:30:00+00:00\" \/>\n<meta name=\"author\" content=\"maman anonyme\" \/>\n<meta name=\"twitter:card\" content=\"summary_large_image\" \/>\n<meta name=\"twitter:label1\" content=\"\u00c9crit par\" \/>\n\t<meta name=\"twitter:data1\" content=\"maman anonyme\" \/>\n\t<meta name=\"twitter:label2\" content=\"Dur\u00e9e de lecture estim\u00e9e\" \/>\n\t<meta name=\"twitter:data2\" content=\"2 minutes\" \/>\n<script type=\"application\/ld+json\" class=\"yoast-schema-graph\">{\"@context\":\"https:\/\/schema.org\",\"@graph\":[{\"@type\":\"WebPage\",\"@id\":\"https:\/\/www.neufmois.fr\/les-confessions\/faire-connaissance-avec-des-mamans-denfants-en-bas-age-sur-la-ville-ou-jhabite-depuis-2008\",\"url\":\"https:\/\/www.neufmois.fr\/les-confessions\/faire-connaissance-avec-des-mamans-denfants-en-bas-age-sur-la-ville-ou-jhabite-depuis-2008\",\"name\":\"Faire connaissance avec des mamans d'enfants en bas \u00e2ge sur la ville o\u00f9 j'habite depuis 2008 ! - Les confessions\",\"isPartOf\":{\"@id\":\"https:\/\/www.neufmois.fr\/les-confessions\/#website\"},\"datePublished\":\"2010-09-13T20:30:00+00:00\",\"dateModified\":\"2010-09-13T20:30:00+00:00\",\"author\":{\"@id\":\"https:\/\/www.neufmois.fr\/les-confessions\/#\/schema\/person\/893fe127c653ae6741f53a67962f8b5d\"},\"breadcrumb\":{\"@id\":\"https:\/\/www.neufmois.fr\/les-confessions\/faire-connaissance-avec-des-mamans-denfants-en-bas-age-sur-la-ville-ou-jhabite-depuis-2008#breadcrumb\"},\"inLanguage\":\"fr-FR\",\"potentialAction\":[{\"@type\":\"ReadAction\",\"target\":[\"https:\/\/www.neufmois.fr\/les-confessions\/faire-connaissance-avec-des-mamans-denfants-en-bas-age-sur-la-ville-ou-jhabite-depuis-2008\"]}]},{\"@type\":\"BreadcrumbList\",\"@id\":\"https:\/\/www.neufmois.fr\/les-confessions\/faire-connaissance-avec-des-mamans-denfants-en-bas-age-sur-la-ville-ou-jhabite-depuis-2008#breadcrumb\",\"itemListElement\":[{\"@type\":\"ListItem\",\"position\":1,\"name\":\"Accueil\",\"item\":\"https:\/\/www.neufmois.fr\/les-confessions\/\"},{\"@type\":\"ListItem\",\"position\":2,\"name\":\"Faire connaissance avec des mamans d&rsquo;enfants en bas \u00e2ge sur la ville o\u00f9 j&rsquo;habite depuis 2008 !\"}]},{\"@type\":\"WebSite\",\"@id\":\"https:\/\/www.neufmois.fr\/les-confessions\/#website\",\"url\":\"https:\/\/www.neufmois.fr\/les-confessions\/\",\"name\":\"Les confessions\",\"description\":\" Les confessions\",\"potentialAction\":[{\"@type\":\"SearchAction\",\"target\":{\"@type\":\"EntryPoint\",\"urlTemplate\":\"https:\/\/www.neufmois.fr\/les-confessions\/?s={search_term_string}\"},\"query-input\":\"required name=search_term_string\"}],\"inLanguage\":\"fr-FR\"},{\"@type\":\"Person\",\"@id\":\"https:\/\/www.neufmois.fr\/les-confessions\/#\/schema\/person\/893fe127c653ae6741f53a67962f8b5d\",\"name\":\"maman anonyme\",\"image\":{\"@type\":\"ImageObject\",\"inLanguage\":\"fr-FR\",\"@id\":\"https:\/\/www.neufmois.fr\/les-confessions\/#\/schema\/person\/image\/\",\"url\":\"https:\/\/secure.gravatar.com\/avatar\/e4b3abeefeb17983433f333a4c54f394?s=96&d=mm&r=g\",\"contentUrl\":\"https:\/\/secure.gravatar.com\/avatar\/e4b3abeefeb17983433f333a4c54f394?s=96&d=mm&r=g\",\"caption\":\"maman anonyme\"},\"url\":\"https:\/\/www.neufmois.fr\/les-confessions\/author\/anonyme\"}]}<\/script>\n<!-- \/ Yoast SEO plugin. -->","yoast_head_json":{"title":"Faire connaissance avec des mamans d'enfants en bas \u00e2ge sur la ville o\u00f9 j'habite depuis 2008 ! - Les confessions","robots":{"index":"index","follow":"follow","max-snippet":"max-snippet:-1","max-image-preview":"max-image-preview:large","max-video-preview":"max-video-preview:-1"},"canonical":"https:\/\/www.neufmois.fr\/les-confessions\/faire-connaissance-avec-des-mamans-denfants-en-bas-age-sur-la-ville-ou-jhabite-depuis-2008","og_locale":"fr_FR","og_type":"article","og_title":"Faire connaissance avec des mamans d'enfants en bas \u00e2ge sur la ville o\u00f9 j'habite depuis 2008 ! - Les confessions","og_description":"Nous avons am\u00e9nag\u00e9 lorsque j&rsquo;ai accouch\u00e9 de mon 1er enfant avec c\u00e9sarienne ! Puis je voulais et j&rsquo;ai r\u00e9ussi \u00e0 allaiter pour le bien de b\u00e9b\u00e9 et moi m\u00eame, puisqu&rsquo;on dit que c&rsquo;est aussi bon pour la maman! C&rsquo;\u00e9tait super pratique, mais parfois j&rsquo;aurais voulu arriver \u00e0 tirer un peu plus mon lait pour que papa, la famille parfois ou amies puissent me remplacer. Je ne suis pas assez organis\u00e9e, donc j&rsquo;ai pratiquement jamais tir\u00e9 le lait en avance sauf au d\u00e9part pour aider \u00e0 la mont\u00e9e de lait. Parfois","og_url":"https:\/\/www.neufmois.fr\/les-confessions\/faire-connaissance-avec-des-mamans-denfants-en-bas-age-sur-la-ville-ou-jhabite-depuis-2008","og_site_name":"Les confessions","article_published_time":"2010-09-13T20:30:00+00:00","author":"maman anonyme","twitter_card":"summary_large_image","twitter_misc":{"\u00c9crit par":"maman anonyme","Dur\u00e9e de lecture estim\u00e9e":"2 minutes"},"schema":{"@context":"https:\/\/schema.org","@graph":[{"@type":"WebPage","@id":"https:\/\/www.neufmois.fr\/les-confessions\/faire-connaissance-avec-des-mamans-denfants-en-bas-age-sur-la-ville-ou-jhabite-depuis-2008","url":"https:\/\/www.neufmois.fr\/les-confessions\/faire-connaissance-avec-des-mamans-denfants-en-bas-age-sur-la-ville-ou-jhabite-depuis-2008","name":"Faire connaissance avec des mamans d'enfants en bas \u00e2ge sur la ville o\u00f9 j'habite depuis 2008 ! - Les confessions","isPartOf":{"@id":"https:\/\/www.neufmois.fr\/les-confessions\/#website"},"datePublished":"2010-09-13T20:30:00+00:00","dateModified":"2010-09-13T20:30:00+00:00","author":{"@id":"https:\/\/www.neufmois.fr\/les-confessions\/#\/schema\/person\/893fe127c653ae6741f53a67962f8b5d"},"breadcrumb":{"@id":"https:\/\/www.neufmois.fr\/les-confessions\/faire-connaissance-avec-des-mamans-denfants-en-bas-age-sur-la-ville-ou-jhabite-depuis-2008#breadcrumb"},"inLanguage":"fr-FR","potentialAction":[{"@type":"ReadAction","target":["https:\/\/www.neufmois.fr\/les-confessions\/faire-connaissance-avec-des-mamans-denfants-en-bas-age-sur-la-ville-ou-jhabite-depuis-2008"]}]},{"@type":"BreadcrumbList","@id":"https:\/\/www.neufmois.fr\/les-confessions\/faire-connaissance-avec-des-mamans-denfants-en-bas-age-sur-la-ville-ou-jhabite-depuis-2008#breadcrumb","itemListElement":[{"@type":"ListItem","position":1,"name":"Accueil","item":"https:\/\/www.neufmois.fr\/les-confessions\/"},{"@type":"ListItem","position":2,"name":"Faire connaissance avec des mamans d&rsquo;enfants en bas \u00e2ge sur la ville o\u00f9 j&rsquo;habite depuis 2008 !"}]},{"@type":"WebSite","@id":"https:\/\/www.neufmois.fr\/les-confessions\/#website","url":"https:\/\/www.neufmois.fr\/les-confessions\/","name":"Les confessions","description":" Les confessions","potentialAction":[{"@type":"SearchAction","target":{"@type":"EntryPoint","urlTemplate":"https:\/\/www.neufmois.fr\/les-confessions\/?s={search_term_string}"},"query-input":"required name=search_term_string"}],"inLanguage":"fr-FR"},{"@type":"Person","@id":"https:\/\/www.neufmois.fr\/les-confessions\/#\/schema\/person\/893fe127c653ae6741f53a67962f8b5d","name":"maman anonyme","image":{"@type":"ImageObject","inLanguage":"fr-FR","@id":"https:\/\/www.neufmois.fr\/les-confessions\/#\/schema\/person\/image\/","url":"https:\/\/secure.gravatar.com\/avatar\/e4b3abeefeb17983433f333a4c54f394?s=96&d=mm&r=g","contentUrl":"https:\/\/secure.gravatar.com\/avatar\/e4b3abeefeb17983433f333a4c54f394?s=96&d=mm&r=g","caption":"maman anonyme"},"url":"https:\/\/www.neufmois.fr\/les-confessions\/author\/anonyme"}]}},"amp_enabled":true,"_links":{"self":[{"href":"https:\/\/www.neufmois.fr\/les-confessions\/wp-json\/wp\/v2\/posts\/448"}],"collection":[{"href":"https:\/\/www.neufmois.fr\/les-confessions\/wp-json\/wp\/v2\/posts"}],"about":[{"href":"https:\/\/www.neufmois.fr\/les-confessions\/wp-json\/wp\/v2\/types\/post"}],"author":[{"embeddable":true,"href":"https:\/\/www.neufmois.fr\/les-confessions\/wp-json\/wp\/v2\/users\/461446"}],"replies":[{"embeddable":true,"href":"https:\/\/www.neufmois.fr\/les-confessions\/wp-json\/wp\/v2\/comments?post=448"}],"version-history":[{"count":0,"href":"https:\/\/www.neufmois.fr\/les-confessions\/wp-json\/wp\/v2\/posts\/448\/revisions"}],"wp:attachment":[{"href":"https:\/\/www.neufmois.fr\/les-confessions\/wp-json\/wp\/v2\/media?parent=448"}],"wp:term":[{"taxonomy":"category","embeddable":true,"href":"https:\/\/www.neufmois.fr\/les-confessions\/wp-json\/wp\/v2\/categories?post=448"},{"taxonomy":"post_tag","embeddable":true,"href":"https:\/\/www.neufmois.fr\/les-confessions\/wp-json\/wp\/v2\/tags?post=448"}],"curies":[{"name":"wp","href":"https:\/\/api.w.org\/{rel}","templated":true}]}}