{"id":446,"date":"2010-09-17T11:15:00","date_gmt":"2010-09-17T11:15:00","guid":{"rendered":"https:\/\/www.neufmois.fr\/les-confessions\/?p=446"},"modified":"2010-09-17T11:15:00","modified_gmt":"2010-09-17T11:15:00","slug":"triste-de-sevrer-bebe","status":"publish","type":"post","link":"https:\/\/www.neufmois.fr\/les-confessions\/triste-de-sevrer-bebe","title":{"rendered":"Triste de sevrer b\u00e9b\u00e9"},"content":{"rendered":"<p>Je n&rsquo;ose pas le dire \u00e0 mon mari mais je n&rsquo;arr\u00eate pas de trouver des pr\u00e9textes pour \u00e9viter de le sevrer. \u00c7a me fait mal au c\u0153ur de devoir le faire mais je reprends le boulot dans un mois et je voulais commencer tout doucement pour pouvoir moi-m\u00eame me sevrer ! Et oui, c&rsquo;est moi qui dois \u00eatre sevr\u00e9e. D&rsquo;ailleurs, mon mari veut que je lui donne le biberon mais moi je n&rsquo;ai pas le c\u0153ur \u00e0 \u00e7a, alors j&rsquo;invente tous les pr\u00e9textes pour ne pas le faire (c&rsquo;est la 1\u00e8re fois que je mens \u00e0 mon mari, d&rsquo;habitude je lui avoue tous mes \u00e9tats d&rsquo;\u00e2me, mais l\u00e0&#8230; d&rsquo;o\u00f9 la double culpabilit\u00e9). J&rsquo;ai une boule dans le ventre rien qu&rsquo;\u00e0 cette id\u00e9e, mais il va falloir que je prenne mon courage \u00e0 deux mains ! Vous avez une solution pour me faire passer la pilule ? Merci de votre compr\u00e9hension et de votre soutien les filles.<\/p>\n","protected":false},"excerpt":{"rendered":"<p>Je n&rsquo;ose pas le dire \u00e0 mon mari mais je n&rsquo;arr\u00eate pas de trouver des pr\u00e9textes pour \u00e9viter de le sevrer. \u00c7a me fait mal au c\u0153ur de devoir le faire mais je reprends le boulot dans un mois et je voulais commencer tout doucement pour pouvoir moi-m\u00eame me sevrer ! Et oui, c&rsquo;est moi qui dois \u00eatre sevr\u00e9e. D&rsquo;ailleurs, mon mari veut que je lui donne le biberon mais moi je n&rsquo;ai pas le c\u0153ur \u00e0 \u00e7a, alors j&rsquo;invente tous les pr\u00e9textes pour ne pas le faire (c&rsquo;est la<\/p>\n","protected":false},"author":461446,"featured_media":0,"comment_status":"open","ping_status":"open","sticky":false,"template":"","format":"standard","meta":[],"categories":[1],"tags":[],"yoast_head":"<!-- This site is optimized with the Yoast SEO plugin v20.4 - https:\/\/yoast.com\/wordpress\/plugins\/seo\/ -->\n<title>Triste de sevrer b\u00e9b\u00e9 - Les confessions<\/title>\n<meta name=\"robots\" content=\"index, follow, max-snippet:-1, max-image-preview:large, max-video-preview:-1\" \/>\n<link rel=\"canonical\" href=\"https:\/\/www.neufmois.fr\/les-confessions\/triste-de-sevrer-bebe\" \/>\n<meta property=\"og:locale\" content=\"fr_FR\" \/>\n<meta property=\"og:type\" content=\"article\" \/>\n<meta property=\"og:title\" content=\"Triste de sevrer b\u00e9b\u00e9 - Les confessions\" \/>\n<meta property=\"og:description\" content=\"Je n&rsquo;ose pas le dire \u00e0 mon mari mais je n&rsquo;arr\u00eate pas de trouver des pr\u00e9textes pour \u00e9viter de le sevrer. \u00c7a me fait mal au c\u0153ur de devoir le faire mais je reprends le boulot dans un mois et je voulais commencer tout doucement pour pouvoir moi-m\u00eame me sevrer ! Et oui, c&rsquo;est moi qui dois \u00eatre sevr\u00e9e. D&rsquo;ailleurs, mon mari veut que je lui donne le biberon mais moi je n&rsquo;ai pas le c\u0153ur \u00e0 \u00e7a, alors j&rsquo;invente tous les pr\u00e9textes pour ne pas le faire (c&rsquo;est la\" \/>\n<meta property=\"og:url\" content=\"https:\/\/www.neufmois.fr\/les-confessions\/triste-de-sevrer-bebe\" \/>\n<meta property=\"og:site_name\" content=\"Les confessions\" \/>\n<meta property=\"article:published_time\" content=\"2010-09-17T11:15:00+00:00\" \/>\n<meta name=\"author\" content=\"maman anonyme\" \/>\n<meta name=\"twitter:card\" content=\"summary_large_image\" \/>\n<meta name=\"twitter:label1\" content=\"\u00c9crit par\" \/>\n\t<meta name=\"twitter:data1\" content=\"maman anonyme\" \/>\n\t<meta name=\"twitter:label2\" content=\"Dur\u00e9e de lecture estim\u00e9e\" \/>\n\t<meta name=\"twitter:data2\" content=\"1 minute\" \/>\n<script type=\"application\/ld+json\" class=\"yoast-schema-graph\">{\"@context\":\"https:\/\/schema.org\",\"@graph\":[{\"@type\":\"WebPage\",\"@id\":\"https:\/\/www.neufmois.fr\/les-confessions\/triste-de-sevrer-bebe\",\"url\":\"https:\/\/www.neufmois.fr\/les-confessions\/triste-de-sevrer-bebe\",\"name\":\"Triste de sevrer b\u00e9b\u00e9 - Les confessions\",\"isPartOf\":{\"@id\":\"https:\/\/www.neufmois.fr\/les-confessions\/#website\"},\"datePublished\":\"2010-09-17T11:15:00+00:00\",\"dateModified\":\"2010-09-17T11:15:00+00:00\",\"author\":{\"@id\":\"https:\/\/www.neufmois.fr\/les-confessions\/#\/schema\/person\/893fe127c653ae6741f53a67962f8b5d\"},\"breadcrumb\":{\"@id\":\"https:\/\/www.neufmois.fr\/les-confessions\/triste-de-sevrer-bebe#breadcrumb\"},\"inLanguage\":\"fr-FR\",\"potentialAction\":[{\"@type\":\"ReadAction\",\"target\":[\"https:\/\/www.neufmois.fr\/les-confessions\/triste-de-sevrer-bebe\"]}]},{\"@type\":\"BreadcrumbList\",\"@id\":\"https:\/\/www.neufmois.fr\/les-confessions\/triste-de-sevrer-bebe#breadcrumb\",\"itemListElement\":[{\"@type\":\"ListItem\",\"position\":1,\"name\":\"Accueil\",\"item\":\"https:\/\/www.neufmois.fr\/les-confessions\/\"},{\"@type\":\"ListItem\",\"position\":2,\"name\":\"Triste de sevrer b\u00e9b\u00e9\"}]},{\"@type\":\"WebSite\",\"@id\":\"https:\/\/www.neufmois.fr\/les-confessions\/#website\",\"url\":\"https:\/\/www.neufmois.fr\/les-confessions\/\",\"name\":\"Les confessions\",\"description\":\" Les confessions\",\"potentialAction\":[{\"@type\":\"SearchAction\",\"target\":{\"@type\":\"EntryPoint\",\"urlTemplate\":\"https:\/\/www.neufmois.fr\/les-confessions\/?s={search_term_string}\"},\"query-input\":\"required name=search_term_string\"}],\"inLanguage\":\"fr-FR\"},{\"@type\":\"Person\",\"@id\":\"https:\/\/www.neufmois.fr\/les-confessions\/#\/schema\/person\/893fe127c653ae6741f53a67962f8b5d\",\"name\":\"maman anonyme\",\"image\":{\"@type\":\"ImageObject\",\"inLanguage\":\"fr-FR\",\"@id\":\"https:\/\/www.neufmois.fr\/les-confessions\/#\/schema\/person\/image\/\",\"url\":\"https:\/\/secure.gravatar.com\/avatar\/e4b3abeefeb17983433f333a4c54f394?s=96&d=mm&r=g\",\"contentUrl\":\"https:\/\/secure.gravatar.com\/avatar\/e4b3abeefeb17983433f333a4c54f394?s=96&d=mm&r=g\",\"caption\":\"maman anonyme\"},\"url\":\"https:\/\/www.neufmois.fr\/les-confessions\/author\/anonyme\"}]}<\/script>\n<!-- \/ Yoast SEO plugin. -->","yoast_head_json":{"title":"Triste de sevrer b\u00e9b\u00e9 - Les confessions","robots":{"index":"index","follow":"follow","max-snippet":"max-snippet:-1","max-image-preview":"max-image-preview:large","max-video-preview":"max-video-preview:-1"},"canonical":"https:\/\/www.neufmois.fr\/les-confessions\/triste-de-sevrer-bebe","og_locale":"fr_FR","og_type":"article","og_title":"Triste de sevrer b\u00e9b\u00e9 - Les confessions","og_description":"Je n&rsquo;ose pas le dire \u00e0 mon mari mais je n&rsquo;arr\u00eate pas de trouver des pr\u00e9textes pour \u00e9viter de le sevrer. \u00c7a me fait mal au c\u0153ur de devoir le faire mais je reprends le boulot dans un mois et je voulais commencer tout doucement pour pouvoir moi-m\u00eame me sevrer ! Et oui, c&rsquo;est moi qui dois \u00eatre sevr\u00e9e. D&rsquo;ailleurs, mon mari veut que je lui donne le biberon mais moi je n&rsquo;ai pas le c\u0153ur \u00e0 \u00e7a, alors j&rsquo;invente tous les pr\u00e9textes pour ne pas le faire (c&rsquo;est la","og_url":"https:\/\/www.neufmois.fr\/les-confessions\/triste-de-sevrer-bebe","og_site_name":"Les confessions","article_published_time":"2010-09-17T11:15:00+00:00","author":"maman anonyme","twitter_card":"summary_large_image","twitter_misc":{"\u00c9crit par":"maman anonyme","Dur\u00e9e de lecture estim\u00e9e":"1 minute"},"schema":{"@context":"https:\/\/schema.org","@graph":[{"@type":"WebPage","@id":"https:\/\/www.neufmois.fr\/les-confessions\/triste-de-sevrer-bebe","url":"https:\/\/www.neufmois.fr\/les-confessions\/triste-de-sevrer-bebe","name":"Triste de sevrer b\u00e9b\u00e9 - Les confessions","isPartOf":{"@id":"https:\/\/www.neufmois.fr\/les-confessions\/#website"},"datePublished":"2010-09-17T11:15:00+00:00","dateModified":"2010-09-17T11:15:00+00:00","author":{"@id":"https:\/\/www.neufmois.fr\/les-confessions\/#\/schema\/person\/893fe127c653ae6741f53a67962f8b5d"},"breadcrumb":{"@id":"https:\/\/www.neufmois.fr\/les-confessions\/triste-de-sevrer-bebe#breadcrumb"},"inLanguage":"fr-FR","potentialAction":[{"@type":"ReadAction","target":["https:\/\/www.neufmois.fr\/les-confessions\/triste-de-sevrer-bebe"]}]},{"@type":"BreadcrumbList","@id":"https:\/\/www.neufmois.fr\/les-confessions\/triste-de-sevrer-bebe#breadcrumb","itemListElement":[{"@type":"ListItem","position":1,"name":"Accueil","item":"https:\/\/www.neufmois.fr\/les-confessions\/"},{"@type":"ListItem","position":2,"name":"Triste de sevrer b\u00e9b\u00e9"}]},{"@type":"WebSite","@id":"https:\/\/www.neufmois.fr\/les-confessions\/#website","url":"https:\/\/www.neufmois.fr\/les-confessions\/","name":"Les confessions","description":" Les confessions","potentialAction":[{"@type":"SearchAction","target":{"@type":"EntryPoint","urlTemplate":"https:\/\/www.neufmois.fr\/les-confessions\/?s={search_term_string}"},"query-input":"required name=search_term_string"}],"inLanguage":"fr-FR"},{"@type":"Person","@id":"https:\/\/www.neufmois.fr\/les-confessions\/#\/schema\/person\/893fe127c653ae6741f53a67962f8b5d","name":"maman anonyme","image":{"@type":"ImageObject","inLanguage":"fr-FR","@id":"https:\/\/www.neufmois.fr\/les-confessions\/#\/schema\/person\/image\/","url":"https:\/\/secure.gravatar.com\/avatar\/e4b3abeefeb17983433f333a4c54f394?s=96&d=mm&r=g","contentUrl":"https:\/\/secure.gravatar.com\/avatar\/e4b3abeefeb17983433f333a4c54f394?s=96&d=mm&r=g","caption":"maman anonyme"},"url":"https:\/\/www.neufmois.fr\/les-confessions\/author\/anonyme"}]}},"amp_enabled":true,"_links":{"self":[{"href":"https:\/\/www.neufmois.fr\/les-confessions\/wp-json\/wp\/v2\/posts\/446"}],"collection":[{"href":"https:\/\/www.neufmois.fr\/les-confessions\/wp-json\/wp\/v2\/posts"}],"about":[{"href":"https:\/\/www.neufmois.fr\/les-confessions\/wp-json\/wp\/v2\/types\/post"}],"author":[{"embeddable":true,"href":"https:\/\/www.neufmois.fr\/les-confessions\/wp-json\/wp\/v2\/users\/461446"}],"replies":[{"embeddable":true,"href":"https:\/\/www.neufmois.fr\/les-confessions\/wp-json\/wp\/v2\/comments?post=446"}],"version-history":[{"count":0,"href":"https:\/\/www.neufmois.fr\/les-confessions\/wp-json\/wp\/v2\/posts\/446\/revisions"}],"wp:attachment":[{"href":"https:\/\/www.neufmois.fr\/les-confessions\/wp-json\/wp\/v2\/media?parent=446"}],"wp:term":[{"taxonomy":"category","embeddable":true,"href":"https:\/\/www.neufmois.fr\/les-confessions\/wp-json\/wp\/v2\/categories?post=446"},{"taxonomy":"post_tag","embeddable":true,"href":"https:\/\/www.neufmois.fr\/les-confessions\/wp-json\/wp\/v2\/tags?post=446"}],"curies":[{"name":"wp","href":"https:\/\/api.w.org\/{rel}","templated":true}]}}