{"id":443,"date":"2010-09-24T22:31:00","date_gmt":"2010-09-24T22:31:00","guid":{"rendered":"https:\/\/www.neufmois.fr\/les-confessions\/?p=443"},"modified":"2010-09-24T22:31:00","modified_gmt":"2010-09-24T22:31:00","slug":"enceinte-et-stressee-aidez-moi","status":"publish","type":"post","link":"https:\/\/www.neufmois.fr\/les-confessions\/enceinte-et-stressee-aidez-moi","title":{"rendered":"Enceinte et stress\u00e9e, aidez-moi"},"content":{"rendered":"<p>Donc voil\u00e0, j&rsquo;ai 22 ans et j&rsquo;attends bb2. Pour l&rsquo;instant \u00e7a va mais je connais pas la date de mes derni\u00e8res r\u00e8gles et je ne peux pas donner la date d&rsquo;accouchement. Le pire c&rsquo;est que j&rsquo;ai fait une premi\u00e8re \u00e9cho et l\u00e0 l&rsquo;interne me dit qu&rsquo;on n&rsquo;entend pas le coeur et qu&rsquo;il faut revenir dans 10 jours pour voir si \u00e7a \u00e9volu. 10 jours apr\u00e8s, je vais \u00e0 mon rendez-vous et l\u00e0, gygy me dit que toutt va bien, le coeur bat. Hier, mal de ventre et petits saignements mais rien de grave et je retourne \u00e0 l&rsquo;h\u00f4pital pour control et l&rsquo;interne de garde me di qu&rsquo;il n&rsquo;entend  pas le coeur. Donc voil\u00e0, je sais plus quoi faire. J&rsquo;attends la semaine prochaine pour v\u00e9rifier mais c&rsquo;est pas normal qu&rsquo;il entendait et l\u00e0, il n&rsquo;entend plus ! Je sais plus quoi penser ! <\/p>\n","protected":false},"excerpt":{"rendered":"<p>Donc voil\u00e0, j&rsquo;ai 22 ans et j&rsquo;attends bb2. Pour l&rsquo;instant \u00e7a va mais je connais pas la date de mes derni\u00e8res r\u00e8gles et je ne peux pas donner la date d&rsquo;accouchement. Le pire c&rsquo;est que j&rsquo;ai fait une premi\u00e8re \u00e9cho et l\u00e0 l&rsquo;interne me dit qu&rsquo;on n&rsquo;entend pas le coeur et qu&rsquo;il faut revenir dans 10 jours pour voir si \u00e7a \u00e9volu. 10 jours apr\u00e8s, je vais \u00e0 mon rendez-vous et l\u00e0, gygy me dit que toutt va bien, le coeur bat. Hier, mal de ventre et petits saignements mais<\/p>\n","protected":false},"author":461446,"featured_media":0,"comment_status":"open","ping_status":"open","sticky":false,"template":"","format":"standard","meta":[],"categories":[1],"tags":[],"yoast_head":"<!-- This site is optimized with the Yoast SEO plugin v20.4 - https:\/\/yoast.com\/wordpress\/plugins\/seo\/ -->\n<title>Enceinte et stress\u00e9e, aidez-moi - Les confessions<\/title>\n<meta name=\"robots\" content=\"index, follow, max-snippet:-1, max-image-preview:large, max-video-preview:-1\" \/>\n<link rel=\"canonical\" href=\"https:\/\/www.neufmois.fr\/les-confessions\/enceinte-et-stressee-aidez-moi\" \/>\n<meta property=\"og:locale\" content=\"fr_FR\" \/>\n<meta property=\"og:type\" content=\"article\" \/>\n<meta property=\"og:title\" content=\"Enceinte et stress\u00e9e, aidez-moi - Les confessions\" \/>\n<meta property=\"og:description\" content=\"Donc voil\u00e0, j&rsquo;ai 22 ans et j&rsquo;attends bb2. Pour l&rsquo;instant \u00e7a va mais je connais pas la date de mes derni\u00e8res r\u00e8gles et je ne peux pas donner la date d&rsquo;accouchement. Le pire c&rsquo;est que j&rsquo;ai fait une premi\u00e8re \u00e9cho et l\u00e0 l&rsquo;interne me dit qu&rsquo;on n&rsquo;entend pas le coeur et qu&rsquo;il faut revenir dans 10 jours pour voir si \u00e7a \u00e9volu. 10 jours apr\u00e8s, je vais \u00e0 mon rendez-vous et l\u00e0, gygy me dit que toutt va bien, le coeur bat. Hier, mal de ventre et petits saignements mais\" \/>\n<meta property=\"og:url\" content=\"https:\/\/www.neufmois.fr\/les-confessions\/enceinte-et-stressee-aidez-moi\" \/>\n<meta property=\"og:site_name\" content=\"Les confessions\" \/>\n<meta property=\"article:published_time\" content=\"2010-09-24T22:31:00+00:00\" \/>\n<meta name=\"author\" content=\"maman anonyme\" \/>\n<meta name=\"twitter:card\" content=\"summary_large_image\" \/>\n<meta name=\"twitter:label1\" content=\"\u00c9crit par\" \/>\n\t<meta name=\"twitter:data1\" content=\"maman anonyme\" \/>\n\t<meta name=\"twitter:label2\" content=\"Dur\u00e9e de lecture estim\u00e9e\" \/>\n\t<meta name=\"twitter:data2\" content=\"1 minute\" \/>\n<script type=\"application\/ld+json\" class=\"yoast-schema-graph\">{\"@context\":\"https:\/\/schema.org\",\"@graph\":[{\"@type\":\"WebPage\",\"@id\":\"https:\/\/www.neufmois.fr\/les-confessions\/enceinte-et-stressee-aidez-moi\",\"url\":\"https:\/\/www.neufmois.fr\/les-confessions\/enceinte-et-stressee-aidez-moi\",\"name\":\"Enceinte et stress\u00e9e, aidez-moi - Les confessions\",\"isPartOf\":{\"@id\":\"https:\/\/www.neufmois.fr\/les-confessions\/#website\"},\"datePublished\":\"2010-09-24T22:31:00+00:00\",\"dateModified\":\"2010-09-24T22:31:00+00:00\",\"author\":{\"@id\":\"https:\/\/www.neufmois.fr\/les-confessions\/#\/schema\/person\/893fe127c653ae6741f53a67962f8b5d\"},\"breadcrumb\":{\"@id\":\"https:\/\/www.neufmois.fr\/les-confessions\/enceinte-et-stressee-aidez-moi#breadcrumb\"},\"inLanguage\":\"fr-FR\",\"potentialAction\":[{\"@type\":\"ReadAction\",\"target\":[\"https:\/\/www.neufmois.fr\/les-confessions\/enceinte-et-stressee-aidez-moi\"]}]},{\"@type\":\"BreadcrumbList\",\"@id\":\"https:\/\/www.neufmois.fr\/les-confessions\/enceinte-et-stressee-aidez-moi#breadcrumb\",\"itemListElement\":[{\"@type\":\"ListItem\",\"position\":1,\"name\":\"Accueil\",\"item\":\"https:\/\/www.neufmois.fr\/les-confessions\/\"},{\"@type\":\"ListItem\",\"position\":2,\"name\":\"Enceinte et stress\u00e9e, aidez-moi\"}]},{\"@type\":\"WebSite\",\"@id\":\"https:\/\/www.neufmois.fr\/les-confessions\/#website\",\"url\":\"https:\/\/www.neufmois.fr\/les-confessions\/\",\"name\":\"Les confessions\",\"description\":\" Les confessions\",\"potentialAction\":[{\"@type\":\"SearchAction\",\"target\":{\"@type\":\"EntryPoint\",\"urlTemplate\":\"https:\/\/www.neufmois.fr\/les-confessions\/?s={search_term_string}\"},\"query-input\":\"required name=search_term_string\"}],\"inLanguage\":\"fr-FR\"},{\"@type\":\"Person\",\"@id\":\"https:\/\/www.neufmois.fr\/les-confessions\/#\/schema\/person\/893fe127c653ae6741f53a67962f8b5d\",\"name\":\"maman anonyme\",\"image\":{\"@type\":\"ImageObject\",\"inLanguage\":\"fr-FR\",\"@id\":\"https:\/\/www.neufmois.fr\/les-confessions\/#\/schema\/person\/image\/\",\"url\":\"https:\/\/secure.gravatar.com\/avatar\/e4b3abeefeb17983433f333a4c54f394?s=96&d=mm&r=g\",\"contentUrl\":\"https:\/\/secure.gravatar.com\/avatar\/e4b3abeefeb17983433f333a4c54f394?s=96&d=mm&r=g\",\"caption\":\"maman anonyme\"},\"url\":\"https:\/\/www.neufmois.fr\/les-confessions\/author\/anonyme\"}]}<\/script>\n<!-- \/ Yoast SEO plugin. -->","yoast_head_json":{"title":"Enceinte et stress\u00e9e, aidez-moi - Les confessions","robots":{"index":"index","follow":"follow","max-snippet":"max-snippet:-1","max-image-preview":"max-image-preview:large","max-video-preview":"max-video-preview:-1"},"canonical":"https:\/\/www.neufmois.fr\/les-confessions\/enceinte-et-stressee-aidez-moi","og_locale":"fr_FR","og_type":"article","og_title":"Enceinte et stress\u00e9e, aidez-moi - Les confessions","og_description":"Donc voil\u00e0, j&rsquo;ai 22 ans et j&rsquo;attends bb2. Pour l&rsquo;instant \u00e7a va mais je connais pas la date de mes derni\u00e8res r\u00e8gles et je ne peux pas donner la date d&rsquo;accouchement. Le pire c&rsquo;est que j&rsquo;ai fait une premi\u00e8re \u00e9cho et l\u00e0 l&rsquo;interne me dit qu&rsquo;on n&rsquo;entend pas le coeur et qu&rsquo;il faut revenir dans 10 jours pour voir si \u00e7a \u00e9volu. 10 jours apr\u00e8s, je vais \u00e0 mon rendez-vous et l\u00e0, gygy me dit que toutt va bien, le coeur bat. Hier, mal de ventre et petits saignements mais","og_url":"https:\/\/www.neufmois.fr\/les-confessions\/enceinte-et-stressee-aidez-moi","og_site_name":"Les confessions","article_published_time":"2010-09-24T22:31:00+00:00","author":"maman anonyme","twitter_card":"summary_large_image","twitter_misc":{"\u00c9crit par":"maman anonyme","Dur\u00e9e de lecture estim\u00e9e":"1 minute"},"schema":{"@context":"https:\/\/schema.org","@graph":[{"@type":"WebPage","@id":"https:\/\/www.neufmois.fr\/les-confessions\/enceinte-et-stressee-aidez-moi","url":"https:\/\/www.neufmois.fr\/les-confessions\/enceinte-et-stressee-aidez-moi","name":"Enceinte et stress\u00e9e, aidez-moi - Les confessions","isPartOf":{"@id":"https:\/\/www.neufmois.fr\/les-confessions\/#website"},"datePublished":"2010-09-24T22:31:00+00:00","dateModified":"2010-09-24T22:31:00+00:00","author":{"@id":"https:\/\/www.neufmois.fr\/les-confessions\/#\/schema\/person\/893fe127c653ae6741f53a67962f8b5d"},"breadcrumb":{"@id":"https:\/\/www.neufmois.fr\/les-confessions\/enceinte-et-stressee-aidez-moi#breadcrumb"},"inLanguage":"fr-FR","potentialAction":[{"@type":"ReadAction","target":["https:\/\/www.neufmois.fr\/les-confessions\/enceinte-et-stressee-aidez-moi"]}]},{"@type":"BreadcrumbList","@id":"https:\/\/www.neufmois.fr\/les-confessions\/enceinte-et-stressee-aidez-moi#breadcrumb","itemListElement":[{"@type":"ListItem","position":1,"name":"Accueil","item":"https:\/\/www.neufmois.fr\/les-confessions\/"},{"@type":"ListItem","position":2,"name":"Enceinte et stress\u00e9e, aidez-moi"}]},{"@type":"WebSite","@id":"https:\/\/www.neufmois.fr\/les-confessions\/#website","url":"https:\/\/www.neufmois.fr\/les-confessions\/","name":"Les confessions","description":" Les confessions","potentialAction":[{"@type":"SearchAction","target":{"@type":"EntryPoint","urlTemplate":"https:\/\/www.neufmois.fr\/les-confessions\/?s={search_term_string}"},"query-input":"required name=search_term_string"}],"inLanguage":"fr-FR"},{"@type":"Person","@id":"https:\/\/www.neufmois.fr\/les-confessions\/#\/schema\/person\/893fe127c653ae6741f53a67962f8b5d","name":"maman anonyme","image":{"@type":"ImageObject","inLanguage":"fr-FR","@id":"https:\/\/www.neufmois.fr\/les-confessions\/#\/schema\/person\/image\/","url":"https:\/\/secure.gravatar.com\/avatar\/e4b3abeefeb17983433f333a4c54f394?s=96&d=mm&r=g","contentUrl":"https:\/\/secure.gravatar.com\/avatar\/e4b3abeefeb17983433f333a4c54f394?s=96&d=mm&r=g","caption":"maman anonyme"},"url":"https:\/\/www.neufmois.fr\/les-confessions\/author\/anonyme"}]}},"amp_enabled":true,"_links":{"self":[{"href":"https:\/\/www.neufmois.fr\/les-confessions\/wp-json\/wp\/v2\/posts\/443"}],"collection":[{"href":"https:\/\/www.neufmois.fr\/les-confessions\/wp-json\/wp\/v2\/posts"}],"about":[{"href":"https:\/\/www.neufmois.fr\/les-confessions\/wp-json\/wp\/v2\/types\/post"}],"author":[{"embeddable":true,"href":"https:\/\/www.neufmois.fr\/les-confessions\/wp-json\/wp\/v2\/users\/461446"}],"replies":[{"embeddable":true,"href":"https:\/\/www.neufmois.fr\/les-confessions\/wp-json\/wp\/v2\/comments?post=443"}],"version-history":[{"count":0,"href":"https:\/\/www.neufmois.fr\/les-confessions\/wp-json\/wp\/v2\/posts\/443\/revisions"}],"wp:attachment":[{"href":"https:\/\/www.neufmois.fr\/les-confessions\/wp-json\/wp\/v2\/media?parent=443"}],"wp:term":[{"taxonomy":"category","embeddable":true,"href":"https:\/\/www.neufmois.fr\/les-confessions\/wp-json\/wp\/v2\/categories?post=443"},{"taxonomy":"post_tag","embeddable":true,"href":"https:\/\/www.neufmois.fr\/les-confessions\/wp-json\/wp\/v2\/tags?post=443"}],"curies":[{"name":"wp","href":"https:\/\/api.w.org\/{rel}","templated":true}]}}