{"id":440,"date":"2010-09-29T17:42:00","date_gmt":"2010-09-29T17:42:00","guid":{"rendered":"https:\/\/www.neufmois.fr\/les-confessions\/?p=440"},"modified":"2010-09-29T17:42:00","modified_gmt":"2010-09-29T17:42:00","slug":"prendre-la-voiture-a-7mois-de-grossesse","status":"publish","type":"post","link":"https:\/\/www.neufmois.fr\/les-confessions\/prendre-la-voiture-a-7mois-de-grossesse","title":{"rendered":"Prendre la voiture \u00e0 7mois de grossesse"},"content":{"rendered":"<p>Bonjour. J&rsquo;aimeras savoir s&rsquo;il y a des mamans qui ont d\u00e9j\u00e0 pris la route \u00e0 7 mois de grossesse ? Car je dois remonter la semaine prochaine pour les fian\u00e7ailles de mon fr\u00e8re mais je ne sais pas si je prends le risque ou pas de faire le long trajet de 8h de route ? Merci de me dire ce que vous feriez \u00e0 ma place.<\/p>\n","protected":false},"excerpt":{"rendered":"<p>Bonjour. J&rsquo;aimeras savoir s&rsquo;il y a des mamans qui ont d\u00e9j\u00e0 pris la route \u00e0 7 mois de grossesse ? Car je dois remonter la semaine prochaine pour les fian\u00e7ailles de mon fr\u00e8re mais je ne sais pas si je prends le risque ou pas de faire le long trajet de 8h de route ? Merci de me dire ce que vous feriez \u00e0 ma place.<\/p>\n","protected":false},"author":461446,"featured_media":0,"comment_status":"open","ping_status":"open","sticky":false,"template":"","format":"standard","meta":[],"categories":[1],"tags":[],"yoast_head":"<!-- This site is optimized with the Yoast SEO plugin v20.4 - https:\/\/yoast.com\/wordpress\/plugins\/seo\/ -->\n<title>Prendre la voiture \u00e0 7mois de grossesse - Les confessions<\/title>\n<meta name=\"robots\" content=\"index, follow, max-snippet:-1, max-image-preview:large, max-video-preview:-1\" \/>\n<link rel=\"canonical\" href=\"https:\/\/www.neufmois.fr\/les-confessions\/prendre-la-voiture-a-7mois-de-grossesse\" \/>\n<meta property=\"og:locale\" content=\"fr_FR\" \/>\n<meta property=\"og:type\" content=\"article\" \/>\n<meta property=\"og:title\" content=\"Prendre la voiture \u00e0 7mois de grossesse - Les confessions\" \/>\n<meta property=\"og:description\" content=\"Bonjour. J&rsquo;aimeras savoir s&rsquo;il y a des mamans qui ont d\u00e9j\u00e0 pris la route \u00e0 7 mois de grossesse ? Car je dois remonter la semaine prochaine pour les fian\u00e7ailles de mon fr\u00e8re mais je ne sais pas si je prends le risque ou pas de faire le long trajet de 8h de route ? Merci de me dire ce que vous feriez \u00e0 ma place.\" \/>\n<meta property=\"og:url\" content=\"https:\/\/www.neufmois.fr\/les-confessions\/prendre-la-voiture-a-7mois-de-grossesse\" \/>\n<meta property=\"og:site_name\" content=\"Les confessions\" \/>\n<meta property=\"article:published_time\" content=\"2010-09-29T17:42:00+00:00\" \/>\n<meta name=\"author\" content=\"maman anonyme\" \/>\n<meta name=\"twitter:card\" content=\"summary_large_image\" \/>\n<meta name=\"twitter:label1\" content=\"\u00c9crit par\" \/>\n\t<meta name=\"twitter:data1\" content=\"maman anonyme\" \/>\n<script type=\"application\/ld+json\" class=\"yoast-schema-graph\">{\"@context\":\"https:\/\/schema.org\",\"@graph\":[{\"@type\":\"WebPage\",\"@id\":\"https:\/\/www.neufmois.fr\/les-confessions\/prendre-la-voiture-a-7mois-de-grossesse\",\"url\":\"https:\/\/www.neufmois.fr\/les-confessions\/prendre-la-voiture-a-7mois-de-grossesse\",\"name\":\"Prendre la voiture \u00e0 7mois de grossesse - Les confessions\",\"isPartOf\":{\"@id\":\"https:\/\/www.neufmois.fr\/les-confessions\/#website\"},\"datePublished\":\"2010-09-29T17:42:00+00:00\",\"dateModified\":\"2010-09-29T17:42:00+00:00\",\"author\":{\"@id\":\"https:\/\/www.neufmois.fr\/les-confessions\/#\/schema\/person\/893fe127c653ae6741f53a67962f8b5d\"},\"breadcrumb\":{\"@id\":\"https:\/\/www.neufmois.fr\/les-confessions\/prendre-la-voiture-a-7mois-de-grossesse#breadcrumb\"},\"inLanguage\":\"fr-FR\",\"potentialAction\":[{\"@type\":\"ReadAction\",\"target\":[\"https:\/\/www.neufmois.fr\/les-confessions\/prendre-la-voiture-a-7mois-de-grossesse\"]}]},{\"@type\":\"BreadcrumbList\",\"@id\":\"https:\/\/www.neufmois.fr\/les-confessions\/prendre-la-voiture-a-7mois-de-grossesse#breadcrumb\",\"itemListElement\":[{\"@type\":\"ListItem\",\"position\":1,\"name\":\"Accueil\",\"item\":\"https:\/\/www.neufmois.fr\/les-confessions\/\"},{\"@type\":\"ListItem\",\"position\":2,\"name\":\"Prendre la voiture \u00e0 7mois de grossesse\"}]},{\"@type\":\"WebSite\",\"@id\":\"https:\/\/www.neufmois.fr\/les-confessions\/#website\",\"url\":\"https:\/\/www.neufmois.fr\/les-confessions\/\",\"name\":\"Les confessions\",\"description\":\" Les confessions\",\"potentialAction\":[{\"@type\":\"SearchAction\",\"target\":{\"@type\":\"EntryPoint\",\"urlTemplate\":\"https:\/\/www.neufmois.fr\/les-confessions\/?s={search_term_string}\"},\"query-input\":\"required name=search_term_string\"}],\"inLanguage\":\"fr-FR\"},{\"@type\":\"Person\",\"@id\":\"https:\/\/www.neufmois.fr\/les-confessions\/#\/schema\/person\/893fe127c653ae6741f53a67962f8b5d\",\"name\":\"maman anonyme\",\"image\":{\"@type\":\"ImageObject\",\"inLanguage\":\"fr-FR\",\"@id\":\"https:\/\/www.neufmois.fr\/les-confessions\/#\/schema\/person\/image\/\",\"url\":\"https:\/\/secure.gravatar.com\/avatar\/e4b3abeefeb17983433f333a4c54f394?s=96&d=mm&r=g\",\"contentUrl\":\"https:\/\/secure.gravatar.com\/avatar\/e4b3abeefeb17983433f333a4c54f394?s=96&d=mm&r=g\",\"caption\":\"maman anonyme\"},\"url\":\"https:\/\/www.neufmois.fr\/les-confessions\/author\/anonyme\"}]}<\/script>\n<!-- \/ Yoast SEO plugin. -->","yoast_head_json":{"title":"Prendre la voiture \u00e0 7mois de grossesse - Les confessions","robots":{"index":"index","follow":"follow","max-snippet":"max-snippet:-1","max-image-preview":"max-image-preview:large","max-video-preview":"max-video-preview:-1"},"canonical":"https:\/\/www.neufmois.fr\/les-confessions\/prendre-la-voiture-a-7mois-de-grossesse","og_locale":"fr_FR","og_type":"article","og_title":"Prendre la voiture \u00e0 7mois de grossesse - Les confessions","og_description":"Bonjour. J&rsquo;aimeras savoir s&rsquo;il y a des mamans qui ont d\u00e9j\u00e0 pris la route \u00e0 7 mois de grossesse ? Car je dois remonter la semaine prochaine pour les fian\u00e7ailles de mon fr\u00e8re mais je ne sais pas si je prends le risque ou pas de faire le long trajet de 8h de route ? Merci de me dire ce que vous feriez \u00e0 ma place.","og_url":"https:\/\/www.neufmois.fr\/les-confessions\/prendre-la-voiture-a-7mois-de-grossesse","og_site_name":"Les confessions","article_published_time":"2010-09-29T17:42:00+00:00","author":"maman anonyme","twitter_card":"summary_large_image","twitter_misc":{"\u00c9crit par":"maman anonyme"},"schema":{"@context":"https:\/\/schema.org","@graph":[{"@type":"WebPage","@id":"https:\/\/www.neufmois.fr\/les-confessions\/prendre-la-voiture-a-7mois-de-grossesse","url":"https:\/\/www.neufmois.fr\/les-confessions\/prendre-la-voiture-a-7mois-de-grossesse","name":"Prendre la voiture \u00e0 7mois de grossesse - Les confessions","isPartOf":{"@id":"https:\/\/www.neufmois.fr\/les-confessions\/#website"},"datePublished":"2010-09-29T17:42:00+00:00","dateModified":"2010-09-29T17:42:00+00:00","author":{"@id":"https:\/\/www.neufmois.fr\/les-confessions\/#\/schema\/person\/893fe127c653ae6741f53a67962f8b5d"},"breadcrumb":{"@id":"https:\/\/www.neufmois.fr\/les-confessions\/prendre-la-voiture-a-7mois-de-grossesse#breadcrumb"},"inLanguage":"fr-FR","potentialAction":[{"@type":"ReadAction","target":["https:\/\/www.neufmois.fr\/les-confessions\/prendre-la-voiture-a-7mois-de-grossesse"]}]},{"@type":"BreadcrumbList","@id":"https:\/\/www.neufmois.fr\/les-confessions\/prendre-la-voiture-a-7mois-de-grossesse#breadcrumb","itemListElement":[{"@type":"ListItem","position":1,"name":"Accueil","item":"https:\/\/www.neufmois.fr\/les-confessions\/"},{"@type":"ListItem","position":2,"name":"Prendre la voiture \u00e0 7mois de grossesse"}]},{"@type":"WebSite","@id":"https:\/\/www.neufmois.fr\/les-confessions\/#website","url":"https:\/\/www.neufmois.fr\/les-confessions\/","name":"Les confessions","description":" Les confessions","potentialAction":[{"@type":"SearchAction","target":{"@type":"EntryPoint","urlTemplate":"https:\/\/www.neufmois.fr\/les-confessions\/?s={search_term_string}"},"query-input":"required name=search_term_string"}],"inLanguage":"fr-FR"},{"@type":"Person","@id":"https:\/\/www.neufmois.fr\/les-confessions\/#\/schema\/person\/893fe127c653ae6741f53a67962f8b5d","name":"maman anonyme","image":{"@type":"ImageObject","inLanguage":"fr-FR","@id":"https:\/\/www.neufmois.fr\/les-confessions\/#\/schema\/person\/image\/","url":"https:\/\/secure.gravatar.com\/avatar\/e4b3abeefeb17983433f333a4c54f394?s=96&d=mm&r=g","contentUrl":"https:\/\/secure.gravatar.com\/avatar\/e4b3abeefeb17983433f333a4c54f394?s=96&d=mm&r=g","caption":"maman anonyme"},"url":"https:\/\/www.neufmois.fr\/les-confessions\/author\/anonyme"}]}},"amp_enabled":true,"_links":{"self":[{"href":"https:\/\/www.neufmois.fr\/les-confessions\/wp-json\/wp\/v2\/posts\/440"}],"collection":[{"href":"https:\/\/www.neufmois.fr\/les-confessions\/wp-json\/wp\/v2\/posts"}],"about":[{"href":"https:\/\/www.neufmois.fr\/les-confessions\/wp-json\/wp\/v2\/types\/post"}],"author":[{"embeddable":true,"href":"https:\/\/www.neufmois.fr\/les-confessions\/wp-json\/wp\/v2\/users\/461446"}],"replies":[{"embeddable":true,"href":"https:\/\/www.neufmois.fr\/les-confessions\/wp-json\/wp\/v2\/comments?post=440"}],"version-history":[{"count":0,"href":"https:\/\/www.neufmois.fr\/les-confessions\/wp-json\/wp\/v2\/posts\/440\/revisions"}],"wp:attachment":[{"href":"https:\/\/www.neufmois.fr\/les-confessions\/wp-json\/wp\/v2\/media?parent=440"}],"wp:term":[{"taxonomy":"category","embeddable":true,"href":"https:\/\/www.neufmois.fr\/les-confessions\/wp-json\/wp\/v2\/categories?post=440"},{"taxonomy":"post_tag","embeddable":true,"href":"https:\/\/www.neufmois.fr\/les-confessions\/wp-json\/wp\/v2\/tags?post=440"}],"curies":[{"name":"wp","href":"https:\/\/api.w.org\/{rel}","templated":true}]}}