{"id":435,"date":"2010-10-09T16:35:00","date_gmt":"2010-10-09T16:35:00","guid":{"rendered":"https:\/\/www.neufmois.fr\/les-confessions\/?p=435"},"modified":"2010-10-09T16:35:00","modified_gmt":"2010-10-09T16:35:00","slug":"trichotillomanie","status":"publish","type":"post","link":"https:\/\/www.neufmois.fr\/les-confessions\/trichotillomanie","title":{"rendered":"Trichotillomanie"},"content":{"rendered":"<p>Cela fait 2 ans et 4 mois que je m&rsquo;arrache les poils d&rsquo;un de mes sourcils. Ca a commenc\u00e9 avec un bouton d&rsquo;acn\u00e9 qui est apparu \u00e0 cet endroit l\u00e0, donc j&rsquo;ai gratt\u00e9 souvent, et au final c&rsquo;est devenu une habitude, surtout en p\u00e9riode de stress. J&rsquo;ai cherch\u00e9 sur internet et beaucoup de personnes sont concern\u00e9es, \u00e7a s&rsquo;apelle la trichotillomanie. Cela peut m\u00eame \u00eatre s&rsquo;arracher les cils, les cheveux, les poils ailleurs&#8230; Mon probl\u00e8me maintenant c&rsquo;est que les 2\/3 de mon sourcils sont arrach\u00e9s, ca fait 3 jours que je n&rsquo;y touche plus car j&rsquo;ai eu le bon d\u00e9clic, mais mon inqui\u00e9tude est est-ce que \u00e7a va repousser et comment ? J&rsquo;ai peur que mes poils de sourcils repoussent plus fins, ou moins nombreux&#8230; Je ne pense qu&rsquo;\u00e0 \u00e7a car je me sens moche&#8230; J&rsquo;ai observ\u00e9 mon sourcil et les poils commencent \u00e0 r\u00e9apparaitre sur la plus grande partie, mais mon inqui\u00e9tude est est-ce qu&rsquo;ils vont pousser bien comme avant ou alors seront-ils plus fins, plus clairs ?<\/p>\n","protected":false},"excerpt":{"rendered":"<p>Cela fait 2 ans et 4 mois que je m&rsquo;arrache les poils d&rsquo;un de mes sourcils. Ca a commenc\u00e9 avec un bouton d&rsquo;acn\u00e9 qui est apparu \u00e0 cet endroit l\u00e0, donc j&rsquo;ai gratt\u00e9 souvent, et au final c&rsquo;est devenu une habitude, surtout en p\u00e9riode de stress. J&rsquo;ai cherch\u00e9 sur internet et beaucoup de personnes sont concern\u00e9es, \u00e7a s&rsquo;apelle la trichotillomanie. Cela peut m\u00eame \u00eatre s&rsquo;arracher les cils, les cheveux, les poils ailleurs&#8230; Mon probl\u00e8me maintenant c&rsquo;est que les 2\/3 de mon sourcils sont arrach\u00e9s, ca fait 3 jours que je<\/p>\n","protected":false},"author":461446,"featured_media":0,"comment_status":"open","ping_status":"open","sticky":false,"template":"","format":"standard","meta":[],"categories":[1],"tags":[],"yoast_head":"<!-- This site is optimized with the Yoast SEO plugin v20.4 - https:\/\/yoast.com\/wordpress\/plugins\/seo\/ -->\n<title>Trichotillomanie - Les confessions<\/title>\n<meta name=\"robots\" content=\"index, follow, max-snippet:-1, max-image-preview:large, max-video-preview:-1\" \/>\n<link rel=\"canonical\" href=\"https:\/\/www.neufmois.fr\/les-confessions\/trichotillomanie\" \/>\n<meta property=\"og:locale\" content=\"fr_FR\" \/>\n<meta property=\"og:type\" content=\"article\" \/>\n<meta property=\"og:title\" content=\"Trichotillomanie - Les confessions\" \/>\n<meta property=\"og:description\" content=\"Cela fait 2 ans et 4 mois que je m&rsquo;arrache les poils d&rsquo;un de mes sourcils. Ca a commenc\u00e9 avec un bouton d&rsquo;acn\u00e9 qui est apparu \u00e0 cet endroit l\u00e0, donc j&rsquo;ai gratt\u00e9 souvent, et au final c&rsquo;est devenu une habitude, surtout en p\u00e9riode de stress. J&rsquo;ai cherch\u00e9 sur internet et beaucoup de personnes sont concern\u00e9es, \u00e7a s&rsquo;apelle la trichotillomanie. Cela peut m\u00eame \u00eatre s&rsquo;arracher les cils, les cheveux, les poils ailleurs&#8230; Mon probl\u00e8me maintenant c&rsquo;est que les 2\/3 de mon sourcils sont arrach\u00e9s, ca fait 3 jours que je\" \/>\n<meta property=\"og:url\" content=\"https:\/\/www.neufmois.fr\/les-confessions\/trichotillomanie\" \/>\n<meta property=\"og:site_name\" content=\"Les confessions\" \/>\n<meta property=\"article:published_time\" content=\"2010-10-09T16:35:00+00:00\" \/>\n<meta name=\"author\" content=\"maman anonyme\" \/>\n<meta name=\"twitter:card\" content=\"summary_large_image\" \/>\n<meta name=\"twitter:label1\" content=\"\u00c9crit par\" \/>\n\t<meta name=\"twitter:data1\" content=\"maman anonyme\" \/>\n\t<meta name=\"twitter:label2\" content=\"Dur\u00e9e de lecture estim\u00e9e\" \/>\n\t<meta name=\"twitter:data2\" content=\"1 minute\" \/>\n<script type=\"application\/ld+json\" class=\"yoast-schema-graph\">{\"@context\":\"https:\/\/schema.org\",\"@graph\":[{\"@type\":\"WebPage\",\"@id\":\"https:\/\/www.neufmois.fr\/les-confessions\/trichotillomanie\",\"url\":\"https:\/\/www.neufmois.fr\/les-confessions\/trichotillomanie\",\"name\":\"Trichotillomanie - Les confessions\",\"isPartOf\":{\"@id\":\"https:\/\/www.neufmois.fr\/les-confessions\/#website\"},\"datePublished\":\"2010-10-09T16:35:00+00:00\",\"dateModified\":\"2010-10-09T16:35:00+00:00\",\"author\":{\"@id\":\"https:\/\/www.neufmois.fr\/les-confessions\/#\/schema\/person\/893fe127c653ae6741f53a67962f8b5d\"},\"breadcrumb\":{\"@id\":\"https:\/\/www.neufmois.fr\/les-confessions\/trichotillomanie#breadcrumb\"},\"inLanguage\":\"fr-FR\",\"potentialAction\":[{\"@type\":\"ReadAction\",\"target\":[\"https:\/\/www.neufmois.fr\/les-confessions\/trichotillomanie\"]}]},{\"@type\":\"BreadcrumbList\",\"@id\":\"https:\/\/www.neufmois.fr\/les-confessions\/trichotillomanie#breadcrumb\",\"itemListElement\":[{\"@type\":\"ListItem\",\"position\":1,\"name\":\"Accueil\",\"item\":\"https:\/\/www.neufmois.fr\/les-confessions\/\"},{\"@type\":\"ListItem\",\"position\":2,\"name\":\"Trichotillomanie\"}]},{\"@type\":\"WebSite\",\"@id\":\"https:\/\/www.neufmois.fr\/les-confessions\/#website\",\"url\":\"https:\/\/www.neufmois.fr\/les-confessions\/\",\"name\":\"Les confessions\",\"description\":\" Les confessions\",\"potentialAction\":[{\"@type\":\"SearchAction\",\"target\":{\"@type\":\"EntryPoint\",\"urlTemplate\":\"https:\/\/www.neufmois.fr\/les-confessions\/?s={search_term_string}\"},\"query-input\":\"required name=search_term_string\"}],\"inLanguage\":\"fr-FR\"},{\"@type\":\"Person\",\"@id\":\"https:\/\/www.neufmois.fr\/les-confessions\/#\/schema\/person\/893fe127c653ae6741f53a67962f8b5d\",\"name\":\"maman anonyme\",\"image\":{\"@type\":\"ImageObject\",\"inLanguage\":\"fr-FR\",\"@id\":\"https:\/\/www.neufmois.fr\/les-confessions\/#\/schema\/person\/image\/\",\"url\":\"https:\/\/secure.gravatar.com\/avatar\/e4b3abeefeb17983433f333a4c54f394?s=96&d=mm&r=g\",\"contentUrl\":\"https:\/\/secure.gravatar.com\/avatar\/e4b3abeefeb17983433f333a4c54f394?s=96&d=mm&r=g\",\"caption\":\"maman anonyme\"},\"url\":\"https:\/\/www.neufmois.fr\/les-confessions\/author\/anonyme\"}]}<\/script>\n<!-- \/ Yoast SEO plugin. -->","yoast_head_json":{"title":"Trichotillomanie - Les confessions","robots":{"index":"index","follow":"follow","max-snippet":"max-snippet:-1","max-image-preview":"max-image-preview:large","max-video-preview":"max-video-preview:-1"},"canonical":"https:\/\/www.neufmois.fr\/les-confessions\/trichotillomanie","og_locale":"fr_FR","og_type":"article","og_title":"Trichotillomanie - Les confessions","og_description":"Cela fait 2 ans et 4 mois que je m&rsquo;arrache les poils d&rsquo;un de mes sourcils. Ca a commenc\u00e9 avec un bouton d&rsquo;acn\u00e9 qui est apparu \u00e0 cet endroit l\u00e0, donc j&rsquo;ai gratt\u00e9 souvent, et au final c&rsquo;est devenu une habitude, surtout en p\u00e9riode de stress. J&rsquo;ai cherch\u00e9 sur internet et beaucoup de personnes sont concern\u00e9es, \u00e7a s&rsquo;apelle la trichotillomanie. Cela peut m\u00eame \u00eatre s&rsquo;arracher les cils, les cheveux, les poils ailleurs&#8230; Mon probl\u00e8me maintenant c&rsquo;est que les 2\/3 de mon sourcils sont arrach\u00e9s, ca fait 3 jours que je","og_url":"https:\/\/www.neufmois.fr\/les-confessions\/trichotillomanie","og_site_name":"Les confessions","article_published_time":"2010-10-09T16:35:00+00:00","author":"maman anonyme","twitter_card":"summary_large_image","twitter_misc":{"\u00c9crit par":"maman anonyme","Dur\u00e9e de lecture estim\u00e9e":"1 minute"},"schema":{"@context":"https:\/\/schema.org","@graph":[{"@type":"WebPage","@id":"https:\/\/www.neufmois.fr\/les-confessions\/trichotillomanie","url":"https:\/\/www.neufmois.fr\/les-confessions\/trichotillomanie","name":"Trichotillomanie - Les confessions","isPartOf":{"@id":"https:\/\/www.neufmois.fr\/les-confessions\/#website"},"datePublished":"2010-10-09T16:35:00+00:00","dateModified":"2010-10-09T16:35:00+00:00","author":{"@id":"https:\/\/www.neufmois.fr\/les-confessions\/#\/schema\/person\/893fe127c653ae6741f53a67962f8b5d"},"breadcrumb":{"@id":"https:\/\/www.neufmois.fr\/les-confessions\/trichotillomanie#breadcrumb"},"inLanguage":"fr-FR","potentialAction":[{"@type":"ReadAction","target":["https:\/\/www.neufmois.fr\/les-confessions\/trichotillomanie"]}]},{"@type":"BreadcrumbList","@id":"https:\/\/www.neufmois.fr\/les-confessions\/trichotillomanie#breadcrumb","itemListElement":[{"@type":"ListItem","position":1,"name":"Accueil","item":"https:\/\/www.neufmois.fr\/les-confessions\/"},{"@type":"ListItem","position":2,"name":"Trichotillomanie"}]},{"@type":"WebSite","@id":"https:\/\/www.neufmois.fr\/les-confessions\/#website","url":"https:\/\/www.neufmois.fr\/les-confessions\/","name":"Les confessions","description":" Les confessions","potentialAction":[{"@type":"SearchAction","target":{"@type":"EntryPoint","urlTemplate":"https:\/\/www.neufmois.fr\/les-confessions\/?s={search_term_string}"},"query-input":"required name=search_term_string"}],"inLanguage":"fr-FR"},{"@type":"Person","@id":"https:\/\/www.neufmois.fr\/les-confessions\/#\/schema\/person\/893fe127c653ae6741f53a67962f8b5d","name":"maman anonyme","image":{"@type":"ImageObject","inLanguage":"fr-FR","@id":"https:\/\/www.neufmois.fr\/les-confessions\/#\/schema\/person\/image\/","url":"https:\/\/secure.gravatar.com\/avatar\/e4b3abeefeb17983433f333a4c54f394?s=96&d=mm&r=g","contentUrl":"https:\/\/secure.gravatar.com\/avatar\/e4b3abeefeb17983433f333a4c54f394?s=96&d=mm&r=g","caption":"maman anonyme"},"url":"https:\/\/www.neufmois.fr\/les-confessions\/author\/anonyme"}]}},"amp_enabled":true,"_links":{"self":[{"href":"https:\/\/www.neufmois.fr\/les-confessions\/wp-json\/wp\/v2\/posts\/435"}],"collection":[{"href":"https:\/\/www.neufmois.fr\/les-confessions\/wp-json\/wp\/v2\/posts"}],"about":[{"href":"https:\/\/www.neufmois.fr\/les-confessions\/wp-json\/wp\/v2\/types\/post"}],"author":[{"embeddable":true,"href":"https:\/\/www.neufmois.fr\/les-confessions\/wp-json\/wp\/v2\/users\/461446"}],"replies":[{"embeddable":true,"href":"https:\/\/www.neufmois.fr\/les-confessions\/wp-json\/wp\/v2\/comments?post=435"}],"version-history":[{"count":0,"href":"https:\/\/www.neufmois.fr\/les-confessions\/wp-json\/wp\/v2\/posts\/435\/revisions"}],"wp:attachment":[{"href":"https:\/\/www.neufmois.fr\/les-confessions\/wp-json\/wp\/v2\/media?parent=435"}],"wp:term":[{"taxonomy":"category","embeddable":true,"href":"https:\/\/www.neufmois.fr\/les-confessions\/wp-json\/wp\/v2\/categories?post=435"},{"taxonomy":"post_tag","embeddable":true,"href":"https:\/\/www.neufmois.fr\/les-confessions\/wp-json\/wp\/v2\/tags?post=435"}],"curies":[{"name":"wp","href":"https:\/\/api.w.org\/{rel}","templated":true}]}}