{"id":426,"date":"2010-10-29T12:27:00","date_gmt":"2010-10-29T12:27:00","guid":{"rendered":"https:\/\/www.neufmois.fr\/les-confessions\/?p=426"},"modified":"2010-10-29T12:27:00","modified_gmt":"2010-10-29T12:27:00","slug":"sos-maman-desesperee","status":"publish","type":"post","link":"https:\/\/www.neufmois.fr\/les-confessions\/sos-maman-desesperee","title":{"rendered":"SOS maman d\u00e9s\u00e9sp\u00e9r\u00e9e !"},"content":{"rendered":"<p>Je suis maman d&rsquo;un petit gar\u00e7on de tout juste 4 ans et bient\u00f4t maman d&rsquo;une petite fille(en f\u00e9vrier). Je ne comprends plus du tout mon fils et ce depuis d\u00e9j\u00e0 au moins deux mois. Il a toujours \u00e9t\u00e9 \u00ab\u00a0speed\u00a0\u00bb mais l\u00e0, il est incontr\u00f4lable(j&rsquo;ai presque honte de dire tout ce qu&rsquo;il fait): caprices \u00e0 la maison et en public \u00e0 se jeter par terre et \u00e0 hurler de toutes ses forces, crachats, insultes, il nous tape. Nous avons tout tenter : fess\u00e9es, punitions, dialogues&#8230; rien n&rsquo;y fait et m\u00eame mon mari qui est assez autoritaire ne peut plus rien faire. Je suis triste \u00e0 mourir, fatigu\u00e9e et ne sait plus du tout quoi faire. Si des mamans ont connu de telles \u00e9preuves, aidez-moi s&rsquo;il vous plait. Vous savez, \u00e7a va tellement vite de se dire qu&rsquo;on est une mauvaise maman (car bonjour les commentaires autour de moi) ! Merci \u00e0 vous toutes. <\/p>\n","protected":false},"excerpt":{"rendered":"<p>Je suis maman d&rsquo;un petit gar\u00e7on de tout juste 4 ans et bient\u00f4t maman d&rsquo;une petite fille(en f\u00e9vrier). Je ne comprends plus du tout mon fils et ce depuis d\u00e9j\u00e0 au moins deux mois. Il a toujours \u00e9t\u00e9 \u00ab\u00a0speed\u00a0\u00bb mais l\u00e0, il est incontr\u00f4lable(j&rsquo;ai presque honte de dire tout ce qu&rsquo;il fait): caprices \u00e0 la maison et en public \u00e0 se jeter par terre et \u00e0 hurler de toutes ses forces, crachats, insultes, il nous tape. Nous avons tout tenter : fess\u00e9es, punitions, dialogues&#8230; rien n&rsquo;y fait et m\u00eame mon<\/p>\n","protected":false},"author":461446,"featured_media":0,"comment_status":"open","ping_status":"open","sticky":false,"template":"","format":"standard","meta":[],"categories":[1],"tags":[],"yoast_head":"<!-- This site is optimized with the Yoast SEO plugin v20.4 - https:\/\/yoast.com\/wordpress\/plugins\/seo\/ -->\n<title>SOS maman d\u00e9s\u00e9sp\u00e9r\u00e9e ! - Les confessions<\/title>\n<meta name=\"robots\" content=\"index, follow, max-snippet:-1, max-image-preview:large, max-video-preview:-1\" \/>\n<link rel=\"canonical\" href=\"https:\/\/www.neufmois.fr\/les-confessions\/sos-maman-desesperee\" \/>\n<meta property=\"og:locale\" content=\"fr_FR\" \/>\n<meta property=\"og:type\" content=\"article\" \/>\n<meta property=\"og:title\" content=\"SOS maman d\u00e9s\u00e9sp\u00e9r\u00e9e ! - Les confessions\" \/>\n<meta property=\"og:description\" content=\"Je suis maman d&rsquo;un petit gar\u00e7on de tout juste 4 ans et bient\u00f4t maman d&rsquo;une petite fille(en f\u00e9vrier). Je ne comprends plus du tout mon fils et ce depuis d\u00e9j\u00e0 au moins deux mois. Il a toujours \u00e9t\u00e9 \u00ab\u00a0speed\u00a0\u00bb mais l\u00e0, il est incontr\u00f4lable(j&rsquo;ai presque honte de dire tout ce qu&rsquo;il fait): caprices \u00e0 la maison et en public \u00e0 se jeter par terre et \u00e0 hurler de toutes ses forces, crachats, insultes, il nous tape. Nous avons tout tenter : fess\u00e9es, punitions, dialogues&#8230; rien n&rsquo;y fait et m\u00eame mon\" \/>\n<meta property=\"og:url\" content=\"https:\/\/www.neufmois.fr\/les-confessions\/sos-maman-desesperee\" \/>\n<meta property=\"og:site_name\" content=\"Les confessions\" \/>\n<meta property=\"article:published_time\" content=\"2010-10-29T12:27:00+00:00\" \/>\n<meta name=\"author\" content=\"maman anonyme\" \/>\n<meta name=\"twitter:card\" content=\"summary_large_image\" \/>\n<meta name=\"twitter:label1\" content=\"\u00c9crit par\" \/>\n\t<meta name=\"twitter:data1\" content=\"maman anonyme\" \/>\n\t<meta name=\"twitter:label2\" content=\"Dur\u00e9e de lecture estim\u00e9e\" \/>\n\t<meta name=\"twitter:data2\" content=\"1 minute\" \/>\n<script type=\"application\/ld+json\" class=\"yoast-schema-graph\">{\"@context\":\"https:\/\/schema.org\",\"@graph\":[{\"@type\":\"WebPage\",\"@id\":\"https:\/\/www.neufmois.fr\/les-confessions\/sos-maman-desesperee\",\"url\":\"https:\/\/www.neufmois.fr\/les-confessions\/sos-maman-desesperee\",\"name\":\"SOS maman d\u00e9s\u00e9sp\u00e9r\u00e9e ! - Les confessions\",\"isPartOf\":{\"@id\":\"https:\/\/www.neufmois.fr\/les-confessions\/#website\"},\"datePublished\":\"2010-10-29T12:27:00+00:00\",\"dateModified\":\"2010-10-29T12:27:00+00:00\",\"author\":{\"@id\":\"https:\/\/www.neufmois.fr\/les-confessions\/#\/schema\/person\/893fe127c653ae6741f53a67962f8b5d\"},\"breadcrumb\":{\"@id\":\"https:\/\/www.neufmois.fr\/les-confessions\/sos-maman-desesperee#breadcrumb\"},\"inLanguage\":\"fr-FR\",\"potentialAction\":[{\"@type\":\"ReadAction\",\"target\":[\"https:\/\/www.neufmois.fr\/les-confessions\/sos-maman-desesperee\"]}]},{\"@type\":\"BreadcrumbList\",\"@id\":\"https:\/\/www.neufmois.fr\/les-confessions\/sos-maman-desesperee#breadcrumb\",\"itemListElement\":[{\"@type\":\"ListItem\",\"position\":1,\"name\":\"Accueil\",\"item\":\"https:\/\/www.neufmois.fr\/les-confessions\/\"},{\"@type\":\"ListItem\",\"position\":2,\"name\":\"SOS maman d\u00e9s\u00e9sp\u00e9r\u00e9e !\"}]},{\"@type\":\"WebSite\",\"@id\":\"https:\/\/www.neufmois.fr\/les-confessions\/#website\",\"url\":\"https:\/\/www.neufmois.fr\/les-confessions\/\",\"name\":\"Les confessions\",\"description\":\" Les confessions\",\"potentialAction\":[{\"@type\":\"SearchAction\",\"target\":{\"@type\":\"EntryPoint\",\"urlTemplate\":\"https:\/\/www.neufmois.fr\/les-confessions\/?s={search_term_string}\"},\"query-input\":\"required name=search_term_string\"}],\"inLanguage\":\"fr-FR\"},{\"@type\":\"Person\",\"@id\":\"https:\/\/www.neufmois.fr\/les-confessions\/#\/schema\/person\/893fe127c653ae6741f53a67962f8b5d\",\"name\":\"maman anonyme\",\"image\":{\"@type\":\"ImageObject\",\"inLanguage\":\"fr-FR\",\"@id\":\"https:\/\/www.neufmois.fr\/les-confessions\/#\/schema\/person\/image\/\",\"url\":\"https:\/\/secure.gravatar.com\/avatar\/e4b3abeefeb17983433f333a4c54f394?s=96&d=mm&r=g\",\"contentUrl\":\"https:\/\/secure.gravatar.com\/avatar\/e4b3abeefeb17983433f333a4c54f394?s=96&d=mm&r=g\",\"caption\":\"maman anonyme\"},\"url\":\"https:\/\/www.neufmois.fr\/les-confessions\/author\/anonyme\"}]}<\/script>\n<!-- \/ Yoast SEO plugin. -->","yoast_head_json":{"title":"SOS maman d\u00e9s\u00e9sp\u00e9r\u00e9e ! - Les confessions","robots":{"index":"index","follow":"follow","max-snippet":"max-snippet:-1","max-image-preview":"max-image-preview:large","max-video-preview":"max-video-preview:-1"},"canonical":"https:\/\/www.neufmois.fr\/les-confessions\/sos-maman-desesperee","og_locale":"fr_FR","og_type":"article","og_title":"SOS maman d\u00e9s\u00e9sp\u00e9r\u00e9e ! - Les confessions","og_description":"Je suis maman d&rsquo;un petit gar\u00e7on de tout juste 4 ans et bient\u00f4t maman d&rsquo;une petite fille(en f\u00e9vrier). Je ne comprends plus du tout mon fils et ce depuis d\u00e9j\u00e0 au moins deux mois. Il a toujours \u00e9t\u00e9 \u00ab\u00a0speed\u00a0\u00bb mais l\u00e0, il est incontr\u00f4lable(j&rsquo;ai presque honte de dire tout ce qu&rsquo;il fait): caprices \u00e0 la maison et en public \u00e0 se jeter par terre et \u00e0 hurler de toutes ses forces, crachats, insultes, il nous tape. Nous avons tout tenter : fess\u00e9es, punitions, dialogues&#8230; rien n&rsquo;y fait et m\u00eame mon","og_url":"https:\/\/www.neufmois.fr\/les-confessions\/sos-maman-desesperee","og_site_name":"Les confessions","article_published_time":"2010-10-29T12:27:00+00:00","author":"maman anonyme","twitter_card":"summary_large_image","twitter_misc":{"\u00c9crit par":"maman anonyme","Dur\u00e9e de lecture estim\u00e9e":"1 minute"},"schema":{"@context":"https:\/\/schema.org","@graph":[{"@type":"WebPage","@id":"https:\/\/www.neufmois.fr\/les-confessions\/sos-maman-desesperee","url":"https:\/\/www.neufmois.fr\/les-confessions\/sos-maman-desesperee","name":"SOS maman d\u00e9s\u00e9sp\u00e9r\u00e9e ! - Les confessions","isPartOf":{"@id":"https:\/\/www.neufmois.fr\/les-confessions\/#website"},"datePublished":"2010-10-29T12:27:00+00:00","dateModified":"2010-10-29T12:27:00+00:00","author":{"@id":"https:\/\/www.neufmois.fr\/les-confessions\/#\/schema\/person\/893fe127c653ae6741f53a67962f8b5d"},"breadcrumb":{"@id":"https:\/\/www.neufmois.fr\/les-confessions\/sos-maman-desesperee#breadcrumb"},"inLanguage":"fr-FR","potentialAction":[{"@type":"ReadAction","target":["https:\/\/www.neufmois.fr\/les-confessions\/sos-maman-desesperee"]}]},{"@type":"BreadcrumbList","@id":"https:\/\/www.neufmois.fr\/les-confessions\/sos-maman-desesperee#breadcrumb","itemListElement":[{"@type":"ListItem","position":1,"name":"Accueil","item":"https:\/\/www.neufmois.fr\/les-confessions\/"},{"@type":"ListItem","position":2,"name":"SOS maman d\u00e9s\u00e9sp\u00e9r\u00e9e !"}]},{"@type":"WebSite","@id":"https:\/\/www.neufmois.fr\/les-confessions\/#website","url":"https:\/\/www.neufmois.fr\/les-confessions\/","name":"Les confessions","description":" Les confessions","potentialAction":[{"@type":"SearchAction","target":{"@type":"EntryPoint","urlTemplate":"https:\/\/www.neufmois.fr\/les-confessions\/?s={search_term_string}"},"query-input":"required name=search_term_string"}],"inLanguage":"fr-FR"},{"@type":"Person","@id":"https:\/\/www.neufmois.fr\/les-confessions\/#\/schema\/person\/893fe127c653ae6741f53a67962f8b5d","name":"maman anonyme","image":{"@type":"ImageObject","inLanguage":"fr-FR","@id":"https:\/\/www.neufmois.fr\/les-confessions\/#\/schema\/person\/image\/","url":"https:\/\/secure.gravatar.com\/avatar\/e4b3abeefeb17983433f333a4c54f394?s=96&d=mm&r=g","contentUrl":"https:\/\/secure.gravatar.com\/avatar\/e4b3abeefeb17983433f333a4c54f394?s=96&d=mm&r=g","caption":"maman anonyme"},"url":"https:\/\/www.neufmois.fr\/les-confessions\/author\/anonyme"}]}},"amp_enabled":true,"_links":{"self":[{"href":"https:\/\/www.neufmois.fr\/les-confessions\/wp-json\/wp\/v2\/posts\/426"}],"collection":[{"href":"https:\/\/www.neufmois.fr\/les-confessions\/wp-json\/wp\/v2\/posts"}],"about":[{"href":"https:\/\/www.neufmois.fr\/les-confessions\/wp-json\/wp\/v2\/types\/post"}],"author":[{"embeddable":true,"href":"https:\/\/www.neufmois.fr\/les-confessions\/wp-json\/wp\/v2\/users\/461446"}],"replies":[{"embeddable":true,"href":"https:\/\/www.neufmois.fr\/les-confessions\/wp-json\/wp\/v2\/comments?post=426"}],"version-history":[{"count":0,"href":"https:\/\/www.neufmois.fr\/les-confessions\/wp-json\/wp\/v2\/posts\/426\/revisions"}],"wp:attachment":[{"href":"https:\/\/www.neufmois.fr\/les-confessions\/wp-json\/wp\/v2\/media?parent=426"}],"wp:term":[{"taxonomy":"category","embeddable":true,"href":"https:\/\/www.neufmois.fr\/les-confessions\/wp-json\/wp\/v2\/categories?post=426"},{"taxonomy":"post_tag","embeddable":true,"href":"https:\/\/www.neufmois.fr\/les-confessions\/wp-json\/wp\/v2\/tags?post=426"}],"curies":[{"name":"wp","href":"https:\/\/api.w.org\/{rel}","templated":true}]}}