{"id":422,"date":"2010-11-01T09:24:00","date_gmt":"2010-11-01T09:24:00","guid":{"rendered":"https:\/\/www.neufmois.fr\/les-confessions\/?p=422"},"modified":"2010-11-01T09:24:00","modified_gmt":"2010-11-01T09:24:00","slug":"la-relation-entre-mon-mari-et-mon-fils-me-fait-mal","status":"publish","type":"post","link":"https:\/\/www.neufmois.fr\/les-confessions\/la-relation-entre-mon-mari-et-mon-fils-me-fait-mal","title":{"rendered":"La relation entre mon mari et mon fils me fait mal"},"content":{"rendered":"<p>Je vis tr\u00e8s mal la relation entre mon mari et mon fils de bient\u00f4t 10 ans (ce n&rsquo;est pas son p\u00e8re), pas facile \u00e0 en parler par \u00e9crit. Je tiens \u00e0 pr\u00e9ciser que je vais voir avec mon fils une \u00e9ducatrice \u00e0 ce propos une fois par mois. C&rsquo;est moi qui dois dire \u00e0 mon mari ce qu&rsquo;il doit faire. Il parle tr\u00e8s peu \u00e0 mon fils. Il va jouer de temps en temps au foot, aux jeux de soci\u00e9t\u00e9, faire du v\u00e9lo pour aller chercher du pain car c&rsquo;est moi qui le guide. Mon mari n&rsquo;a jamais eu d&rsquo;enfant, nous venons d&rsquo;avoir il y a 5 mois un petit gar\u00e7on et mon grand gar\u00e7on est tr\u00e8s proche de son petit fr\u00e8re. Cela me peine que mon fils n&rsquo;\u00e9volue pas avec son p\u00e8re et sa m\u00e8re. Son papa nous a laiss\u00e9s, mon fils avait 7 mois, pour aller vivre avec sa m\u00e8re. C&rsquo;\u00e9tait tr\u00e8s dur, donc je crie ma douleur par de l&rsquo;agressivit\u00e9, en parlant avec de la col\u00e8re \u00e7a ne plait pas \u00e0 mon mari, si bien qu&rsquo;hier soir il est arriv\u00e9 deri\u00e8re moi et m&rsquo;a donn\u00e9 une frappe sur ma t\u00eate devant mon enfant. Il me dit que je le pousse \u00e0 faire \u00e7a et que je devrais m&rsquo;y prendre autrement. Mais je n&rsquo;ai pas \u00e0 dicter la vie des gens, il faut qu&rsquo;il sache aller vers mon fils par lui-m\u00eame. L&rsquo;\u00e9ducatrice m&rsquo;a conseill\u00e9 de laisser la relation se faire par elle m\u00eame entre eux deux, mais c&rsquo;est dur car nous sommes seuls, loin de la famille et mon fils en souffre. Je tiens \u00e0 rajouter que lorsqu&rsquo;on se dispute mon mari et moi, il ignore mon fils. Comment faire pour ne plus avoir mal ? Je tiens \u00e0 dire que je suis en relation avec une psy, qui me dit que vu mon \u00e2ge, je ne changerais pas le fait de prendre tout \u00e0 coeur. Merci de votre aide. Bien amicalement \u00e0 vous toutes.<\/p>\n","protected":false},"excerpt":{"rendered":"<p>Je vis tr\u00e8s mal la relation entre mon mari et mon fils de bient\u00f4t 10 ans (ce n&rsquo;est pas son p\u00e8re), pas facile \u00e0 en parler par \u00e9crit. Je tiens \u00e0 pr\u00e9ciser que je vais voir avec mon fils une \u00e9ducatrice \u00e0 ce propos une fois par mois. C&rsquo;est moi qui dois dire \u00e0 mon mari ce qu&rsquo;il doit faire. Il parle tr\u00e8s peu \u00e0 mon fils. Il va jouer de temps en temps au foot, aux jeux de soci\u00e9t\u00e9, faire du v\u00e9lo pour aller chercher du pain car c&rsquo;est<\/p>\n","protected":false},"author":461446,"featured_media":0,"comment_status":"open","ping_status":"open","sticky":false,"template":"","format":"standard","meta":[],"categories":[1],"tags":[],"yoast_head":"<!-- This site is optimized with the Yoast SEO plugin v20.4 - https:\/\/yoast.com\/wordpress\/plugins\/seo\/ -->\n<title>La relation entre mon mari et mon fils me fait mal - Les confessions<\/title>\n<meta name=\"robots\" content=\"index, follow, max-snippet:-1, max-image-preview:large, max-video-preview:-1\" \/>\n<link rel=\"canonical\" href=\"https:\/\/www.neufmois.fr\/les-confessions\/la-relation-entre-mon-mari-et-mon-fils-me-fait-mal\" \/>\n<meta property=\"og:locale\" content=\"fr_FR\" \/>\n<meta property=\"og:type\" content=\"article\" \/>\n<meta property=\"og:title\" content=\"La relation entre mon mari et mon fils me fait mal - Les confessions\" \/>\n<meta property=\"og:description\" content=\"Je vis tr\u00e8s mal la relation entre mon mari et mon fils de bient\u00f4t 10 ans (ce n&rsquo;est pas son p\u00e8re), pas facile \u00e0 en parler par \u00e9crit. Je tiens \u00e0 pr\u00e9ciser que je vais voir avec mon fils une \u00e9ducatrice \u00e0 ce propos une fois par mois. C&rsquo;est moi qui dois dire \u00e0 mon mari ce qu&rsquo;il doit faire. Il parle tr\u00e8s peu \u00e0 mon fils. Il va jouer de temps en temps au foot, aux jeux de soci\u00e9t\u00e9, faire du v\u00e9lo pour aller chercher du pain car c&rsquo;est\" \/>\n<meta property=\"og:url\" content=\"https:\/\/www.neufmois.fr\/les-confessions\/la-relation-entre-mon-mari-et-mon-fils-me-fait-mal\" \/>\n<meta property=\"og:site_name\" content=\"Les confessions\" \/>\n<meta property=\"article:published_time\" content=\"2010-11-01T09:24:00+00:00\" \/>\n<meta name=\"author\" content=\"maman anonyme\" \/>\n<meta name=\"twitter:card\" content=\"summary_large_image\" \/>\n<meta name=\"twitter:label1\" content=\"\u00c9crit par\" \/>\n\t<meta name=\"twitter:data1\" content=\"maman anonyme\" \/>\n\t<meta name=\"twitter:label2\" content=\"Dur\u00e9e de lecture estim\u00e9e\" \/>\n\t<meta name=\"twitter:data2\" content=\"2 minutes\" \/>\n<script type=\"application\/ld+json\" class=\"yoast-schema-graph\">{\"@context\":\"https:\/\/schema.org\",\"@graph\":[{\"@type\":\"WebPage\",\"@id\":\"https:\/\/www.neufmois.fr\/les-confessions\/la-relation-entre-mon-mari-et-mon-fils-me-fait-mal\",\"url\":\"https:\/\/www.neufmois.fr\/les-confessions\/la-relation-entre-mon-mari-et-mon-fils-me-fait-mal\",\"name\":\"La relation entre mon mari et mon fils me fait mal - Les confessions\",\"isPartOf\":{\"@id\":\"https:\/\/www.neufmois.fr\/les-confessions\/#website\"},\"datePublished\":\"2010-11-01T09:24:00+00:00\",\"dateModified\":\"2010-11-01T09:24:00+00:00\",\"author\":{\"@id\":\"https:\/\/www.neufmois.fr\/les-confessions\/#\/schema\/person\/893fe127c653ae6741f53a67962f8b5d\"},\"breadcrumb\":{\"@id\":\"https:\/\/www.neufmois.fr\/les-confessions\/la-relation-entre-mon-mari-et-mon-fils-me-fait-mal#breadcrumb\"},\"inLanguage\":\"fr-FR\",\"potentialAction\":[{\"@type\":\"ReadAction\",\"target\":[\"https:\/\/www.neufmois.fr\/les-confessions\/la-relation-entre-mon-mari-et-mon-fils-me-fait-mal\"]}]},{\"@type\":\"BreadcrumbList\",\"@id\":\"https:\/\/www.neufmois.fr\/les-confessions\/la-relation-entre-mon-mari-et-mon-fils-me-fait-mal#breadcrumb\",\"itemListElement\":[{\"@type\":\"ListItem\",\"position\":1,\"name\":\"Accueil\",\"item\":\"https:\/\/www.neufmois.fr\/les-confessions\/\"},{\"@type\":\"ListItem\",\"position\":2,\"name\":\"La relation entre mon mari et mon fils me fait mal\"}]},{\"@type\":\"WebSite\",\"@id\":\"https:\/\/www.neufmois.fr\/les-confessions\/#website\",\"url\":\"https:\/\/www.neufmois.fr\/les-confessions\/\",\"name\":\"Les confessions\",\"description\":\" Les confessions\",\"potentialAction\":[{\"@type\":\"SearchAction\",\"target\":{\"@type\":\"EntryPoint\",\"urlTemplate\":\"https:\/\/www.neufmois.fr\/les-confessions\/?s={search_term_string}\"},\"query-input\":\"required name=search_term_string\"}],\"inLanguage\":\"fr-FR\"},{\"@type\":\"Person\",\"@id\":\"https:\/\/www.neufmois.fr\/les-confessions\/#\/schema\/person\/893fe127c653ae6741f53a67962f8b5d\",\"name\":\"maman anonyme\",\"image\":{\"@type\":\"ImageObject\",\"inLanguage\":\"fr-FR\",\"@id\":\"https:\/\/www.neufmois.fr\/les-confessions\/#\/schema\/person\/image\/\",\"url\":\"https:\/\/secure.gravatar.com\/avatar\/e4b3abeefeb17983433f333a4c54f394?s=96&d=mm&r=g\",\"contentUrl\":\"https:\/\/secure.gravatar.com\/avatar\/e4b3abeefeb17983433f333a4c54f394?s=96&d=mm&r=g\",\"caption\":\"maman anonyme\"},\"url\":\"https:\/\/www.neufmois.fr\/les-confessions\/author\/anonyme\"}]}<\/script>\n<!-- \/ Yoast SEO plugin. -->","yoast_head_json":{"title":"La relation entre mon mari et mon fils me fait mal - Les confessions","robots":{"index":"index","follow":"follow","max-snippet":"max-snippet:-1","max-image-preview":"max-image-preview:large","max-video-preview":"max-video-preview:-1"},"canonical":"https:\/\/www.neufmois.fr\/les-confessions\/la-relation-entre-mon-mari-et-mon-fils-me-fait-mal","og_locale":"fr_FR","og_type":"article","og_title":"La relation entre mon mari et mon fils me fait mal - Les confessions","og_description":"Je vis tr\u00e8s mal la relation entre mon mari et mon fils de bient\u00f4t 10 ans (ce n&rsquo;est pas son p\u00e8re), pas facile \u00e0 en parler par \u00e9crit. Je tiens \u00e0 pr\u00e9ciser que je vais voir avec mon fils une \u00e9ducatrice \u00e0 ce propos une fois par mois. C&rsquo;est moi qui dois dire \u00e0 mon mari ce qu&rsquo;il doit faire. Il parle tr\u00e8s peu \u00e0 mon fils. Il va jouer de temps en temps au foot, aux jeux de soci\u00e9t\u00e9, faire du v\u00e9lo pour aller chercher du pain car c&rsquo;est","og_url":"https:\/\/www.neufmois.fr\/les-confessions\/la-relation-entre-mon-mari-et-mon-fils-me-fait-mal","og_site_name":"Les confessions","article_published_time":"2010-11-01T09:24:00+00:00","author":"maman anonyme","twitter_card":"summary_large_image","twitter_misc":{"\u00c9crit par":"maman anonyme","Dur\u00e9e de lecture estim\u00e9e":"2 minutes"},"schema":{"@context":"https:\/\/schema.org","@graph":[{"@type":"WebPage","@id":"https:\/\/www.neufmois.fr\/les-confessions\/la-relation-entre-mon-mari-et-mon-fils-me-fait-mal","url":"https:\/\/www.neufmois.fr\/les-confessions\/la-relation-entre-mon-mari-et-mon-fils-me-fait-mal","name":"La relation entre mon mari et mon fils me fait mal - Les confessions","isPartOf":{"@id":"https:\/\/www.neufmois.fr\/les-confessions\/#website"},"datePublished":"2010-11-01T09:24:00+00:00","dateModified":"2010-11-01T09:24:00+00:00","author":{"@id":"https:\/\/www.neufmois.fr\/les-confessions\/#\/schema\/person\/893fe127c653ae6741f53a67962f8b5d"},"breadcrumb":{"@id":"https:\/\/www.neufmois.fr\/les-confessions\/la-relation-entre-mon-mari-et-mon-fils-me-fait-mal#breadcrumb"},"inLanguage":"fr-FR","potentialAction":[{"@type":"ReadAction","target":["https:\/\/www.neufmois.fr\/les-confessions\/la-relation-entre-mon-mari-et-mon-fils-me-fait-mal"]}]},{"@type":"BreadcrumbList","@id":"https:\/\/www.neufmois.fr\/les-confessions\/la-relation-entre-mon-mari-et-mon-fils-me-fait-mal#breadcrumb","itemListElement":[{"@type":"ListItem","position":1,"name":"Accueil","item":"https:\/\/www.neufmois.fr\/les-confessions\/"},{"@type":"ListItem","position":2,"name":"La relation entre mon mari et mon fils me fait mal"}]},{"@type":"WebSite","@id":"https:\/\/www.neufmois.fr\/les-confessions\/#website","url":"https:\/\/www.neufmois.fr\/les-confessions\/","name":"Les confessions","description":" Les confessions","potentialAction":[{"@type":"SearchAction","target":{"@type":"EntryPoint","urlTemplate":"https:\/\/www.neufmois.fr\/les-confessions\/?s={search_term_string}"},"query-input":"required name=search_term_string"}],"inLanguage":"fr-FR"},{"@type":"Person","@id":"https:\/\/www.neufmois.fr\/les-confessions\/#\/schema\/person\/893fe127c653ae6741f53a67962f8b5d","name":"maman anonyme","image":{"@type":"ImageObject","inLanguage":"fr-FR","@id":"https:\/\/www.neufmois.fr\/les-confessions\/#\/schema\/person\/image\/","url":"https:\/\/secure.gravatar.com\/avatar\/e4b3abeefeb17983433f333a4c54f394?s=96&d=mm&r=g","contentUrl":"https:\/\/secure.gravatar.com\/avatar\/e4b3abeefeb17983433f333a4c54f394?s=96&d=mm&r=g","caption":"maman anonyme"},"url":"https:\/\/www.neufmois.fr\/les-confessions\/author\/anonyme"}]}},"amp_enabled":true,"_links":{"self":[{"href":"https:\/\/www.neufmois.fr\/les-confessions\/wp-json\/wp\/v2\/posts\/422"}],"collection":[{"href":"https:\/\/www.neufmois.fr\/les-confessions\/wp-json\/wp\/v2\/posts"}],"about":[{"href":"https:\/\/www.neufmois.fr\/les-confessions\/wp-json\/wp\/v2\/types\/post"}],"author":[{"embeddable":true,"href":"https:\/\/www.neufmois.fr\/les-confessions\/wp-json\/wp\/v2\/users\/461446"}],"replies":[{"embeddable":true,"href":"https:\/\/www.neufmois.fr\/les-confessions\/wp-json\/wp\/v2\/comments?post=422"}],"version-history":[{"count":0,"href":"https:\/\/www.neufmois.fr\/les-confessions\/wp-json\/wp\/v2\/posts\/422\/revisions"}],"wp:attachment":[{"href":"https:\/\/www.neufmois.fr\/les-confessions\/wp-json\/wp\/v2\/media?parent=422"}],"wp:term":[{"taxonomy":"category","embeddable":true,"href":"https:\/\/www.neufmois.fr\/les-confessions\/wp-json\/wp\/v2\/categories?post=422"},{"taxonomy":"post_tag","embeddable":true,"href":"https:\/\/www.neufmois.fr\/les-confessions\/wp-json\/wp\/v2\/tags?post=422"}],"curies":[{"name":"wp","href":"https:\/\/api.w.org\/{rel}","templated":true}]}}