{"id":415,"date":"2010-11-08T15:18:00","date_gmt":"2010-11-08T15:18:00","guid":{"rendered":"https:\/\/www.neufmois.fr\/les-confessions\/?p=415"},"modified":"2010-11-08T15:18:00","modified_gmt":"2010-11-08T15:18:00","slug":"je-me-rencontre","status":"publish","type":"post","link":"https:\/\/www.neufmois.fr\/les-confessions\/je-me-rencontre","title":{"rendered":"Je me rencontre&#8230;."},"content":{"rendered":"<p>Aujourd&rsquo;hui \u00e0 une certaine \u00e9tape au tournant de ma vie que je r\u00e9alise que j&rsquo;ai fait mes enfants trop tard ! Je n&rsquo;ai pas de patience, toujours angoiss\u00e9e pour le moindre bobo. Je trouve que j&rsquo;ai du mal \u00e0 me remettre de ma deuxi\u00e8me grossesse ! Je n&rsquo;ai plus go\u00fbt \u00e0 rien, j&rsquo;ai envie de tout laisser tomber et je suis tr\u00e8s fatigu\u00e9e ! Mon mari est l\u00e0, il subit mais jusque quand ? Je me dis que si je n&rsquo;ai pas eu d&rsquo;enfants plus t\u00f4t c&rsquo;est aussi parce que je n&rsquo;avais pas trouv\u00e9 le bon papa ! J&rsquo;ai v\u00e9cu en couple \u00e0 18 ans, c&rsquo;\u00e9tait l&rsquo;homme de ma vie, que j&rsquo;ai fini par quitter au bout de 2 ans malgr\u00e9 que je l&rsquo;aimais encore ! Je suis tomb\u00e9e en d\u00e9pression pendant de nombreuses ann\u00e9es, je me suis enferm\u00e9e, cr\u00e9\u00e9e une bulle o\u00f9 j&rsquo;en suis sortie un jour gr\u00e2ce \u00e0 un gar\u00e7on sur le net qui est devenu un ami et qui a su trouver les mots pour me redonner go\u00fbt \u00e0 la vie ! Et l\u00e0 j&rsquo;ai brul\u00e9 la chandelle par les deux bouts, profit\u00e9 de tout ce temps que j&rsquo;avais perdu ! Puis j&rsquo;ai rencontr\u00e9 la futur papa de mes enfants ! Aujourd&rsquo;hui, presque 7 ans apr\u00e8s, je remets tout en question ! Je n&rsquo;ai plus envie de lui d&rsquo;ailleurs, j&rsquo;ai trop mal ! On vit aujourd&rsquo;hui un peu comme des colocs avec des enfants ! Lui ne pense qu&rsquo;\u00e0 son ordinateur ! Moi je r\u00eave d&rsquo;autres choses ! J&rsquo;ai des id\u00e9es noires, je suis \u00e0 bout physiquement et moralement ! Je ne supporte plus mes enfants ! Je fonce vers l&rsquo;oubli &#8230;<\/p>\n","protected":false},"excerpt":{"rendered":"<p>Aujourd&rsquo;hui \u00e0 une certaine \u00e9tape au tournant de ma vie que je r\u00e9alise que j&rsquo;ai fait mes enfants trop tard ! Je n&rsquo;ai pas de patience, toujours angoiss\u00e9e pour le moindre bobo. Je trouve que j&rsquo;ai du mal \u00e0 me remettre de ma deuxi\u00e8me grossesse ! Je n&rsquo;ai plus go\u00fbt \u00e0 rien, j&rsquo;ai envie de tout laisser tomber et je suis tr\u00e8s fatigu\u00e9e ! Mon mari est l\u00e0, il subit mais jusque quand ? Je me dis que si je n&rsquo;ai pas eu d&rsquo;enfants plus t\u00f4t c&rsquo;est aussi parce que<\/p>\n","protected":false},"author":461446,"featured_media":0,"comment_status":"open","ping_status":"open","sticky":false,"template":"","format":"standard","meta":[],"categories":[1],"tags":[],"yoast_head":"<!-- This site is optimized with the Yoast SEO plugin v20.4 - https:\/\/yoast.com\/wordpress\/plugins\/seo\/ -->\n<title>Je me rencontre.... - Les confessions<\/title>\n<meta name=\"robots\" content=\"index, follow, max-snippet:-1, max-image-preview:large, max-video-preview:-1\" \/>\n<link rel=\"canonical\" href=\"https:\/\/www.neufmois.fr\/les-confessions\/je-me-rencontre\" \/>\n<meta property=\"og:locale\" content=\"fr_FR\" \/>\n<meta property=\"og:type\" content=\"article\" \/>\n<meta property=\"og:title\" content=\"Je me rencontre.... - Les confessions\" \/>\n<meta property=\"og:description\" content=\"Aujourd&rsquo;hui \u00e0 une certaine \u00e9tape au tournant de ma vie que je r\u00e9alise que j&rsquo;ai fait mes enfants trop tard ! Je n&rsquo;ai pas de patience, toujours angoiss\u00e9e pour le moindre bobo. Je trouve que j&rsquo;ai du mal \u00e0 me remettre de ma deuxi\u00e8me grossesse ! Je n&rsquo;ai plus go\u00fbt \u00e0 rien, j&rsquo;ai envie de tout laisser tomber et je suis tr\u00e8s fatigu\u00e9e ! Mon mari est l\u00e0, il subit mais jusque quand ? Je me dis que si je n&rsquo;ai pas eu d&rsquo;enfants plus t\u00f4t c&rsquo;est aussi parce que\" \/>\n<meta property=\"og:url\" content=\"https:\/\/www.neufmois.fr\/les-confessions\/je-me-rencontre\" \/>\n<meta property=\"og:site_name\" content=\"Les confessions\" \/>\n<meta property=\"article:published_time\" content=\"2010-11-08T15:18:00+00:00\" \/>\n<meta name=\"author\" content=\"maman anonyme\" \/>\n<meta name=\"twitter:card\" content=\"summary_large_image\" \/>\n<meta name=\"twitter:label1\" content=\"\u00c9crit par\" \/>\n\t<meta name=\"twitter:data1\" content=\"maman anonyme\" \/>\n\t<meta name=\"twitter:label2\" content=\"Dur\u00e9e de lecture estim\u00e9e\" \/>\n\t<meta name=\"twitter:data2\" content=\"1 minute\" \/>\n<script type=\"application\/ld+json\" class=\"yoast-schema-graph\">{\"@context\":\"https:\/\/schema.org\",\"@graph\":[{\"@type\":\"WebPage\",\"@id\":\"https:\/\/www.neufmois.fr\/les-confessions\/je-me-rencontre\",\"url\":\"https:\/\/www.neufmois.fr\/les-confessions\/je-me-rencontre\",\"name\":\"Je me rencontre.... - Les confessions\",\"isPartOf\":{\"@id\":\"https:\/\/www.neufmois.fr\/les-confessions\/#website\"},\"datePublished\":\"2010-11-08T15:18:00+00:00\",\"dateModified\":\"2010-11-08T15:18:00+00:00\",\"author\":{\"@id\":\"https:\/\/www.neufmois.fr\/les-confessions\/#\/schema\/person\/893fe127c653ae6741f53a67962f8b5d\"},\"breadcrumb\":{\"@id\":\"https:\/\/www.neufmois.fr\/les-confessions\/je-me-rencontre#breadcrumb\"},\"inLanguage\":\"fr-FR\",\"potentialAction\":[{\"@type\":\"ReadAction\",\"target\":[\"https:\/\/www.neufmois.fr\/les-confessions\/je-me-rencontre\"]}]},{\"@type\":\"BreadcrumbList\",\"@id\":\"https:\/\/www.neufmois.fr\/les-confessions\/je-me-rencontre#breadcrumb\",\"itemListElement\":[{\"@type\":\"ListItem\",\"position\":1,\"name\":\"Accueil\",\"item\":\"https:\/\/www.neufmois.fr\/les-confessions\/\"},{\"@type\":\"ListItem\",\"position\":2,\"name\":\"Je me rencontre&#8230;.\"}]},{\"@type\":\"WebSite\",\"@id\":\"https:\/\/www.neufmois.fr\/les-confessions\/#website\",\"url\":\"https:\/\/www.neufmois.fr\/les-confessions\/\",\"name\":\"Les confessions\",\"description\":\" Les confessions\",\"potentialAction\":[{\"@type\":\"SearchAction\",\"target\":{\"@type\":\"EntryPoint\",\"urlTemplate\":\"https:\/\/www.neufmois.fr\/les-confessions\/?s={search_term_string}\"},\"query-input\":\"required name=search_term_string\"}],\"inLanguage\":\"fr-FR\"},{\"@type\":\"Person\",\"@id\":\"https:\/\/www.neufmois.fr\/les-confessions\/#\/schema\/person\/893fe127c653ae6741f53a67962f8b5d\",\"name\":\"maman anonyme\",\"image\":{\"@type\":\"ImageObject\",\"inLanguage\":\"fr-FR\",\"@id\":\"https:\/\/www.neufmois.fr\/les-confessions\/#\/schema\/person\/image\/\",\"url\":\"https:\/\/secure.gravatar.com\/avatar\/e4b3abeefeb17983433f333a4c54f394?s=96&d=mm&r=g\",\"contentUrl\":\"https:\/\/secure.gravatar.com\/avatar\/e4b3abeefeb17983433f333a4c54f394?s=96&d=mm&r=g\",\"caption\":\"maman anonyme\"},\"url\":\"https:\/\/www.neufmois.fr\/les-confessions\/author\/anonyme\"}]}<\/script>\n<!-- \/ Yoast SEO plugin. -->","yoast_head_json":{"title":"Je me rencontre.... - Les confessions","robots":{"index":"index","follow":"follow","max-snippet":"max-snippet:-1","max-image-preview":"max-image-preview:large","max-video-preview":"max-video-preview:-1"},"canonical":"https:\/\/www.neufmois.fr\/les-confessions\/je-me-rencontre","og_locale":"fr_FR","og_type":"article","og_title":"Je me rencontre.... - Les confessions","og_description":"Aujourd&rsquo;hui \u00e0 une certaine \u00e9tape au tournant de ma vie que je r\u00e9alise que j&rsquo;ai fait mes enfants trop tard ! Je n&rsquo;ai pas de patience, toujours angoiss\u00e9e pour le moindre bobo. Je trouve que j&rsquo;ai du mal \u00e0 me remettre de ma deuxi\u00e8me grossesse ! Je n&rsquo;ai plus go\u00fbt \u00e0 rien, j&rsquo;ai envie de tout laisser tomber et je suis tr\u00e8s fatigu\u00e9e ! Mon mari est l\u00e0, il subit mais jusque quand ? Je me dis que si je n&rsquo;ai pas eu d&rsquo;enfants plus t\u00f4t c&rsquo;est aussi parce que","og_url":"https:\/\/www.neufmois.fr\/les-confessions\/je-me-rencontre","og_site_name":"Les confessions","article_published_time":"2010-11-08T15:18:00+00:00","author":"maman anonyme","twitter_card":"summary_large_image","twitter_misc":{"\u00c9crit par":"maman anonyme","Dur\u00e9e de lecture estim\u00e9e":"1 minute"},"schema":{"@context":"https:\/\/schema.org","@graph":[{"@type":"WebPage","@id":"https:\/\/www.neufmois.fr\/les-confessions\/je-me-rencontre","url":"https:\/\/www.neufmois.fr\/les-confessions\/je-me-rencontre","name":"Je me rencontre.... - Les confessions","isPartOf":{"@id":"https:\/\/www.neufmois.fr\/les-confessions\/#website"},"datePublished":"2010-11-08T15:18:00+00:00","dateModified":"2010-11-08T15:18:00+00:00","author":{"@id":"https:\/\/www.neufmois.fr\/les-confessions\/#\/schema\/person\/893fe127c653ae6741f53a67962f8b5d"},"breadcrumb":{"@id":"https:\/\/www.neufmois.fr\/les-confessions\/je-me-rencontre#breadcrumb"},"inLanguage":"fr-FR","potentialAction":[{"@type":"ReadAction","target":["https:\/\/www.neufmois.fr\/les-confessions\/je-me-rencontre"]}]},{"@type":"BreadcrumbList","@id":"https:\/\/www.neufmois.fr\/les-confessions\/je-me-rencontre#breadcrumb","itemListElement":[{"@type":"ListItem","position":1,"name":"Accueil","item":"https:\/\/www.neufmois.fr\/les-confessions\/"},{"@type":"ListItem","position":2,"name":"Je me rencontre&#8230;."}]},{"@type":"WebSite","@id":"https:\/\/www.neufmois.fr\/les-confessions\/#website","url":"https:\/\/www.neufmois.fr\/les-confessions\/","name":"Les confessions","description":" Les confessions","potentialAction":[{"@type":"SearchAction","target":{"@type":"EntryPoint","urlTemplate":"https:\/\/www.neufmois.fr\/les-confessions\/?s={search_term_string}"},"query-input":"required name=search_term_string"}],"inLanguage":"fr-FR"},{"@type":"Person","@id":"https:\/\/www.neufmois.fr\/les-confessions\/#\/schema\/person\/893fe127c653ae6741f53a67962f8b5d","name":"maman anonyme","image":{"@type":"ImageObject","inLanguage":"fr-FR","@id":"https:\/\/www.neufmois.fr\/les-confessions\/#\/schema\/person\/image\/","url":"https:\/\/secure.gravatar.com\/avatar\/e4b3abeefeb17983433f333a4c54f394?s=96&d=mm&r=g","contentUrl":"https:\/\/secure.gravatar.com\/avatar\/e4b3abeefeb17983433f333a4c54f394?s=96&d=mm&r=g","caption":"maman anonyme"},"url":"https:\/\/www.neufmois.fr\/les-confessions\/author\/anonyme"}]}},"amp_enabled":true,"_links":{"self":[{"href":"https:\/\/www.neufmois.fr\/les-confessions\/wp-json\/wp\/v2\/posts\/415"}],"collection":[{"href":"https:\/\/www.neufmois.fr\/les-confessions\/wp-json\/wp\/v2\/posts"}],"about":[{"href":"https:\/\/www.neufmois.fr\/les-confessions\/wp-json\/wp\/v2\/types\/post"}],"author":[{"embeddable":true,"href":"https:\/\/www.neufmois.fr\/les-confessions\/wp-json\/wp\/v2\/users\/461446"}],"replies":[{"embeddable":true,"href":"https:\/\/www.neufmois.fr\/les-confessions\/wp-json\/wp\/v2\/comments?post=415"}],"version-history":[{"count":0,"href":"https:\/\/www.neufmois.fr\/les-confessions\/wp-json\/wp\/v2\/posts\/415\/revisions"}],"wp:attachment":[{"href":"https:\/\/www.neufmois.fr\/les-confessions\/wp-json\/wp\/v2\/media?parent=415"}],"wp:term":[{"taxonomy":"category","embeddable":true,"href":"https:\/\/www.neufmois.fr\/les-confessions\/wp-json\/wp\/v2\/categories?post=415"},{"taxonomy":"post_tag","embeddable":true,"href":"https:\/\/www.neufmois.fr\/les-confessions\/wp-json\/wp\/v2\/tags?post=415"}],"curies":[{"name":"wp","href":"https:\/\/api.w.org\/{rel}","templated":true}]}}