{"id":411,"date":"2010-11-19T19:26:00","date_gmt":"2010-11-19T19:26:00","guid":{"rendered":"https:\/\/www.neufmois.fr\/les-confessions\/?p=411"},"modified":"2010-11-19T19:26:00","modified_gmt":"2010-11-19T19:26:00","slug":"desir-denfant-mais-peur-a-cause-de-mon-traitement-de-la-depression","status":"publish","type":"post","link":"https:\/\/www.neufmois.fr\/les-confessions\/desir-denfant-mais-peur-a-cause-de-mon-traitement-de-la-depression","title":{"rendered":"D\u00e9sir d&rsquo;enfant mais peur \u00e0 cause de mon traitement de la d\u00e9pression"},"content":{"rendered":"<p>Bonjour \u00e0 toutes. Je me pr\u00e9sente, j&rsquo;ai 38 ans et je suis en couple depuis 3 ans. Mon compagnon et moi desirons plus que tout avoir un enfant. Tout serait parfait mais j&rsquo;ai tr\u00e8s peur car je suis suivie pour une d\u00e9pression chronique et \u00e9videmment, je prends des m\u00e9dicaments : un antid\u00e9presseur et anxiolytique que je ne pourrais pas arr\u00eater comme \u00e7a. J&rsquo;en ai parl\u00e9 \u00e0 mon medecin traitant qui ne m&rsquo;a pas decourag\u00e9e mais m&rsquo;a dit qu&rsquo;il faudrait juste changer de traitement. J&rsquo;ai rendez-vous dans quelques jours avec un psy afin qu&rsquo;il me conseille pour ma future grossesse. Mais j&rsquo;ai tr\u00e8s peur de sa r\u00e9action et qu&rsquo;il me deconseille de mettre un b\u00e9b\u00e9 en route. J&rsquo;esp\u00e8re que je ne vous ai pas choqu\u00e9es et souhaiterai avoir des t\u00e9moignages de mamans ayant et\u00e9 dans mon cas. Merci de m&rsquo;avoir lu sans jugement !<\/p>\n","protected":false},"excerpt":{"rendered":"<p>Bonjour \u00e0 toutes. Je me pr\u00e9sente, j&rsquo;ai 38 ans et je suis en couple depuis 3 ans. Mon compagnon et moi desirons plus que tout avoir un enfant. Tout serait parfait mais j&rsquo;ai tr\u00e8s peur car je suis suivie pour une d\u00e9pression chronique et \u00e9videmment, je prends des m\u00e9dicaments : un antid\u00e9presseur et anxiolytique que je ne pourrais pas arr\u00eater comme \u00e7a. J&rsquo;en ai parl\u00e9 \u00e0 mon medecin traitant qui ne m&rsquo;a pas decourag\u00e9e mais m&rsquo;a dit qu&rsquo;il faudrait juste changer de traitement. J&rsquo;ai rendez-vous dans quelques jours avec un<\/p>\n","protected":false},"author":461446,"featured_media":0,"comment_status":"open","ping_status":"open","sticky":false,"template":"","format":"standard","meta":[],"categories":[1],"tags":[],"yoast_head":"<!-- This site is optimized with the Yoast SEO plugin v20.4 - https:\/\/yoast.com\/wordpress\/plugins\/seo\/ -->\n<title>D\u00e9sir d&#039;enfant mais peur \u00e0 cause de mon traitement de la d\u00e9pression - Les confessions<\/title>\n<meta name=\"robots\" content=\"index, follow, max-snippet:-1, max-image-preview:large, max-video-preview:-1\" \/>\n<link rel=\"canonical\" href=\"https:\/\/www.neufmois.fr\/les-confessions\/desir-denfant-mais-peur-a-cause-de-mon-traitement-de-la-depression\" \/>\n<meta property=\"og:locale\" content=\"fr_FR\" \/>\n<meta property=\"og:type\" content=\"article\" \/>\n<meta property=\"og:title\" content=\"D\u00e9sir d&#039;enfant mais peur \u00e0 cause de mon traitement de la d\u00e9pression - Les confessions\" \/>\n<meta property=\"og:description\" content=\"Bonjour \u00e0 toutes. Je me pr\u00e9sente, j&rsquo;ai 38 ans et je suis en couple depuis 3 ans. Mon compagnon et moi desirons plus que tout avoir un enfant. Tout serait parfait mais j&rsquo;ai tr\u00e8s peur car je suis suivie pour une d\u00e9pression chronique et \u00e9videmment, je prends des m\u00e9dicaments : un antid\u00e9presseur et anxiolytique que je ne pourrais pas arr\u00eater comme \u00e7a. J&rsquo;en ai parl\u00e9 \u00e0 mon medecin traitant qui ne m&rsquo;a pas decourag\u00e9e mais m&rsquo;a dit qu&rsquo;il faudrait juste changer de traitement. J&rsquo;ai rendez-vous dans quelques jours avec un\" \/>\n<meta property=\"og:url\" content=\"https:\/\/www.neufmois.fr\/les-confessions\/desir-denfant-mais-peur-a-cause-de-mon-traitement-de-la-depression\" \/>\n<meta property=\"og:site_name\" content=\"Les confessions\" \/>\n<meta property=\"article:published_time\" content=\"2010-11-19T19:26:00+00:00\" \/>\n<meta name=\"author\" content=\"maman anonyme\" \/>\n<meta name=\"twitter:card\" content=\"summary_large_image\" \/>\n<meta name=\"twitter:label1\" content=\"\u00c9crit par\" \/>\n\t<meta name=\"twitter:data1\" content=\"maman anonyme\" \/>\n\t<meta name=\"twitter:label2\" content=\"Dur\u00e9e de lecture estim\u00e9e\" \/>\n\t<meta name=\"twitter:data2\" content=\"1 minute\" \/>\n<script type=\"application\/ld+json\" class=\"yoast-schema-graph\">{\"@context\":\"https:\/\/schema.org\",\"@graph\":[{\"@type\":\"WebPage\",\"@id\":\"https:\/\/www.neufmois.fr\/les-confessions\/desir-denfant-mais-peur-a-cause-de-mon-traitement-de-la-depression\",\"url\":\"https:\/\/www.neufmois.fr\/les-confessions\/desir-denfant-mais-peur-a-cause-de-mon-traitement-de-la-depression\",\"name\":\"D\u00e9sir d'enfant mais peur \u00e0 cause de mon traitement de la d\u00e9pression - Les confessions\",\"isPartOf\":{\"@id\":\"https:\/\/www.neufmois.fr\/les-confessions\/#website\"},\"datePublished\":\"2010-11-19T19:26:00+00:00\",\"dateModified\":\"2010-11-19T19:26:00+00:00\",\"author\":{\"@id\":\"https:\/\/www.neufmois.fr\/les-confessions\/#\/schema\/person\/893fe127c653ae6741f53a67962f8b5d\"},\"breadcrumb\":{\"@id\":\"https:\/\/www.neufmois.fr\/les-confessions\/desir-denfant-mais-peur-a-cause-de-mon-traitement-de-la-depression#breadcrumb\"},\"inLanguage\":\"fr-FR\",\"potentialAction\":[{\"@type\":\"ReadAction\",\"target\":[\"https:\/\/www.neufmois.fr\/les-confessions\/desir-denfant-mais-peur-a-cause-de-mon-traitement-de-la-depression\"]}]},{\"@type\":\"BreadcrumbList\",\"@id\":\"https:\/\/www.neufmois.fr\/les-confessions\/desir-denfant-mais-peur-a-cause-de-mon-traitement-de-la-depression#breadcrumb\",\"itemListElement\":[{\"@type\":\"ListItem\",\"position\":1,\"name\":\"Accueil\",\"item\":\"https:\/\/www.neufmois.fr\/les-confessions\/\"},{\"@type\":\"ListItem\",\"position\":2,\"name\":\"D\u00e9sir d&rsquo;enfant mais peur \u00e0 cause de mon traitement de la d\u00e9pression\"}]},{\"@type\":\"WebSite\",\"@id\":\"https:\/\/www.neufmois.fr\/les-confessions\/#website\",\"url\":\"https:\/\/www.neufmois.fr\/les-confessions\/\",\"name\":\"Les confessions\",\"description\":\" Les confessions\",\"potentialAction\":[{\"@type\":\"SearchAction\",\"target\":{\"@type\":\"EntryPoint\",\"urlTemplate\":\"https:\/\/www.neufmois.fr\/les-confessions\/?s={search_term_string}\"},\"query-input\":\"required name=search_term_string\"}],\"inLanguage\":\"fr-FR\"},{\"@type\":\"Person\",\"@id\":\"https:\/\/www.neufmois.fr\/les-confessions\/#\/schema\/person\/893fe127c653ae6741f53a67962f8b5d\",\"name\":\"maman anonyme\",\"image\":{\"@type\":\"ImageObject\",\"inLanguage\":\"fr-FR\",\"@id\":\"https:\/\/www.neufmois.fr\/les-confessions\/#\/schema\/person\/image\/\",\"url\":\"https:\/\/secure.gravatar.com\/avatar\/e4b3abeefeb17983433f333a4c54f394?s=96&d=mm&r=g\",\"contentUrl\":\"https:\/\/secure.gravatar.com\/avatar\/e4b3abeefeb17983433f333a4c54f394?s=96&d=mm&r=g\",\"caption\":\"maman anonyme\"},\"url\":\"https:\/\/www.neufmois.fr\/les-confessions\/author\/anonyme\"}]}<\/script>\n<!-- \/ Yoast SEO plugin. -->","yoast_head_json":{"title":"D\u00e9sir d'enfant mais peur \u00e0 cause de mon traitement de la d\u00e9pression - Les confessions","robots":{"index":"index","follow":"follow","max-snippet":"max-snippet:-1","max-image-preview":"max-image-preview:large","max-video-preview":"max-video-preview:-1"},"canonical":"https:\/\/www.neufmois.fr\/les-confessions\/desir-denfant-mais-peur-a-cause-de-mon-traitement-de-la-depression","og_locale":"fr_FR","og_type":"article","og_title":"D\u00e9sir d'enfant mais peur \u00e0 cause de mon traitement de la d\u00e9pression - Les confessions","og_description":"Bonjour \u00e0 toutes. Je me pr\u00e9sente, j&rsquo;ai 38 ans et je suis en couple depuis 3 ans. Mon compagnon et moi desirons plus que tout avoir un enfant. Tout serait parfait mais j&rsquo;ai tr\u00e8s peur car je suis suivie pour une d\u00e9pression chronique et \u00e9videmment, je prends des m\u00e9dicaments : un antid\u00e9presseur et anxiolytique que je ne pourrais pas arr\u00eater comme \u00e7a. J&rsquo;en ai parl\u00e9 \u00e0 mon medecin traitant qui ne m&rsquo;a pas decourag\u00e9e mais m&rsquo;a dit qu&rsquo;il faudrait juste changer de traitement. J&rsquo;ai rendez-vous dans quelques jours avec un","og_url":"https:\/\/www.neufmois.fr\/les-confessions\/desir-denfant-mais-peur-a-cause-de-mon-traitement-de-la-depression","og_site_name":"Les confessions","article_published_time":"2010-11-19T19:26:00+00:00","author":"maman anonyme","twitter_card":"summary_large_image","twitter_misc":{"\u00c9crit par":"maman anonyme","Dur\u00e9e de lecture estim\u00e9e":"1 minute"},"schema":{"@context":"https:\/\/schema.org","@graph":[{"@type":"WebPage","@id":"https:\/\/www.neufmois.fr\/les-confessions\/desir-denfant-mais-peur-a-cause-de-mon-traitement-de-la-depression","url":"https:\/\/www.neufmois.fr\/les-confessions\/desir-denfant-mais-peur-a-cause-de-mon-traitement-de-la-depression","name":"D\u00e9sir d'enfant mais peur \u00e0 cause de mon traitement de la d\u00e9pression - Les confessions","isPartOf":{"@id":"https:\/\/www.neufmois.fr\/les-confessions\/#website"},"datePublished":"2010-11-19T19:26:00+00:00","dateModified":"2010-11-19T19:26:00+00:00","author":{"@id":"https:\/\/www.neufmois.fr\/les-confessions\/#\/schema\/person\/893fe127c653ae6741f53a67962f8b5d"},"breadcrumb":{"@id":"https:\/\/www.neufmois.fr\/les-confessions\/desir-denfant-mais-peur-a-cause-de-mon-traitement-de-la-depression#breadcrumb"},"inLanguage":"fr-FR","potentialAction":[{"@type":"ReadAction","target":["https:\/\/www.neufmois.fr\/les-confessions\/desir-denfant-mais-peur-a-cause-de-mon-traitement-de-la-depression"]}]},{"@type":"BreadcrumbList","@id":"https:\/\/www.neufmois.fr\/les-confessions\/desir-denfant-mais-peur-a-cause-de-mon-traitement-de-la-depression#breadcrumb","itemListElement":[{"@type":"ListItem","position":1,"name":"Accueil","item":"https:\/\/www.neufmois.fr\/les-confessions\/"},{"@type":"ListItem","position":2,"name":"D\u00e9sir d&rsquo;enfant mais peur \u00e0 cause de mon traitement de la d\u00e9pression"}]},{"@type":"WebSite","@id":"https:\/\/www.neufmois.fr\/les-confessions\/#website","url":"https:\/\/www.neufmois.fr\/les-confessions\/","name":"Les confessions","description":" Les confessions","potentialAction":[{"@type":"SearchAction","target":{"@type":"EntryPoint","urlTemplate":"https:\/\/www.neufmois.fr\/les-confessions\/?s={search_term_string}"},"query-input":"required name=search_term_string"}],"inLanguage":"fr-FR"},{"@type":"Person","@id":"https:\/\/www.neufmois.fr\/les-confessions\/#\/schema\/person\/893fe127c653ae6741f53a67962f8b5d","name":"maman anonyme","image":{"@type":"ImageObject","inLanguage":"fr-FR","@id":"https:\/\/www.neufmois.fr\/les-confessions\/#\/schema\/person\/image\/","url":"https:\/\/secure.gravatar.com\/avatar\/e4b3abeefeb17983433f333a4c54f394?s=96&d=mm&r=g","contentUrl":"https:\/\/secure.gravatar.com\/avatar\/e4b3abeefeb17983433f333a4c54f394?s=96&d=mm&r=g","caption":"maman anonyme"},"url":"https:\/\/www.neufmois.fr\/les-confessions\/author\/anonyme"}]}},"amp_enabled":true,"_links":{"self":[{"href":"https:\/\/www.neufmois.fr\/les-confessions\/wp-json\/wp\/v2\/posts\/411"}],"collection":[{"href":"https:\/\/www.neufmois.fr\/les-confessions\/wp-json\/wp\/v2\/posts"}],"about":[{"href":"https:\/\/www.neufmois.fr\/les-confessions\/wp-json\/wp\/v2\/types\/post"}],"author":[{"embeddable":true,"href":"https:\/\/www.neufmois.fr\/les-confessions\/wp-json\/wp\/v2\/users\/461446"}],"replies":[{"embeddable":true,"href":"https:\/\/www.neufmois.fr\/les-confessions\/wp-json\/wp\/v2\/comments?post=411"}],"version-history":[{"count":0,"href":"https:\/\/www.neufmois.fr\/les-confessions\/wp-json\/wp\/v2\/posts\/411\/revisions"}],"wp:attachment":[{"href":"https:\/\/www.neufmois.fr\/les-confessions\/wp-json\/wp\/v2\/media?parent=411"}],"wp:term":[{"taxonomy":"category","embeddable":true,"href":"https:\/\/www.neufmois.fr\/les-confessions\/wp-json\/wp\/v2\/categories?post=411"},{"taxonomy":"post_tag","embeddable":true,"href":"https:\/\/www.neufmois.fr\/les-confessions\/wp-json\/wp\/v2\/tags?post=411"}],"curies":[{"name":"wp","href":"https:\/\/api.w.org\/{rel}","templated":true}]}}