{"id":408,"date":"2010-11-26T21:21:00","date_gmt":"2010-11-26T21:21:00","guid":{"rendered":"https:\/\/www.neufmois.fr\/les-confessions\/?p=408"},"modified":"2010-11-26T21:21:00","modified_gmt":"2010-11-26T21:21:00","slug":"du-courage-pour-loperation-de-mon-bebe","status":"publish","type":"post","link":"https:\/\/www.neufmois.fr\/les-confessions\/du-courage-pour-loperation-de-mon-bebe","title":{"rendered":"Du courage pour l&rsquo;op\u00e9ration de mon b\u00e9b\u00e9"},"content":{"rendered":"<p>Mon petit gar\u00e7on de bient\u00f4t 3 mois (le 03 d\u00e9cembre) va se faire op\u00e9rer du rein gauche le 9 d\u00e9cembre. Il a une st\u00e9nose de l&rsquo;urth\u00e8re et des kystes \u00e0 son rein droit. C&rsquo;est mon premier b\u00e9b\u00e9. J&rsquo;ai v\u00e9cu une super grossesse jusqu&rsquo;\u00e0 ce que mon gyn\u00e9co me dise qu&rsquo;il y a un probl\u00e8me. A 6 mois de grossesse, j&rsquo;ai fait une amniocent\u00e8se car il pensait que mon petit gar\u00e7on avait un probl\u00e8me au niveau de l&rsquo;estomac. Que d&rsquo;angoisse et par chance (si on peut dire \u00e7a comme \u00e7a), c&rsquo;est au niveau des reins. Depuis sa naissance, notre petit bonhomme a subi IRM, scistographie, scintigraphie et \u00e9chographies. Je le trouve tr\u00e8s courageux pour un petit b\u00e9b\u00e9 car \u00e0 chaque examen il n&rsquo;a pas pleur\u00e9. Par contre, les jours suivants, il ne me quitte pas d&rsquo;une semelle ! Mon mari travaille beaucoup et c&rsquo;est seule que j&rsquo;ai d\u00fb encaisser les nouvelles (estomac, amniocent\u00e8se, scintigraphie et op\u00e9ration). Heureusement que mes parents sont l\u00e0 pour me soutenir. Quelque part j&rsquo;en veux \u00e0 mon mari et d&rsquo;un autre c\u00f4t\u00e9 je me dis qu&rsquo;il se cache dans son travail pour se prot\u00e9ger, pour ne pas me montrer sa peine. Devant moi il est fort, me dit que tout ira bien, que notre petit bout va passer au service apr\u00e8s vente r\u00e9apparition. Cela me fait sourire mais au fond j&rsquo;angoisse. M\u00eame si le chirurgien me dit que c&rsquo;est banal comme intervention, j&rsquo;ai peur pour mon b\u00e9b\u00e9 d&rsquo;amour. J&rsquo;angoisse \u00e0 l&rsquo;id\u00e9e de le perdre. Je ne le montre pas, je joue \u00e0 la forte pour ne pas m&rsquo;\u00e9ffondrer. Il faut \u00eatre fort pour notre petit chou. Depuis le 6\u00e8me mois de ma grossesse, je me sens mal et responsable de sa malformation m\u00eame si on me r\u00e9p\u00e8te que c&rsquo;est la faute \u00e0 personne. Si on peut appeler cela de la chance d&rsquo;avoir un b\u00e9b\u00e9 en pleine forme et bien form\u00e9. Je me sens seule et triste m\u00eame si j&rsquo;ai du soutien mais ce que je ressens au fond de moi est ? Mon mari ne me dit pas ce qu&rsquo;il ressent au fond de lui ni m\u00eame ce qu&rsquo;il a sur le coeur. J&rsquo;essaie de le faire parler mais il reste sto\u00efque avec ses \u00ab\u00a0\u00e7a va aller\u00a0\u00bb. Mais tout ira bien ?<\/p>\n","protected":false},"excerpt":{"rendered":"<p>Mon petit gar\u00e7on de bient\u00f4t 3 mois (le 03 d\u00e9cembre) va se faire op\u00e9rer du rein gauche le 9 d\u00e9cembre. Il a une st\u00e9nose de l&rsquo;urth\u00e8re et des kystes \u00e0 son rein droit. C&rsquo;est mon premier b\u00e9b\u00e9. J&rsquo;ai v\u00e9cu une super grossesse jusqu&rsquo;\u00e0 ce que mon gyn\u00e9co me dise qu&rsquo;il y a un probl\u00e8me. A 6 mois de grossesse, j&rsquo;ai fait une amniocent\u00e8se car il pensait que mon petit gar\u00e7on avait un probl\u00e8me au niveau de l&rsquo;estomac. Que d&rsquo;angoisse et par chance (si on peut dire \u00e7a comme \u00e7a), c&rsquo;est<\/p>\n","protected":false},"author":461446,"featured_media":0,"comment_status":"open","ping_status":"open","sticky":false,"template":"","format":"standard","meta":[],"categories":[1],"tags":[],"yoast_head":"<!-- This site is optimized with the Yoast SEO plugin v20.4 - https:\/\/yoast.com\/wordpress\/plugins\/seo\/ -->\n<title>Du courage pour l&#039;op\u00e9ration de mon b\u00e9b\u00e9 - Les confessions<\/title>\n<meta name=\"robots\" content=\"index, follow, max-snippet:-1, max-image-preview:large, max-video-preview:-1\" \/>\n<link rel=\"canonical\" href=\"https:\/\/www.neufmois.fr\/les-confessions\/du-courage-pour-loperation-de-mon-bebe\" \/>\n<meta property=\"og:locale\" content=\"fr_FR\" \/>\n<meta property=\"og:type\" content=\"article\" \/>\n<meta property=\"og:title\" content=\"Du courage pour l&#039;op\u00e9ration de mon b\u00e9b\u00e9 - Les confessions\" \/>\n<meta property=\"og:description\" content=\"Mon petit gar\u00e7on de bient\u00f4t 3 mois (le 03 d\u00e9cembre) va se faire op\u00e9rer du rein gauche le 9 d\u00e9cembre. Il a une st\u00e9nose de l&rsquo;urth\u00e8re et des kystes \u00e0 son rein droit. C&rsquo;est mon premier b\u00e9b\u00e9. J&rsquo;ai v\u00e9cu une super grossesse jusqu&rsquo;\u00e0 ce que mon gyn\u00e9co me dise qu&rsquo;il y a un probl\u00e8me. A 6 mois de grossesse, j&rsquo;ai fait une amniocent\u00e8se car il pensait que mon petit gar\u00e7on avait un probl\u00e8me au niveau de l&rsquo;estomac. Que d&rsquo;angoisse et par chance (si on peut dire \u00e7a comme \u00e7a), c&rsquo;est\" \/>\n<meta property=\"og:url\" content=\"https:\/\/www.neufmois.fr\/les-confessions\/du-courage-pour-loperation-de-mon-bebe\" \/>\n<meta property=\"og:site_name\" content=\"Les confessions\" \/>\n<meta property=\"article:published_time\" content=\"2010-11-26T21:21:00+00:00\" \/>\n<meta name=\"author\" content=\"maman anonyme\" \/>\n<meta name=\"twitter:card\" content=\"summary_large_image\" \/>\n<meta name=\"twitter:label1\" content=\"\u00c9crit par\" \/>\n\t<meta name=\"twitter:data1\" content=\"maman anonyme\" \/>\n\t<meta name=\"twitter:label2\" content=\"Dur\u00e9e de lecture estim\u00e9e\" \/>\n\t<meta name=\"twitter:data2\" content=\"2 minutes\" \/>\n<script type=\"application\/ld+json\" class=\"yoast-schema-graph\">{\"@context\":\"https:\/\/schema.org\",\"@graph\":[{\"@type\":\"WebPage\",\"@id\":\"https:\/\/www.neufmois.fr\/les-confessions\/du-courage-pour-loperation-de-mon-bebe\",\"url\":\"https:\/\/www.neufmois.fr\/les-confessions\/du-courage-pour-loperation-de-mon-bebe\",\"name\":\"Du courage pour l'op\u00e9ration de mon b\u00e9b\u00e9 - Les confessions\",\"isPartOf\":{\"@id\":\"https:\/\/www.neufmois.fr\/les-confessions\/#website\"},\"datePublished\":\"2010-11-26T21:21:00+00:00\",\"dateModified\":\"2010-11-26T21:21:00+00:00\",\"author\":{\"@id\":\"https:\/\/www.neufmois.fr\/les-confessions\/#\/schema\/person\/893fe127c653ae6741f53a67962f8b5d\"},\"breadcrumb\":{\"@id\":\"https:\/\/www.neufmois.fr\/les-confessions\/du-courage-pour-loperation-de-mon-bebe#breadcrumb\"},\"inLanguage\":\"fr-FR\",\"potentialAction\":[{\"@type\":\"ReadAction\",\"target\":[\"https:\/\/www.neufmois.fr\/les-confessions\/du-courage-pour-loperation-de-mon-bebe\"]}]},{\"@type\":\"BreadcrumbList\",\"@id\":\"https:\/\/www.neufmois.fr\/les-confessions\/du-courage-pour-loperation-de-mon-bebe#breadcrumb\",\"itemListElement\":[{\"@type\":\"ListItem\",\"position\":1,\"name\":\"Accueil\",\"item\":\"https:\/\/www.neufmois.fr\/les-confessions\/\"},{\"@type\":\"ListItem\",\"position\":2,\"name\":\"Du courage pour l&rsquo;op\u00e9ration de mon b\u00e9b\u00e9\"}]},{\"@type\":\"WebSite\",\"@id\":\"https:\/\/www.neufmois.fr\/les-confessions\/#website\",\"url\":\"https:\/\/www.neufmois.fr\/les-confessions\/\",\"name\":\"Les confessions\",\"description\":\" Les confessions\",\"potentialAction\":[{\"@type\":\"SearchAction\",\"target\":{\"@type\":\"EntryPoint\",\"urlTemplate\":\"https:\/\/www.neufmois.fr\/les-confessions\/?s={search_term_string}\"},\"query-input\":\"required name=search_term_string\"}],\"inLanguage\":\"fr-FR\"},{\"@type\":\"Person\",\"@id\":\"https:\/\/www.neufmois.fr\/les-confessions\/#\/schema\/person\/893fe127c653ae6741f53a67962f8b5d\",\"name\":\"maman anonyme\",\"image\":{\"@type\":\"ImageObject\",\"inLanguage\":\"fr-FR\",\"@id\":\"https:\/\/www.neufmois.fr\/les-confessions\/#\/schema\/person\/image\/\",\"url\":\"https:\/\/secure.gravatar.com\/avatar\/e4b3abeefeb17983433f333a4c54f394?s=96&d=mm&r=g\",\"contentUrl\":\"https:\/\/secure.gravatar.com\/avatar\/e4b3abeefeb17983433f333a4c54f394?s=96&d=mm&r=g\",\"caption\":\"maman anonyme\"},\"url\":\"https:\/\/www.neufmois.fr\/les-confessions\/author\/anonyme\"}]}<\/script>\n<!-- \/ Yoast SEO plugin. -->","yoast_head_json":{"title":"Du courage pour l'op\u00e9ration de mon b\u00e9b\u00e9 - Les confessions","robots":{"index":"index","follow":"follow","max-snippet":"max-snippet:-1","max-image-preview":"max-image-preview:large","max-video-preview":"max-video-preview:-1"},"canonical":"https:\/\/www.neufmois.fr\/les-confessions\/du-courage-pour-loperation-de-mon-bebe","og_locale":"fr_FR","og_type":"article","og_title":"Du courage pour l'op\u00e9ration de mon b\u00e9b\u00e9 - Les confessions","og_description":"Mon petit gar\u00e7on de bient\u00f4t 3 mois (le 03 d\u00e9cembre) va se faire op\u00e9rer du rein gauche le 9 d\u00e9cembre. Il a une st\u00e9nose de l&rsquo;urth\u00e8re et des kystes \u00e0 son rein droit. C&rsquo;est mon premier b\u00e9b\u00e9. J&rsquo;ai v\u00e9cu une super grossesse jusqu&rsquo;\u00e0 ce que mon gyn\u00e9co me dise qu&rsquo;il y a un probl\u00e8me. A 6 mois de grossesse, j&rsquo;ai fait une amniocent\u00e8se car il pensait que mon petit gar\u00e7on avait un probl\u00e8me au niveau de l&rsquo;estomac. Que d&rsquo;angoisse et par chance (si on peut dire \u00e7a comme \u00e7a), c&rsquo;est","og_url":"https:\/\/www.neufmois.fr\/les-confessions\/du-courage-pour-loperation-de-mon-bebe","og_site_name":"Les confessions","article_published_time":"2010-11-26T21:21:00+00:00","author":"maman anonyme","twitter_card":"summary_large_image","twitter_misc":{"\u00c9crit par":"maman anonyme","Dur\u00e9e de lecture estim\u00e9e":"2 minutes"},"schema":{"@context":"https:\/\/schema.org","@graph":[{"@type":"WebPage","@id":"https:\/\/www.neufmois.fr\/les-confessions\/du-courage-pour-loperation-de-mon-bebe","url":"https:\/\/www.neufmois.fr\/les-confessions\/du-courage-pour-loperation-de-mon-bebe","name":"Du courage pour l'op\u00e9ration de mon b\u00e9b\u00e9 - Les confessions","isPartOf":{"@id":"https:\/\/www.neufmois.fr\/les-confessions\/#website"},"datePublished":"2010-11-26T21:21:00+00:00","dateModified":"2010-11-26T21:21:00+00:00","author":{"@id":"https:\/\/www.neufmois.fr\/les-confessions\/#\/schema\/person\/893fe127c653ae6741f53a67962f8b5d"},"breadcrumb":{"@id":"https:\/\/www.neufmois.fr\/les-confessions\/du-courage-pour-loperation-de-mon-bebe#breadcrumb"},"inLanguage":"fr-FR","potentialAction":[{"@type":"ReadAction","target":["https:\/\/www.neufmois.fr\/les-confessions\/du-courage-pour-loperation-de-mon-bebe"]}]},{"@type":"BreadcrumbList","@id":"https:\/\/www.neufmois.fr\/les-confessions\/du-courage-pour-loperation-de-mon-bebe#breadcrumb","itemListElement":[{"@type":"ListItem","position":1,"name":"Accueil","item":"https:\/\/www.neufmois.fr\/les-confessions\/"},{"@type":"ListItem","position":2,"name":"Du courage pour l&rsquo;op\u00e9ration de mon b\u00e9b\u00e9"}]},{"@type":"WebSite","@id":"https:\/\/www.neufmois.fr\/les-confessions\/#website","url":"https:\/\/www.neufmois.fr\/les-confessions\/","name":"Les confessions","description":" Les confessions","potentialAction":[{"@type":"SearchAction","target":{"@type":"EntryPoint","urlTemplate":"https:\/\/www.neufmois.fr\/les-confessions\/?s={search_term_string}"},"query-input":"required name=search_term_string"}],"inLanguage":"fr-FR"},{"@type":"Person","@id":"https:\/\/www.neufmois.fr\/les-confessions\/#\/schema\/person\/893fe127c653ae6741f53a67962f8b5d","name":"maman anonyme","image":{"@type":"ImageObject","inLanguage":"fr-FR","@id":"https:\/\/www.neufmois.fr\/les-confessions\/#\/schema\/person\/image\/","url":"https:\/\/secure.gravatar.com\/avatar\/e4b3abeefeb17983433f333a4c54f394?s=96&d=mm&r=g","contentUrl":"https:\/\/secure.gravatar.com\/avatar\/e4b3abeefeb17983433f333a4c54f394?s=96&d=mm&r=g","caption":"maman anonyme"},"url":"https:\/\/www.neufmois.fr\/les-confessions\/author\/anonyme"}]}},"amp_enabled":true,"_links":{"self":[{"href":"https:\/\/www.neufmois.fr\/les-confessions\/wp-json\/wp\/v2\/posts\/408"}],"collection":[{"href":"https:\/\/www.neufmois.fr\/les-confessions\/wp-json\/wp\/v2\/posts"}],"about":[{"href":"https:\/\/www.neufmois.fr\/les-confessions\/wp-json\/wp\/v2\/types\/post"}],"author":[{"embeddable":true,"href":"https:\/\/www.neufmois.fr\/les-confessions\/wp-json\/wp\/v2\/users\/461446"}],"replies":[{"embeddable":true,"href":"https:\/\/www.neufmois.fr\/les-confessions\/wp-json\/wp\/v2\/comments?post=408"}],"version-history":[{"count":0,"href":"https:\/\/www.neufmois.fr\/les-confessions\/wp-json\/wp\/v2\/posts\/408\/revisions"}],"wp:attachment":[{"href":"https:\/\/www.neufmois.fr\/les-confessions\/wp-json\/wp\/v2\/media?parent=408"}],"wp:term":[{"taxonomy":"category","embeddable":true,"href":"https:\/\/www.neufmois.fr\/les-confessions\/wp-json\/wp\/v2\/categories?post=408"},{"taxonomy":"post_tag","embeddable":true,"href":"https:\/\/www.neufmois.fr\/les-confessions\/wp-json\/wp\/v2\/tags?post=408"}],"curies":[{"name":"wp","href":"https:\/\/api.w.org\/{rel}","templated":true}]}}