{"id":404,"date":"2010-12-03T11:15:00","date_gmt":"2010-12-03T11:15:00","guid":{"rendered":"https:\/\/www.neufmois.fr\/les-confessions\/?p=404"},"modified":"2010-12-03T11:15:00","modified_gmt":"2010-12-03T11:15:00","slug":"le-menage-le-bebe-la-vie-dur-dur","status":"publish","type":"post","link":"https:\/\/www.neufmois.fr\/les-confessions\/le-menage-le-bebe-la-vie-dur-dur","title":{"rendered":"Le m\u00e9nage, le b\u00e9b\u00e9, la vie&#8230; dur dur !"},"content":{"rendered":"<p>Bonjour. Une nouvelle fois je viens vers vous pour avoir des avis. En ce moment, je vis une passe tr\u00e8s difficile, \u00e0 savoir que ma fille commence ses dents (3 mois) et que ma grand-m\u00e8re, qui m&rsquo;a \u00e9lev\u00e9e, est tr\u00e8s tr\u00e8s malade et est \u00e0 l&rsquo;h\u00f4pital. On ne sait m\u00eame pas si elle va r\u00e9ellement s&rsquo;en sortir vu son \u00e2ge. Tous les apr\u00e8s-midi ou presque, je vais la voir. Sauf que les aller-retour \u00e0 l&rsquo;hosto, \u00e7a fait 90 kilom\u00e8tres environ, c&rsquo;est fatiguant. Ma maison, je l&rsquo;avoue, je la n\u00e9glige totalement. Et quand je dis je la n\u00e9glige, c&rsquo;est pire que \u00e7a encore. Hier, je me suis presque engueul\u00e9e avec ma belle-m\u00e8re qui m&rsquo;a carr\u00e9ment dit que ce n&rsquo;\u00e9tait pas \u00e0 mon compagnon de faire le m\u00e9nage, mais \u00e0 moi. Or, je dors tr\u00e8s peu la nuit, ma fille fait ses nuits oui, mais je n&rsquo;arrive pas \u00e0 m&rsquo;endormir avant 6h du matin, et je me r\u00e9veille vers 9 ou 10h. Et \u00e9videmment, je m&rsquo;occupe de la petite. Je n&rsquo;ai aucune envie, quand je me l\u00e8ve, de m&rsquo;occuper du m\u00e9nage. J&rsquo;en ai assez, je me sens diminu\u00e9e parce que c&rsquo;est elle qui me fait mon m\u00e9nage, et m&rsquo;a clairement dit que je devrais l&rsquo;aider. Oui, certes. Mais je sais pas ce que j&rsquo;ai, j&rsquo;ai envie de rien. Ca me d\u00e9prime de savoir ma grand-m\u00e8re dans cet \u00e9tat, \u00e7a me d\u00e9prime de ne rien faire, et surtout, qu&rsquo;on me compare quasi \u00e0 une bonne \u00e0 rien, parce que ma maison ressemble \u00e0 rien. Alors que je ne m&rsquo;occupe que de ma fille. J&rsquo;ai perdu 3 kg dans cette histoire. Je ne dors pas, je ne mange pas et je n&rsquo;allaite plus de toute fa\u00e7on car plus de lait. Je n&rsquo;en peux plus. Je sais que j&rsquo;ai des tords, ne pas aider ma belle-m\u00e8re par exemple, mais&#8230; J&rsquo;ai vraiment autre chose en t\u00eate. Y a t-il des mamans qui ont \u00e9t\u00e9 dans mon cas ? Je parle du m\u00e9nage non fait. Merci.<\/p>\n","protected":false},"excerpt":{"rendered":"<p>Bonjour. Une nouvelle fois je viens vers vous pour avoir des avis. En ce moment, je vis une passe tr\u00e8s difficile, \u00e0 savoir que ma fille commence ses dents (3 mois) et que ma grand-m\u00e8re, qui m&rsquo;a \u00e9lev\u00e9e, est tr\u00e8s tr\u00e8s malade et est \u00e0 l&rsquo;h\u00f4pital. On ne sait m\u00eame pas si elle va r\u00e9ellement s&rsquo;en sortir vu son \u00e2ge. Tous les apr\u00e8s-midi ou presque, je vais la voir. Sauf que les aller-retour \u00e0 l&rsquo;hosto, \u00e7a fait 90 kilom\u00e8tres environ, c&rsquo;est fatiguant. Ma maison, je l&rsquo;avoue, je la n\u00e9glige totalement.<\/p>\n","protected":false},"author":461446,"featured_media":0,"comment_status":"open","ping_status":"open","sticky":false,"template":"","format":"standard","meta":[],"categories":[1],"tags":[],"yoast_head":"<!-- This site is optimized with the Yoast SEO plugin v20.4 - https:\/\/yoast.com\/wordpress\/plugins\/seo\/ -->\n<title>Le m\u00e9nage, le b\u00e9b\u00e9, la vie... dur dur ! - Les confessions<\/title>\n<meta name=\"robots\" content=\"index, follow, max-snippet:-1, max-image-preview:large, max-video-preview:-1\" \/>\n<link rel=\"canonical\" href=\"https:\/\/www.neufmois.fr\/les-confessions\/le-menage-le-bebe-la-vie-dur-dur\" \/>\n<meta property=\"og:locale\" content=\"fr_FR\" \/>\n<meta property=\"og:type\" content=\"article\" \/>\n<meta property=\"og:title\" content=\"Le m\u00e9nage, le b\u00e9b\u00e9, la vie... dur dur ! - Les confessions\" \/>\n<meta property=\"og:description\" content=\"Bonjour. Une nouvelle fois je viens vers vous pour avoir des avis. En ce moment, je vis une passe tr\u00e8s difficile, \u00e0 savoir que ma fille commence ses dents (3 mois) et que ma grand-m\u00e8re, qui m&rsquo;a \u00e9lev\u00e9e, est tr\u00e8s tr\u00e8s malade et est \u00e0 l&rsquo;h\u00f4pital. On ne sait m\u00eame pas si elle va r\u00e9ellement s&rsquo;en sortir vu son \u00e2ge. Tous les apr\u00e8s-midi ou presque, je vais la voir. Sauf que les aller-retour \u00e0 l&rsquo;hosto, \u00e7a fait 90 kilom\u00e8tres environ, c&rsquo;est fatiguant. Ma maison, je l&rsquo;avoue, je la n\u00e9glige totalement.\" \/>\n<meta property=\"og:url\" content=\"https:\/\/www.neufmois.fr\/les-confessions\/le-menage-le-bebe-la-vie-dur-dur\" \/>\n<meta property=\"og:site_name\" content=\"Les confessions\" \/>\n<meta property=\"article:published_time\" content=\"2010-12-03T11:15:00+00:00\" \/>\n<meta name=\"author\" content=\"maman anonyme\" \/>\n<meta name=\"twitter:card\" content=\"summary_large_image\" \/>\n<meta name=\"twitter:label1\" content=\"\u00c9crit par\" \/>\n\t<meta name=\"twitter:data1\" content=\"maman anonyme\" \/>\n\t<meta name=\"twitter:label2\" content=\"Dur\u00e9e de lecture estim\u00e9e\" \/>\n\t<meta name=\"twitter:data2\" content=\"2 minutes\" \/>\n<script type=\"application\/ld+json\" class=\"yoast-schema-graph\">{\"@context\":\"https:\/\/schema.org\",\"@graph\":[{\"@type\":\"WebPage\",\"@id\":\"https:\/\/www.neufmois.fr\/les-confessions\/le-menage-le-bebe-la-vie-dur-dur\",\"url\":\"https:\/\/www.neufmois.fr\/les-confessions\/le-menage-le-bebe-la-vie-dur-dur\",\"name\":\"Le m\u00e9nage, le b\u00e9b\u00e9, la vie... dur dur ! - Les confessions\",\"isPartOf\":{\"@id\":\"https:\/\/www.neufmois.fr\/les-confessions\/#website\"},\"datePublished\":\"2010-12-03T11:15:00+00:00\",\"dateModified\":\"2010-12-03T11:15:00+00:00\",\"author\":{\"@id\":\"https:\/\/www.neufmois.fr\/les-confessions\/#\/schema\/person\/893fe127c653ae6741f53a67962f8b5d\"},\"breadcrumb\":{\"@id\":\"https:\/\/www.neufmois.fr\/les-confessions\/le-menage-le-bebe-la-vie-dur-dur#breadcrumb\"},\"inLanguage\":\"fr-FR\",\"potentialAction\":[{\"@type\":\"ReadAction\",\"target\":[\"https:\/\/www.neufmois.fr\/les-confessions\/le-menage-le-bebe-la-vie-dur-dur\"]}]},{\"@type\":\"BreadcrumbList\",\"@id\":\"https:\/\/www.neufmois.fr\/les-confessions\/le-menage-le-bebe-la-vie-dur-dur#breadcrumb\",\"itemListElement\":[{\"@type\":\"ListItem\",\"position\":1,\"name\":\"Accueil\",\"item\":\"https:\/\/www.neufmois.fr\/les-confessions\/\"},{\"@type\":\"ListItem\",\"position\":2,\"name\":\"Le m\u00e9nage, le b\u00e9b\u00e9, la vie&#8230; dur dur !\"}]},{\"@type\":\"WebSite\",\"@id\":\"https:\/\/www.neufmois.fr\/les-confessions\/#website\",\"url\":\"https:\/\/www.neufmois.fr\/les-confessions\/\",\"name\":\"Les confessions\",\"description\":\" Les confessions\",\"potentialAction\":[{\"@type\":\"SearchAction\",\"target\":{\"@type\":\"EntryPoint\",\"urlTemplate\":\"https:\/\/www.neufmois.fr\/les-confessions\/?s={search_term_string}\"},\"query-input\":\"required name=search_term_string\"}],\"inLanguage\":\"fr-FR\"},{\"@type\":\"Person\",\"@id\":\"https:\/\/www.neufmois.fr\/les-confessions\/#\/schema\/person\/893fe127c653ae6741f53a67962f8b5d\",\"name\":\"maman anonyme\",\"image\":{\"@type\":\"ImageObject\",\"inLanguage\":\"fr-FR\",\"@id\":\"https:\/\/www.neufmois.fr\/les-confessions\/#\/schema\/person\/image\/\",\"url\":\"https:\/\/secure.gravatar.com\/avatar\/e4b3abeefeb17983433f333a4c54f394?s=96&d=mm&r=g\",\"contentUrl\":\"https:\/\/secure.gravatar.com\/avatar\/e4b3abeefeb17983433f333a4c54f394?s=96&d=mm&r=g\",\"caption\":\"maman anonyme\"},\"url\":\"https:\/\/www.neufmois.fr\/les-confessions\/author\/anonyme\"}]}<\/script>\n<!-- \/ Yoast SEO plugin. -->","yoast_head_json":{"title":"Le m\u00e9nage, le b\u00e9b\u00e9, la vie... dur dur ! - Les confessions","robots":{"index":"index","follow":"follow","max-snippet":"max-snippet:-1","max-image-preview":"max-image-preview:large","max-video-preview":"max-video-preview:-1"},"canonical":"https:\/\/www.neufmois.fr\/les-confessions\/le-menage-le-bebe-la-vie-dur-dur","og_locale":"fr_FR","og_type":"article","og_title":"Le m\u00e9nage, le b\u00e9b\u00e9, la vie... dur dur ! - Les confessions","og_description":"Bonjour. Une nouvelle fois je viens vers vous pour avoir des avis. En ce moment, je vis une passe tr\u00e8s difficile, \u00e0 savoir que ma fille commence ses dents (3 mois) et que ma grand-m\u00e8re, qui m&rsquo;a \u00e9lev\u00e9e, est tr\u00e8s tr\u00e8s malade et est \u00e0 l&rsquo;h\u00f4pital. On ne sait m\u00eame pas si elle va r\u00e9ellement s&rsquo;en sortir vu son \u00e2ge. Tous les apr\u00e8s-midi ou presque, je vais la voir. Sauf que les aller-retour \u00e0 l&rsquo;hosto, \u00e7a fait 90 kilom\u00e8tres environ, c&rsquo;est fatiguant. Ma maison, je l&rsquo;avoue, je la n\u00e9glige totalement.","og_url":"https:\/\/www.neufmois.fr\/les-confessions\/le-menage-le-bebe-la-vie-dur-dur","og_site_name":"Les confessions","article_published_time":"2010-12-03T11:15:00+00:00","author":"maman anonyme","twitter_card":"summary_large_image","twitter_misc":{"\u00c9crit par":"maman anonyme","Dur\u00e9e de lecture estim\u00e9e":"2 minutes"},"schema":{"@context":"https:\/\/schema.org","@graph":[{"@type":"WebPage","@id":"https:\/\/www.neufmois.fr\/les-confessions\/le-menage-le-bebe-la-vie-dur-dur","url":"https:\/\/www.neufmois.fr\/les-confessions\/le-menage-le-bebe-la-vie-dur-dur","name":"Le m\u00e9nage, le b\u00e9b\u00e9, la vie... dur dur ! - Les confessions","isPartOf":{"@id":"https:\/\/www.neufmois.fr\/les-confessions\/#website"},"datePublished":"2010-12-03T11:15:00+00:00","dateModified":"2010-12-03T11:15:00+00:00","author":{"@id":"https:\/\/www.neufmois.fr\/les-confessions\/#\/schema\/person\/893fe127c653ae6741f53a67962f8b5d"},"breadcrumb":{"@id":"https:\/\/www.neufmois.fr\/les-confessions\/le-menage-le-bebe-la-vie-dur-dur#breadcrumb"},"inLanguage":"fr-FR","potentialAction":[{"@type":"ReadAction","target":["https:\/\/www.neufmois.fr\/les-confessions\/le-menage-le-bebe-la-vie-dur-dur"]}]},{"@type":"BreadcrumbList","@id":"https:\/\/www.neufmois.fr\/les-confessions\/le-menage-le-bebe-la-vie-dur-dur#breadcrumb","itemListElement":[{"@type":"ListItem","position":1,"name":"Accueil","item":"https:\/\/www.neufmois.fr\/les-confessions\/"},{"@type":"ListItem","position":2,"name":"Le m\u00e9nage, le b\u00e9b\u00e9, la vie&#8230; dur dur !"}]},{"@type":"WebSite","@id":"https:\/\/www.neufmois.fr\/les-confessions\/#website","url":"https:\/\/www.neufmois.fr\/les-confessions\/","name":"Les confessions","description":" Les confessions","potentialAction":[{"@type":"SearchAction","target":{"@type":"EntryPoint","urlTemplate":"https:\/\/www.neufmois.fr\/les-confessions\/?s={search_term_string}"},"query-input":"required name=search_term_string"}],"inLanguage":"fr-FR"},{"@type":"Person","@id":"https:\/\/www.neufmois.fr\/les-confessions\/#\/schema\/person\/893fe127c653ae6741f53a67962f8b5d","name":"maman anonyme","image":{"@type":"ImageObject","inLanguage":"fr-FR","@id":"https:\/\/www.neufmois.fr\/les-confessions\/#\/schema\/person\/image\/","url":"https:\/\/secure.gravatar.com\/avatar\/e4b3abeefeb17983433f333a4c54f394?s=96&d=mm&r=g","contentUrl":"https:\/\/secure.gravatar.com\/avatar\/e4b3abeefeb17983433f333a4c54f394?s=96&d=mm&r=g","caption":"maman anonyme"},"url":"https:\/\/www.neufmois.fr\/les-confessions\/author\/anonyme"}]}},"amp_enabled":true,"_links":{"self":[{"href":"https:\/\/www.neufmois.fr\/les-confessions\/wp-json\/wp\/v2\/posts\/404"}],"collection":[{"href":"https:\/\/www.neufmois.fr\/les-confessions\/wp-json\/wp\/v2\/posts"}],"about":[{"href":"https:\/\/www.neufmois.fr\/les-confessions\/wp-json\/wp\/v2\/types\/post"}],"author":[{"embeddable":true,"href":"https:\/\/www.neufmois.fr\/les-confessions\/wp-json\/wp\/v2\/users\/461446"}],"replies":[{"embeddable":true,"href":"https:\/\/www.neufmois.fr\/les-confessions\/wp-json\/wp\/v2\/comments?post=404"}],"version-history":[{"count":0,"href":"https:\/\/www.neufmois.fr\/les-confessions\/wp-json\/wp\/v2\/posts\/404\/revisions"}],"wp:attachment":[{"href":"https:\/\/www.neufmois.fr\/les-confessions\/wp-json\/wp\/v2\/media?parent=404"}],"wp:term":[{"taxonomy":"category","embeddable":true,"href":"https:\/\/www.neufmois.fr\/les-confessions\/wp-json\/wp\/v2\/categories?post=404"},{"taxonomy":"post_tag","embeddable":true,"href":"https:\/\/www.neufmois.fr\/les-confessions\/wp-json\/wp\/v2\/tags?post=404"}],"curies":[{"name":"wp","href":"https:\/\/api.w.org\/{rel}","templated":true}]}}