{"id":401,"date":"2010-12-10T10:29:00","date_gmt":"2010-12-10T10:29:00","guid":{"rendered":"https:\/\/www.neufmois.fr\/les-confessions\/?p=401"},"modified":"2010-12-10T10:29:00","modified_gmt":"2010-12-10T10:29:00","slug":"un-choix","status":"publish","type":"post","link":"https:\/\/www.neufmois.fr\/les-confessions\/un-choix","title":{"rendered":"Un choix"},"content":{"rendered":"<p>Nous sommes un couple avec deux enfants de 10 ans et 1 an. Le seul souci, c&rsquo;est que depuis que je me suis mari\u00e9e l&rsquo;ann\u00e9e derni\u00e8re, mon mari n&rsquo;arr\u00eate pas de me faire des remarques blessantes, \u00e0 me comparer toujours \u00e0 son ex. \u00c7a va des petites culottes, \u00e0 la coupe de cheveux, \u00e0 la tenue vestimentaire quand on va faire les boutiques, \u00e0 la fa\u00e7on de m&rsquo;\u00e9piler, \u00e0 la fa\u00e7on de travailler, limite \u00e0 la fa\u00e7on de faire l&rsquo;amour etc. Je sais bien qu&rsquo;ils ont v\u00e9cu 13 ans ensemble, ils avaient le projet de se marier, d&rsquo;avoir des enfants comme tout couple. Nous nous sommes connus il y a 3 ans, mari\u00e9 l&rsquo;ann\u00e9e derni\u00e8re et fait un b\u00e9b\u00e9, mais c&rsquo;est un cauchemar. Je vis dans l&rsquo;ombre de son ex. Le pire c&rsquo;est qu&rsquo;ils sont toujours en contact. Nous avons eu de nombreuses discussions sur ce sujet. Je lui ai demand\u00e9 de mettre un peu de distance pour commencer et d&rsquo;arr\u00eater de la voir. Mais il n&rsquo;a rien fait, vu qu&rsquo;elle \u00e9tait encore avec lui lundi. Elle l&rsquo;attendait pr\u00e8s de son boulot.<br \/>\nDonc j&rsquo;ai eu une petite discussion avec elle et elle a \u00e9t\u00e9 tr\u00e8s compr\u00e9hensive et m&rsquo;a dit qu&rsquo;elle arr\u00eaterait de le voir.<br \/>\nJ&rsquo;en ai parl\u00e9 \u00e0 mon mari et il m&rsquo;a dit qu&rsquo;il pr\u00e9f\u00e8re me mentir que de casser une amiti\u00e9 de 13 ans. Donc j&rsquo;ai fait le choix le plus dure de ma vie. J&rsquo;ai fait appel \u00e0 un avocat pour mon divorce, car le choix de mon mari est claire. Hier apr\u00e8s avoir r\u00e9fl\u00e9chi quelques jours, il m&rsquo;annonce qu&rsquo;il va aller se faire soigner chez un psy. Je ne sais plus quoi faire ? Je l&rsquo;aime mais j&rsquo;en ai marre d&rsquo;\u00eatre une moins que rien de ne pas arriver \u00e0 la hauteur de son ex. Merci de m&rsquo;avoir lu.<\/p>\n","protected":false},"excerpt":{"rendered":"<p>Nous sommes un couple avec deux enfants de 10 ans et 1 an. Le seul souci, c&rsquo;est que depuis que je me suis mari\u00e9e l&rsquo;ann\u00e9e derni\u00e8re, mon mari n&rsquo;arr\u00eate pas de me faire des remarques blessantes, \u00e0 me comparer toujours \u00e0 son ex. \u00c7a va des petites culottes, \u00e0 la coupe de cheveux, \u00e0 la tenue vestimentaire quand on va faire les boutiques, \u00e0 la fa\u00e7on de m&rsquo;\u00e9piler, \u00e0 la fa\u00e7on de travailler, limite \u00e0 la fa\u00e7on de faire l&rsquo;amour etc. Je sais bien qu&rsquo;ils ont v\u00e9cu 13 ans ensemble,<\/p>\n","protected":false},"author":461446,"featured_media":0,"comment_status":"open","ping_status":"open","sticky":false,"template":"","format":"standard","meta":[],"categories":[1],"tags":[],"yoast_head":"<!-- This site is optimized with the Yoast SEO plugin v20.4 - https:\/\/yoast.com\/wordpress\/plugins\/seo\/ -->\n<title>Un choix - Les confessions<\/title>\n<meta name=\"robots\" content=\"index, follow, max-snippet:-1, max-image-preview:large, max-video-preview:-1\" \/>\n<link rel=\"canonical\" href=\"https:\/\/www.neufmois.fr\/les-confessions\/un-choix\" \/>\n<meta property=\"og:locale\" content=\"fr_FR\" \/>\n<meta property=\"og:type\" content=\"article\" \/>\n<meta property=\"og:title\" content=\"Un choix - Les confessions\" \/>\n<meta property=\"og:description\" content=\"Nous sommes un couple avec deux enfants de 10 ans et 1 an. Le seul souci, c&rsquo;est que depuis que je me suis mari\u00e9e l&rsquo;ann\u00e9e derni\u00e8re, mon mari n&rsquo;arr\u00eate pas de me faire des remarques blessantes, \u00e0 me comparer toujours \u00e0 son ex. \u00c7a va des petites culottes, \u00e0 la coupe de cheveux, \u00e0 la tenue vestimentaire quand on va faire les boutiques, \u00e0 la fa\u00e7on de m&rsquo;\u00e9piler, \u00e0 la fa\u00e7on de travailler, limite \u00e0 la fa\u00e7on de faire l&rsquo;amour etc. Je sais bien qu&rsquo;ils ont v\u00e9cu 13 ans ensemble,\" \/>\n<meta property=\"og:url\" content=\"https:\/\/www.neufmois.fr\/les-confessions\/un-choix\" \/>\n<meta property=\"og:site_name\" content=\"Les confessions\" \/>\n<meta property=\"article:published_time\" content=\"2010-12-10T10:29:00+00:00\" \/>\n<meta name=\"author\" content=\"maman anonyme\" \/>\n<meta name=\"twitter:card\" content=\"summary_large_image\" \/>\n<meta name=\"twitter:label1\" content=\"\u00c9crit par\" \/>\n\t<meta name=\"twitter:data1\" content=\"maman anonyme\" \/>\n\t<meta name=\"twitter:label2\" content=\"Dur\u00e9e de lecture estim\u00e9e\" \/>\n\t<meta name=\"twitter:data2\" content=\"2 minutes\" \/>\n<script type=\"application\/ld+json\" class=\"yoast-schema-graph\">{\"@context\":\"https:\/\/schema.org\",\"@graph\":[{\"@type\":\"WebPage\",\"@id\":\"https:\/\/www.neufmois.fr\/les-confessions\/un-choix\",\"url\":\"https:\/\/www.neufmois.fr\/les-confessions\/un-choix\",\"name\":\"Un choix - Les confessions\",\"isPartOf\":{\"@id\":\"https:\/\/www.neufmois.fr\/les-confessions\/#website\"},\"datePublished\":\"2010-12-10T10:29:00+00:00\",\"dateModified\":\"2010-12-10T10:29:00+00:00\",\"author\":{\"@id\":\"https:\/\/www.neufmois.fr\/les-confessions\/#\/schema\/person\/893fe127c653ae6741f53a67962f8b5d\"},\"breadcrumb\":{\"@id\":\"https:\/\/www.neufmois.fr\/les-confessions\/un-choix#breadcrumb\"},\"inLanguage\":\"fr-FR\",\"potentialAction\":[{\"@type\":\"ReadAction\",\"target\":[\"https:\/\/www.neufmois.fr\/les-confessions\/un-choix\"]}]},{\"@type\":\"BreadcrumbList\",\"@id\":\"https:\/\/www.neufmois.fr\/les-confessions\/un-choix#breadcrumb\",\"itemListElement\":[{\"@type\":\"ListItem\",\"position\":1,\"name\":\"Accueil\",\"item\":\"https:\/\/www.neufmois.fr\/les-confessions\/\"},{\"@type\":\"ListItem\",\"position\":2,\"name\":\"Un choix\"}]},{\"@type\":\"WebSite\",\"@id\":\"https:\/\/www.neufmois.fr\/les-confessions\/#website\",\"url\":\"https:\/\/www.neufmois.fr\/les-confessions\/\",\"name\":\"Les confessions\",\"description\":\" Les confessions\",\"potentialAction\":[{\"@type\":\"SearchAction\",\"target\":{\"@type\":\"EntryPoint\",\"urlTemplate\":\"https:\/\/www.neufmois.fr\/les-confessions\/?s={search_term_string}\"},\"query-input\":\"required name=search_term_string\"}],\"inLanguage\":\"fr-FR\"},{\"@type\":\"Person\",\"@id\":\"https:\/\/www.neufmois.fr\/les-confessions\/#\/schema\/person\/893fe127c653ae6741f53a67962f8b5d\",\"name\":\"maman anonyme\",\"image\":{\"@type\":\"ImageObject\",\"inLanguage\":\"fr-FR\",\"@id\":\"https:\/\/www.neufmois.fr\/les-confessions\/#\/schema\/person\/image\/\",\"url\":\"https:\/\/secure.gravatar.com\/avatar\/e4b3abeefeb17983433f333a4c54f394?s=96&d=mm&r=g\",\"contentUrl\":\"https:\/\/secure.gravatar.com\/avatar\/e4b3abeefeb17983433f333a4c54f394?s=96&d=mm&r=g\",\"caption\":\"maman anonyme\"},\"url\":\"https:\/\/www.neufmois.fr\/les-confessions\/author\/anonyme\"}]}<\/script>\n<!-- \/ Yoast SEO plugin. -->","yoast_head_json":{"title":"Un choix - Les confessions","robots":{"index":"index","follow":"follow","max-snippet":"max-snippet:-1","max-image-preview":"max-image-preview:large","max-video-preview":"max-video-preview:-1"},"canonical":"https:\/\/www.neufmois.fr\/les-confessions\/un-choix","og_locale":"fr_FR","og_type":"article","og_title":"Un choix - Les confessions","og_description":"Nous sommes un couple avec deux enfants de 10 ans et 1 an. Le seul souci, c&rsquo;est que depuis que je me suis mari\u00e9e l&rsquo;ann\u00e9e derni\u00e8re, mon mari n&rsquo;arr\u00eate pas de me faire des remarques blessantes, \u00e0 me comparer toujours \u00e0 son ex. \u00c7a va des petites culottes, \u00e0 la coupe de cheveux, \u00e0 la tenue vestimentaire quand on va faire les boutiques, \u00e0 la fa\u00e7on de m&rsquo;\u00e9piler, \u00e0 la fa\u00e7on de travailler, limite \u00e0 la fa\u00e7on de faire l&rsquo;amour etc. Je sais bien qu&rsquo;ils ont v\u00e9cu 13 ans ensemble,","og_url":"https:\/\/www.neufmois.fr\/les-confessions\/un-choix","og_site_name":"Les confessions","article_published_time":"2010-12-10T10:29:00+00:00","author":"maman anonyme","twitter_card":"summary_large_image","twitter_misc":{"\u00c9crit par":"maman anonyme","Dur\u00e9e de lecture estim\u00e9e":"2 minutes"},"schema":{"@context":"https:\/\/schema.org","@graph":[{"@type":"WebPage","@id":"https:\/\/www.neufmois.fr\/les-confessions\/un-choix","url":"https:\/\/www.neufmois.fr\/les-confessions\/un-choix","name":"Un choix - Les confessions","isPartOf":{"@id":"https:\/\/www.neufmois.fr\/les-confessions\/#website"},"datePublished":"2010-12-10T10:29:00+00:00","dateModified":"2010-12-10T10:29:00+00:00","author":{"@id":"https:\/\/www.neufmois.fr\/les-confessions\/#\/schema\/person\/893fe127c653ae6741f53a67962f8b5d"},"breadcrumb":{"@id":"https:\/\/www.neufmois.fr\/les-confessions\/un-choix#breadcrumb"},"inLanguage":"fr-FR","potentialAction":[{"@type":"ReadAction","target":["https:\/\/www.neufmois.fr\/les-confessions\/un-choix"]}]},{"@type":"BreadcrumbList","@id":"https:\/\/www.neufmois.fr\/les-confessions\/un-choix#breadcrumb","itemListElement":[{"@type":"ListItem","position":1,"name":"Accueil","item":"https:\/\/www.neufmois.fr\/les-confessions\/"},{"@type":"ListItem","position":2,"name":"Un choix"}]},{"@type":"WebSite","@id":"https:\/\/www.neufmois.fr\/les-confessions\/#website","url":"https:\/\/www.neufmois.fr\/les-confessions\/","name":"Les confessions","description":" Les confessions","potentialAction":[{"@type":"SearchAction","target":{"@type":"EntryPoint","urlTemplate":"https:\/\/www.neufmois.fr\/les-confessions\/?s={search_term_string}"},"query-input":"required name=search_term_string"}],"inLanguage":"fr-FR"},{"@type":"Person","@id":"https:\/\/www.neufmois.fr\/les-confessions\/#\/schema\/person\/893fe127c653ae6741f53a67962f8b5d","name":"maman anonyme","image":{"@type":"ImageObject","inLanguage":"fr-FR","@id":"https:\/\/www.neufmois.fr\/les-confessions\/#\/schema\/person\/image\/","url":"https:\/\/secure.gravatar.com\/avatar\/e4b3abeefeb17983433f333a4c54f394?s=96&d=mm&r=g","contentUrl":"https:\/\/secure.gravatar.com\/avatar\/e4b3abeefeb17983433f333a4c54f394?s=96&d=mm&r=g","caption":"maman anonyme"},"url":"https:\/\/www.neufmois.fr\/les-confessions\/author\/anonyme"}]}},"amp_enabled":true,"_links":{"self":[{"href":"https:\/\/www.neufmois.fr\/les-confessions\/wp-json\/wp\/v2\/posts\/401"}],"collection":[{"href":"https:\/\/www.neufmois.fr\/les-confessions\/wp-json\/wp\/v2\/posts"}],"about":[{"href":"https:\/\/www.neufmois.fr\/les-confessions\/wp-json\/wp\/v2\/types\/post"}],"author":[{"embeddable":true,"href":"https:\/\/www.neufmois.fr\/les-confessions\/wp-json\/wp\/v2\/users\/461446"}],"replies":[{"embeddable":true,"href":"https:\/\/www.neufmois.fr\/les-confessions\/wp-json\/wp\/v2\/comments?post=401"}],"version-history":[{"count":0,"href":"https:\/\/www.neufmois.fr\/les-confessions\/wp-json\/wp\/v2\/posts\/401\/revisions"}],"wp:attachment":[{"href":"https:\/\/www.neufmois.fr\/les-confessions\/wp-json\/wp\/v2\/media?parent=401"}],"wp:term":[{"taxonomy":"category","embeddable":true,"href":"https:\/\/www.neufmois.fr\/les-confessions\/wp-json\/wp\/v2\/categories?post=401"},{"taxonomy":"post_tag","embeddable":true,"href":"https:\/\/www.neufmois.fr\/les-confessions\/wp-json\/wp\/v2\/tags?post=401"}],"curies":[{"name":"wp","href":"https:\/\/api.w.org\/{rel}","templated":true}]}}