{"id":388,"date":"2010-12-30T14:55:00","date_gmt":"2010-12-30T14:55:00","guid":{"rendered":"https:\/\/www.neufmois.fr\/les-confessions\/?p=388"},"modified":"2010-12-30T14:55:00","modified_gmt":"2010-12-30T14:55:00","slug":"dechirement-du-perinee","status":"publish","type":"post","link":"https:\/\/www.neufmois.fr\/les-confessions\/dechirement-du-perinee","title":{"rendered":"D\u00e9chirement du p\u00e9rin\u00e9e"},"content":{"rendered":"<p>Est-ce que l&rsquo;une d&rsquo;entre vous aurait subi une op\u00e9ration du p\u00e9rin\u00e9e ? J&rsquo;ai \u00e9t\u00e9 d\u00e9chir\u00e9e \u00e0 l&rsquo;accouchement (presque 9 mois) et lors de nos \u00e9bats, je saigne \u00e0 chaque fois. Une petite ouverture qui me fait bien mal. Ma gyn\u00e9co m&rsquo;a prescrite une cr\u00e8me cicatrisante (traitement de 4 mois). \u00c7a fait d\u00e9j\u00e0 plus de 2 mois que j&rsquo;ai commenc\u00e9. Seulement toujours une d\u00e9chirure et m\u00eame avec le lubrifiant. Et ma gyn\u00e9co me parlait d&rsquo;une op\u00e9ration dans le cas o\u00f9 \u00e7a ne marcherait pas. J&rsquo;ai peur. Je n&rsquo;ai vraiment pas envie de me faire op\u00e9rer du p\u00e9rin\u00e9e. Aidez-moi, donner-moi des conseils, votre avis, votre v\u00e9cu&#8230; Merci.<\/p>\n","protected":false},"excerpt":{"rendered":"<p>Est-ce que l&rsquo;une d&rsquo;entre vous aurait subi une op\u00e9ration du p\u00e9rin\u00e9e ? J&rsquo;ai \u00e9t\u00e9 d\u00e9chir\u00e9e \u00e0 l&rsquo;accouchement (presque 9 mois) et lors de nos \u00e9bats, je saigne \u00e0 chaque fois. Une petite ouverture qui me fait bien mal. Ma gyn\u00e9co m&rsquo;a prescrite une cr\u00e8me cicatrisante (traitement de 4 mois). \u00c7a fait d\u00e9j\u00e0 plus de 2 mois que j&rsquo;ai commenc\u00e9. Seulement toujours une d\u00e9chirure et m\u00eame avec le lubrifiant. Et ma gyn\u00e9co me parlait d&rsquo;une op\u00e9ration dans le cas o\u00f9 \u00e7a ne marcherait pas. J&rsquo;ai peur. Je n&rsquo;ai vraiment pas envie<\/p>\n","protected":false},"author":461446,"featured_media":0,"comment_status":"open","ping_status":"open","sticky":false,"template":"","format":"standard","meta":[],"categories":[1],"tags":[],"yoast_head":"<!-- This site is optimized with the Yoast SEO plugin v20.4 - https:\/\/yoast.com\/wordpress\/plugins\/seo\/ -->\n<title>D\u00e9chirement du p\u00e9rin\u00e9e - Les confessions<\/title>\n<meta name=\"robots\" content=\"index, follow, max-snippet:-1, max-image-preview:large, max-video-preview:-1\" \/>\n<link rel=\"canonical\" href=\"https:\/\/www.neufmois.fr\/les-confessions\/dechirement-du-perinee\" \/>\n<meta property=\"og:locale\" content=\"fr_FR\" \/>\n<meta property=\"og:type\" content=\"article\" \/>\n<meta property=\"og:title\" content=\"D\u00e9chirement du p\u00e9rin\u00e9e - Les confessions\" \/>\n<meta property=\"og:description\" content=\"Est-ce que l&rsquo;une d&rsquo;entre vous aurait subi une op\u00e9ration du p\u00e9rin\u00e9e ? J&rsquo;ai \u00e9t\u00e9 d\u00e9chir\u00e9e \u00e0 l&rsquo;accouchement (presque 9 mois) et lors de nos \u00e9bats, je saigne \u00e0 chaque fois. Une petite ouverture qui me fait bien mal. Ma gyn\u00e9co m&rsquo;a prescrite une cr\u00e8me cicatrisante (traitement de 4 mois). \u00c7a fait d\u00e9j\u00e0 plus de 2 mois que j&rsquo;ai commenc\u00e9. Seulement toujours une d\u00e9chirure et m\u00eame avec le lubrifiant. Et ma gyn\u00e9co me parlait d&rsquo;une op\u00e9ration dans le cas o\u00f9 \u00e7a ne marcherait pas. J&rsquo;ai peur. Je n&rsquo;ai vraiment pas envie\" \/>\n<meta property=\"og:url\" content=\"https:\/\/www.neufmois.fr\/les-confessions\/dechirement-du-perinee\" \/>\n<meta property=\"og:site_name\" content=\"Les confessions\" \/>\n<meta property=\"article:published_time\" content=\"2010-12-30T14:55:00+00:00\" \/>\n<meta name=\"author\" content=\"maman anonyme\" \/>\n<meta name=\"twitter:card\" content=\"summary_large_image\" \/>\n<meta name=\"twitter:label1\" content=\"\u00c9crit par\" \/>\n\t<meta name=\"twitter:data1\" content=\"maman anonyme\" \/>\n\t<meta name=\"twitter:label2\" content=\"Dur\u00e9e de lecture estim\u00e9e\" \/>\n\t<meta name=\"twitter:data2\" content=\"1 minute\" \/>\n<script type=\"application\/ld+json\" class=\"yoast-schema-graph\">{\"@context\":\"https:\/\/schema.org\",\"@graph\":[{\"@type\":\"WebPage\",\"@id\":\"https:\/\/www.neufmois.fr\/les-confessions\/dechirement-du-perinee\",\"url\":\"https:\/\/www.neufmois.fr\/les-confessions\/dechirement-du-perinee\",\"name\":\"D\u00e9chirement du p\u00e9rin\u00e9e - Les confessions\",\"isPartOf\":{\"@id\":\"https:\/\/www.neufmois.fr\/les-confessions\/#website\"},\"datePublished\":\"2010-12-30T14:55:00+00:00\",\"dateModified\":\"2010-12-30T14:55:00+00:00\",\"author\":{\"@id\":\"https:\/\/www.neufmois.fr\/les-confessions\/#\/schema\/person\/893fe127c653ae6741f53a67962f8b5d\"},\"breadcrumb\":{\"@id\":\"https:\/\/www.neufmois.fr\/les-confessions\/dechirement-du-perinee#breadcrumb\"},\"inLanguage\":\"fr-FR\",\"potentialAction\":[{\"@type\":\"ReadAction\",\"target\":[\"https:\/\/www.neufmois.fr\/les-confessions\/dechirement-du-perinee\"]}]},{\"@type\":\"BreadcrumbList\",\"@id\":\"https:\/\/www.neufmois.fr\/les-confessions\/dechirement-du-perinee#breadcrumb\",\"itemListElement\":[{\"@type\":\"ListItem\",\"position\":1,\"name\":\"Accueil\",\"item\":\"https:\/\/www.neufmois.fr\/les-confessions\/\"},{\"@type\":\"ListItem\",\"position\":2,\"name\":\"D\u00e9chirement du p\u00e9rin\u00e9e\"}]},{\"@type\":\"WebSite\",\"@id\":\"https:\/\/www.neufmois.fr\/les-confessions\/#website\",\"url\":\"https:\/\/www.neufmois.fr\/les-confessions\/\",\"name\":\"Les confessions\",\"description\":\" Les confessions\",\"potentialAction\":[{\"@type\":\"SearchAction\",\"target\":{\"@type\":\"EntryPoint\",\"urlTemplate\":\"https:\/\/www.neufmois.fr\/les-confessions\/?s={search_term_string}\"},\"query-input\":\"required name=search_term_string\"}],\"inLanguage\":\"fr-FR\"},{\"@type\":\"Person\",\"@id\":\"https:\/\/www.neufmois.fr\/les-confessions\/#\/schema\/person\/893fe127c653ae6741f53a67962f8b5d\",\"name\":\"maman anonyme\",\"image\":{\"@type\":\"ImageObject\",\"inLanguage\":\"fr-FR\",\"@id\":\"https:\/\/www.neufmois.fr\/les-confessions\/#\/schema\/person\/image\/\",\"url\":\"https:\/\/secure.gravatar.com\/avatar\/e4b3abeefeb17983433f333a4c54f394?s=96&d=mm&r=g\",\"contentUrl\":\"https:\/\/secure.gravatar.com\/avatar\/e4b3abeefeb17983433f333a4c54f394?s=96&d=mm&r=g\",\"caption\":\"maman anonyme\"},\"url\":\"https:\/\/www.neufmois.fr\/les-confessions\/author\/anonyme\"}]}<\/script>\n<!-- \/ Yoast SEO plugin. -->","yoast_head_json":{"title":"D\u00e9chirement du p\u00e9rin\u00e9e - Les confessions","robots":{"index":"index","follow":"follow","max-snippet":"max-snippet:-1","max-image-preview":"max-image-preview:large","max-video-preview":"max-video-preview:-1"},"canonical":"https:\/\/www.neufmois.fr\/les-confessions\/dechirement-du-perinee","og_locale":"fr_FR","og_type":"article","og_title":"D\u00e9chirement du p\u00e9rin\u00e9e - Les confessions","og_description":"Est-ce que l&rsquo;une d&rsquo;entre vous aurait subi une op\u00e9ration du p\u00e9rin\u00e9e ? J&rsquo;ai \u00e9t\u00e9 d\u00e9chir\u00e9e \u00e0 l&rsquo;accouchement (presque 9 mois) et lors de nos \u00e9bats, je saigne \u00e0 chaque fois. Une petite ouverture qui me fait bien mal. Ma gyn\u00e9co m&rsquo;a prescrite une cr\u00e8me cicatrisante (traitement de 4 mois). \u00c7a fait d\u00e9j\u00e0 plus de 2 mois que j&rsquo;ai commenc\u00e9. Seulement toujours une d\u00e9chirure et m\u00eame avec le lubrifiant. Et ma gyn\u00e9co me parlait d&rsquo;une op\u00e9ration dans le cas o\u00f9 \u00e7a ne marcherait pas. J&rsquo;ai peur. Je n&rsquo;ai vraiment pas envie","og_url":"https:\/\/www.neufmois.fr\/les-confessions\/dechirement-du-perinee","og_site_name":"Les confessions","article_published_time":"2010-12-30T14:55:00+00:00","author":"maman anonyme","twitter_card":"summary_large_image","twitter_misc":{"\u00c9crit par":"maman anonyme","Dur\u00e9e de lecture estim\u00e9e":"1 minute"},"schema":{"@context":"https:\/\/schema.org","@graph":[{"@type":"WebPage","@id":"https:\/\/www.neufmois.fr\/les-confessions\/dechirement-du-perinee","url":"https:\/\/www.neufmois.fr\/les-confessions\/dechirement-du-perinee","name":"D\u00e9chirement du p\u00e9rin\u00e9e - Les confessions","isPartOf":{"@id":"https:\/\/www.neufmois.fr\/les-confessions\/#website"},"datePublished":"2010-12-30T14:55:00+00:00","dateModified":"2010-12-30T14:55:00+00:00","author":{"@id":"https:\/\/www.neufmois.fr\/les-confessions\/#\/schema\/person\/893fe127c653ae6741f53a67962f8b5d"},"breadcrumb":{"@id":"https:\/\/www.neufmois.fr\/les-confessions\/dechirement-du-perinee#breadcrumb"},"inLanguage":"fr-FR","potentialAction":[{"@type":"ReadAction","target":["https:\/\/www.neufmois.fr\/les-confessions\/dechirement-du-perinee"]}]},{"@type":"BreadcrumbList","@id":"https:\/\/www.neufmois.fr\/les-confessions\/dechirement-du-perinee#breadcrumb","itemListElement":[{"@type":"ListItem","position":1,"name":"Accueil","item":"https:\/\/www.neufmois.fr\/les-confessions\/"},{"@type":"ListItem","position":2,"name":"D\u00e9chirement du p\u00e9rin\u00e9e"}]},{"@type":"WebSite","@id":"https:\/\/www.neufmois.fr\/les-confessions\/#website","url":"https:\/\/www.neufmois.fr\/les-confessions\/","name":"Les confessions","description":" Les confessions","potentialAction":[{"@type":"SearchAction","target":{"@type":"EntryPoint","urlTemplate":"https:\/\/www.neufmois.fr\/les-confessions\/?s={search_term_string}"},"query-input":"required name=search_term_string"}],"inLanguage":"fr-FR"},{"@type":"Person","@id":"https:\/\/www.neufmois.fr\/les-confessions\/#\/schema\/person\/893fe127c653ae6741f53a67962f8b5d","name":"maman anonyme","image":{"@type":"ImageObject","inLanguage":"fr-FR","@id":"https:\/\/www.neufmois.fr\/les-confessions\/#\/schema\/person\/image\/","url":"https:\/\/secure.gravatar.com\/avatar\/e4b3abeefeb17983433f333a4c54f394?s=96&d=mm&r=g","contentUrl":"https:\/\/secure.gravatar.com\/avatar\/e4b3abeefeb17983433f333a4c54f394?s=96&d=mm&r=g","caption":"maman anonyme"},"url":"https:\/\/www.neufmois.fr\/les-confessions\/author\/anonyme"}]}},"amp_enabled":true,"_links":{"self":[{"href":"https:\/\/www.neufmois.fr\/les-confessions\/wp-json\/wp\/v2\/posts\/388"}],"collection":[{"href":"https:\/\/www.neufmois.fr\/les-confessions\/wp-json\/wp\/v2\/posts"}],"about":[{"href":"https:\/\/www.neufmois.fr\/les-confessions\/wp-json\/wp\/v2\/types\/post"}],"author":[{"embeddable":true,"href":"https:\/\/www.neufmois.fr\/les-confessions\/wp-json\/wp\/v2\/users\/461446"}],"replies":[{"embeddable":true,"href":"https:\/\/www.neufmois.fr\/les-confessions\/wp-json\/wp\/v2\/comments?post=388"}],"version-history":[{"count":0,"href":"https:\/\/www.neufmois.fr\/les-confessions\/wp-json\/wp\/v2\/posts\/388\/revisions"}],"wp:attachment":[{"href":"https:\/\/www.neufmois.fr\/les-confessions\/wp-json\/wp\/v2\/media?parent=388"}],"wp:term":[{"taxonomy":"category","embeddable":true,"href":"https:\/\/www.neufmois.fr\/les-confessions\/wp-json\/wp\/v2\/categories?post=388"},{"taxonomy":"post_tag","embeddable":true,"href":"https:\/\/www.neufmois.fr\/les-confessions\/wp-json\/wp\/v2\/tags?post=388"}],"curies":[{"name":"wp","href":"https:\/\/api.w.org\/{rel}","templated":true}]}}