{"id":386,"date":"2011-01-05T01:04:00","date_gmt":"2011-01-05T01:04:00","guid":{"rendered":"https:\/\/www.neufmois.fr\/les-confessions\/?p=386"},"modified":"2011-01-05T01:04:00","modified_gmt":"2011-01-05T01:04:00","slug":"la-place-du-pere-situation-inversee","status":"publish","type":"post","link":"https:\/\/www.neufmois.fr\/les-confessions\/la-place-du-pere-situation-inversee","title":{"rendered":"La place du p\u00e8re : situation invers\u00e9e"},"content":{"rendered":"<p>Bonjour \u00e0 toutes ! Voil\u00e0 j&rsquo;avais une relation privil\u00e9gi\u00e9e avec mon fils avant ! Maintenant j&rsquo;ai l&rsquo;impression d&rsquo;\u00eatre inexistante et inutile aupr\u00e8s de mon fils car son papa se l&rsquo;accapare ! Il zappe mon autorit\u00e9 et je lui ai exprime mon d\u00e9saccord sur son mode \u00e9ducatif (heure des couchers, sucreries&#8230; J&rsquo;ai l&rsquo;impression de me battre tous les jours avec son papa mais en vain, et au final je me suis d\u00e9courag\u00e9e. Je partage de meilleurs moments seule avec mon fils et arrive \u00e0 me faire respecter. J&rsquo;en ai parl\u00e9 au papa qui nie tout en bloc. Je me sens coupable et ne sais plus quoi faire ! <\/p>\n","protected":false},"excerpt":{"rendered":"<p>Bonjour \u00e0 toutes ! Voil\u00e0 j&rsquo;avais une relation privil\u00e9gi\u00e9e avec mon fils avant ! Maintenant j&rsquo;ai l&rsquo;impression d&rsquo;\u00eatre inexistante et inutile aupr\u00e8s de mon fils car son papa se l&rsquo;accapare ! Il zappe mon autorit\u00e9 et je lui ai exprime mon d\u00e9saccord sur son mode \u00e9ducatif (heure des couchers, sucreries&#8230; J&rsquo;ai l&rsquo;impression de me battre tous les jours avec son papa mais en vain, et au final je me suis d\u00e9courag\u00e9e. Je partage de meilleurs moments seule avec mon fils et arrive \u00e0 me faire respecter. J&rsquo;en ai parl\u00e9 au<\/p>\n","protected":false},"author":461446,"featured_media":0,"comment_status":"open","ping_status":"open","sticky":false,"template":"","format":"standard","meta":[],"categories":[1],"tags":[],"yoast_head":"<!-- This site is optimized with the Yoast SEO plugin v20.4 - https:\/\/yoast.com\/wordpress\/plugins\/seo\/ -->\n<title>La place du p\u00e8re : situation invers\u00e9e - Les confessions<\/title>\n<meta name=\"robots\" content=\"index, follow, max-snippet:-1, max-image-preview:large, max-video-preview:-1\" \/>\n<link rel=\"canonical\" href=\"https:\/\/www.neufmois.fr\/les-confessions\/la-place-du-pere-situation-inversee\" \/>\n<meta property=\"og:locale\" content=\"fr_FR\" \/>\n<meta property=\"og:type\" content=\"article\" \/>\n<meta property=\"og:title\" content=\"La place du p\u00e8re : situation invers\u00e9e - Les confessions\" \/>\n<meta property=\"og:description\" content=\"Bonjour \u00e0 toutes ! Voil\u00e0 j&rsquo;avais une relation privil\u00e9gi\u00e9e avec mon fils avant ! Maintenant j&rsquo;ai l&rsquo;impression d&rsquo;\u00eatre inexistante et inutile aupr\u00e8s de mon fils car son papa se l&rsquo;accapare ! Il zappe mon autorit\u00e9 et je lui ai exprime mon d\u00e9saccord sur son mode \u00e9ducatif (heure des couchers, sucreries&#8230; J&rsquo;ai l&rsquo;impression de me battre tous les jours avec son papa mais en vain, et au final je me suis d\u00e9courag\u00e9e. Je partage de meilleurs moments seule avec mon fils et arrive \u00e0 me faire respecter. J&rsquo;en ai parl\u00e9 au\" \/>\n<meta property=\"og:url\" content=\"https:\/\/www.neufmois.fr\/les-confessions\/la-place-du-pere-situation-inversee\" \/>\n<meta property=\"og:site_name\" content=\"Les confessions\" \/>\n<meta property=\"article:published_time\" content=\"2011-01-05T01:04:00+00:00\" \/>\n<meta name=\"author\" content=\"maman anonyme\" \/>\n<meta name=\"twitter:card\" content=\"summary_large_image\" \/>\n<meta name=\"twitter:label1\" content=\"\u00c9crit par\" \/>\n\t<meta name=\"twitter:data1\" content=\"maman anonyme\" \/>\n\t<meta name=\"twitter:label2\" content=\"Dur\u00e9e de lecture estim\u00e9e\" \/>\n\t<meta name=\"twitter:data2\" content=\"1 minute\" \/>\n<script type=\"application\/ld+json\" class=\"yoast-schema-graph\">{\"@context\":\"https:\/\/schema.org\",\"@graph\":[{\"@type\":\"WebPage\",\"@id\":\"https:\/\/www.neufmois.fr\/les-confessions\/la-place-du-pere-situation-inversee\",\"url\":\"https:\/\/www.neufmois.fr\/les-confessions\/la-place-du-pere-situation-inversee\",\"name\":\"La place du p\u00e8re : situation invers\u00e9e - Les confessions\",\"isPartOf\":{\"@id\":\"https:\/\/www.neufmois.fr\/les-confessions\/#website\"},\"datePublished\":\"2011-01-05T01:04:00+00:00\",\"dateModified\":\"2011-01-05T01:04:00+00:00\",\"author\":{\"@id\":\"https:\/\/www.neufmois.fr\/les-confessions\/#\/schema\/person\/893fe127c653ae6741f53a67962f8b5d\"},\"breadcrumb\":{\"@id\":\"https:\/\/www.neufmois.fr\/les-confessions\/la-place-du-pere-situation-inversee#breadcrumb\"},\"inLanguage\":\"fr-FR\",\"potentialAction\":[{\"@type\":\"ReadAction\",\"target\":[\"https:\/\/www.neufmois.fr\/les-confessions\/la-place-du-pere-situation-inversee\"]}]},{\"@type\":\"BreadcrumbList\",\"@id\":\"https:\/\/www.neufmois.fr\/les-confessions\/la-place-du-pere-situation-inversee#breadcrumb\",\"itemListElement\":[{\"@type\":\"ListItem\",\"position\":1,\"name\":\"Accueil\",\"item\":\"https:\/\/www.neufmois.fr\/les-confessions\/\"},{\"@type\":\"ListItem\",\"position\":2,\"name\":\"La place du p\u00e8re : situation invers\u00e9e\"}]},{\"@type\":\"WebSite\",\"@id\":\"https:\/\/www.neufmois.fr\/les-confessions\/#website\",\"url\":\"https:\/\/www.neufmois.fr\/les-confessions\/\",\"name\":\"Les confessions\",\"description\":\" Les confessions\",\"potentialAction\":[{\"@type\":\"SearchAction\",\"target\":{\"@type\":\"EntryPoint\",\"urlTemplate\":\"https:\/\/www.neufmois.fr\/les-confessions\/?s={search_term_string}\"},\"query-input\":\"required name=search_term_string\"}],\"inLanguage\":\"fr-FR\"},{\"@type\":\"Person\",\"@id\":\"https:\/\/www.neufmois.fr\/les-confessions\/#\/schema\/person\/893fe127c653ae6741f53a67962f8b5d\",\"name\":\"maman anonyme\",\"image\":{\"@type\":\"ImageObject\",\"inLanguage\":\"fr-FR\",\"@id\":\"https:\/\/www.neufmois.fr\/les-confessions\/#\/schema\/person\/image\/\",\"url\":\"https:\/\/secure.gravatar.com\/avatar\/e4b3abeefeb17983433f333a4c54f394?s=96&d=mm&r=g\",\"contentUrl\":\"https:\/\/secure.gravatar.com\/avatar\/e4b3abeefeb17983433f333a4c54f394?s=96&d=mm&r=g\",\"caption\":\"maman anonyme\"},\"url\":\"https:\/\/www.neufmois.fr\/les-confessions\/author\/anonyme\"}]}<\/script>\n<!-- \/ Yoast SEO plugin. -->","yoast_head_json":{"title":"La place du p\u00e8re : situation invers\u00e9e - Les confessions","robots":{"index":"index","follow":"follow","max-snippet":"max-snippet:-1","max-image-preview":"max-image-preview:large","max-video-preview":"max-video-preview:-1"},"canonical":"https:\/\/www.neufmois.fr\/les-confessions\/la-place-du-pere-situation-inversee","og_locale":"fr_FR","og_type":"article","og_title":"La place du p\u00e8re : situation invers\u00e9e - Les confessions","og_description":"Bonjour \u00e0 toutes ! Voil\u00e0 j&rsquo;avais une relation privil\u00e9gi\u00e9e avec mon fils avant ! Maintenant j&rsquo;ai l&rsquo;impression d&rsquo;\u00eatre inexistante et inutile aupr\u00e8s de mon fils car son papa se l&rsquo;accapare ! Il zappe mon autorit\u00e9 et je lui ai exprime mon d\u00e9saccord sur son mode \u00e9ducatif (heure des couchers, sucreries&#8230; J&rsquo;ai l&rsquo;impression de me battre tous les jours avec son papa mais en vain, et au final je me suis d\u00e9courag\u00e9e. Je partage de meilleurs moments seule avec mon fils et arrive \u00e0 me faire respecter. J&rsquo;en ai parl\u00e9 au","og_url":"https:\/\/www.neufmois.fr\/les-confessions\/la-place-du-pere-situation-inversee","og_site_name":"Les confessions","article_published_time":"2011-01-05T01:04:00+00:00","author":"maman anonyme","twitter_card":"summary_large_image","twitter_misc":{"\u00c9crit par":"maman anonyme","Dur\u00e9e de lecture estim\u00e9e":"1 minute"},"schema":{"@context":"https:\/\/schema.org","@graph":[{"@type":"WebPage","@id":"https:\/\/www.neufmois.fr\/les-confessions\/la-place-du-pere-situation-inversee","url":"https:\/\/www.neufmois.fr\/les-confessions\/la-place-du-pere-situation-inversee","name":"La place du p\u00e8re : situation invers\u00e9e - Les confessions","isPartOf":{"@id":"https:\/\/www.neufmois.fr\/les-confessions\/#website"},"datePublished":"2011-01-05T01:04:00+00:00","dateModified":"2011-01-05T01:04:00+00:00","author":{"@id":"https:\/\/www.neufmois.fr\/les-confessions\/#\/schema\/person\/893fe127c653ae6741f53a67962f8b5d"},"breadcrumb":{"@id":"https:\/\/www.neufmois.fr\/les-confessions\/la-place-du-pere-situation-inversee#breadcrumb"},"inLanguage":"fr-FR","potentialAction":[{"@type":"ReadAction","target":["https:\/\/www.neufmois.fr\/les-confessions\/la-place-du-pere-situation-inversee"]}]},{"@type":"BreadcrumbList","@id":"https:\/\/www.neufmois.fr\/les-confessions\/la-place-du-pere-situation-inversee#breadcrumb","itemListElement":[{"@type":"ListItem","position":1,"name":"Accueil","item":"https:\/\/www.neufmois.fr\/les-confessions\/"},{"@type":"ListItem","position":2,"name":"La place du p\u00e8re : situation invers\u00e9e"}]},{"@type":"WebSite","@id":"https:\/\/www.neufmois.fr\/les-confessions\/#website","url":"https:\/\/www.neufmois.fr\/les-confessions\/","name":"Les confessions","description":" Les confessions","potentialAction":[{"@type":"SearchAction","target":{"@type":"EntryPoint","urlTemplate":"https:\/\/www.neufmois.fr\/les-confessions\/?s={search_term_string}"},"query-input":"required name=search_term_string"}],"inLanguage":"fr-FR"},{"@type":"Person","@id":"https:\/\/www.neufmois.fr\/les-confessions\/#\/schema\/person\/893fe127c653ae6741f53a67962f8b5d","name":"maman anonyme","image":{"@type":"ImageObject","inLanguage":"fr-FR","@id":"https:\/\/www.neufmois.fr\/les-confessions\/#\/schema\/person\/image\/","url":"https:\/\/secure.gravatar.com\/avatar\/e4b3abeefeb17983433f333a4c54f394?s=96&d=mm&r=g","contentUrl":"https:\/\/secure.gravatar.com\/avatar\/e4b3abeefeb17983433f333a4c54f394?s=96&d=mm&r=g","caption":"maman anonyme"},"url":"https:\/\/www.neufmois.fr\/les-confessions\/author\/anonyme"}]}},"amp_enabled":true,"_links":{"self":[{"href":"https:\/\/www.neufmois.fr\/les-confessions\/wp-json\/wp\/v2\/posts\/386"}],"collection":[{"href":"https:\/\/www.neufmois.fr\/les-confessions\/wp-json\/wp\/v2\/posts"}],"about":[{"href":"https:\/\/www.neufmois.fr\/les-confessions\/wp-json\/wp\/v2\/types\/post"}],"author":[{"embeddable":true,"href":"https:\/\/www.neufmois.fr\/les-confessions\/wp-json\/wp\/v2\/users\/461446"}],"replies":[{"embeddable":true,"href":"https:\/\/www.neufmois.fr\/les-confessions\/wp-json\/wp\/v2\/comments?post=386"}],"version-history":[{"count":0,"href":"https:\/\/www.neufmois.fr\/les-confessions\/wp-json\/wp\/v2\/posts\/386\/revisions"}],"wp:attachment":[{"href":"https:\/\/www.neufmois.fr\/les-confessions\/wp-json\/wp\/v2\/media?parent=386"}],"wp:term":[{"taxonomy":"category","embeddable":true,"href":"https:\/\/www.neufmois.fr\/les-confessions\/wp-json\/wp\/v2\/categories?post=386"},{"taxonomy":"post_tag","embeddable":true,"href":"https:\/\/www.neufmois.fr\/les-confessions\/wp-json\/wp\/v2\/tags?post=386"}],"curies":[{"name":"wp","href":"https:\/\/api.w.org\/{rel}","templated":true}]}}