{"id":383,"date":"2011-01-08T20:22:00","date_gmt":"2011-01-08T20:22:00","guid":{"rendered":"https:\/\/www.neufmois.fr\/les-confessions\/?p=383"},"modified":"2011-01-08T20:22:00","modified_gmt":"2011-01-08T20:22:00","slug":"une-vie-apres-lavortement","status":"publish","type":"post","link":"https:\/\/www.neufmois.fr\/les-confessions\/une-vie-apres-lavortement","title":{"rendered":"Une vie apr\u00e8s l&rsquo;avortement"},"content":{"rendered":"<p>Ce n&rsquo;est pas mon histoire, mais celle que l&rsquo;on m&rsquo;a racont\u00e9e quand mon ami voulait que j&rsquo;avorte. Cette histoire est vraie, elle touche une personne proche de moi. Quand elle est tomb\u00e9e enceinte du troisi\u00e8me enfant, son mari lui a conseill\u00e9 d&rsquo;avorter. Ce qu&rsquo;elle a fait, vu la situation financi\u00e9re du couple et pour \u00e9lever les deux premiers, elle ne voyait pas d&rsquo;autre possiblit\u00e9. Ensuite, si j&rsquo;ose dire, la vie a repris son cours. Quinze ans plus tard, leur deuxi\u00e8me fils de 21 ans est mort dans un accident. Ce fut une autre \u00e9preuve douloureuse. Puis cinq ans apr\u00e9s, ce fut l&rsquo;ain\u00e9 de 30ans qui mourut dans un accident. Les parents endeuill\u00e9s n&rsquo;ont jamais oubli\u00e9 ce troisi\u00e9me enfant. Comme ses ain\u00e9s, ils pensent chaque jour \u00e0 lui. Le papa, fou de douleur et rong\u00e9 par la culpabilit\u00e9, s&rsquo;est laiss\u00e9 mourir, la maman survit. Je n&rsquo;ai pas avort\u00e9. Je n&rsquo;en ai jamais eu l&rsquo;envie, encore moins apr\u00e9s ce r\u00e9cit. Cette maman, qui n&rsquo;a jamais eu une vie facile, est une femme g\u00e9n\u00e9reuse et j&rsquo;aimerais que vous ne la jugiez pas. Certaines d&rsquo;entre vous ont d\u00e9j\u00e0 \u00e9voqu\u00e9 le sujet de l&rsquo;avortement, mais je n&rsquo;ai jamais voulu raconter la vie de mes amis. M\u00eame si je n&rsquo;ai pas avort\u00e9, je suis pour l&rsquo;avortement et je comprends cette maman. <\/p>\n","protected":false},"excerpt":{"rendered":"<p>Ce n&rsquo;est pas mon histoire, mais celle que l&rsquo;on m&rsquo;a racont\u00e9e quand mon ami voulait que j&rsquo;avorte. Cette histoire est vraie, elle touche une personne proche de moi. Quand elle est tomb\u00e9e enceinte du troisi\u00e8me enfant, son mari lui a conseill\u00e9 d&rsquo;avorter. Ce qu&rsquo;elle a fait, vu la situation financi\u00e9re du couple et pour \u00e9lever les deux premiers, elle ne voyait pas d&rsquo;autre possiblit\u00e9. Ensuite, si j&rsquo;ose dire, la vie a repris son cours. Quinze ans plus tard, leur deuxi\u00e8me fils de 21 ans est mort dans un accident. Ce<\/p>\n","protected":false},"author":461446,"featured_media":0,"comment_status":"open","ping_status":"open","sticky":false,"template":"","format":"standard","meta":[],"categories":[1],"tags":[],"yoast_head":"<!-- This site is optimized with the Yoast SEO plugin v20.4 - https:\/\/yoast.com\/wordpress\/plugins\/seo\/ -->\n<title>Une vie apr\u00e8s l&#039;avortement - Les confessions<\/title>\n<meta name=\"robots\" content=\"index, follow, max-snippet:-1, max-image-preview:large, max-video-preview:-1\" \/>\n<link rel=\"canonical\" href=\"https:\/\/www.neufmois.fr\/les-confessions\/une-vie-apres-lavortement\" \/>\n<meta property=\"og:locale\" content=\"fr_FR\" \/>\n<meta property=\"og:type\" content=\"article\" \/>\n<meta property=\"og:title\" content=\"Une vie apr\u00e8s l&#039;avortement - Les confessions\" \/>\n<meta property=\"og:description\" content=\"Ce n&rsquo;est pas mon histoire, mais celle que l&rsquo;on m&rsquo;a racont\u00e9e quand mon ami voulait que j&rsquo;avorte. Cette histoire est vraie, elle touche une personne proche de moi. Quand elle est tomb\u00e9e enceinte du troisi\u00e8me enfant, son mari lui a conseill\u00e9 d&rsquo;avorter. Ce qu&rsquo;elle a fait, vu la situation financi\u00e9re du couple et pour \u00e9lever les deux premiers, elle ne voyait pas d&rsquo;autre possiblit\u00e9. Ensuite, si j&rsquo;ose dire, la vie a repris son cours. Quinze ans plus tard, leur deuxi\u00e8me fils de 21 ans est mort dans un accident. Ce\" \/>\n<meta property=\"og:url\" content=\"https:\/\/www.neufmois.fr\/les-confessions\/une-vie-apres-lavortement\" \/>\n<meta property=\"og:site_name\" content=\"Les confessions\" \/>\n<meta property=\"article:published_time\" content=\"2011-01-08T20:22:00+00:00\" \/>\n<meta name=\"author\" content=\"maman anonyme\" \/>\n<meta name=\"twitter:card\" content=\"summary_large_image\" \/>\n<meta name=\"twitter:label1\" content=\"\u00c9crit par\" \/>\n\t<meta name=\"twitter:data1\" content=\"maman anonyme\" \/>\n\t<meta name=\"twitter:label2\" content=\"Dur\u00e9e de lecture estim\u00e9e\" \/>\n\t<meta name=\"twitter:data2\" content=\"1 minute\" \/>\n<script type=\"application\/ld+json\" class=\"yoast-schema-graph\">{\"@context\":\"https:\/\/schema.org\",\"@graph\":[{\"@type\":\"WebPage\",\"@id\":\"https:\/\/www.neufmois.fr\/les-confessions\/une-vie-apres-lavortement\",\"url\":\"https:\/\/www.neufmois.fr\/les-confessions\/une-vie-apres-lavortement\",\"name\":\"Une vie apr\u00e8s l'avortement - Les confessions\",\"isPartOf\":{\"@id\":\"https:\/\/www.neufmois.fr\/les-confessions\/#website\"},\"datePublished\":\"2011-01-08T20:22:00+00:00\",\"dateModified\":\"2011-01-08T20:22:00+00:00\",\"author\":{\"@id\":\"https:\/\/www.neufmois.fr\/les-confessions\/#\/schema\/person\/893fe127c653ae6741f53a67962f8b5d\"},\"breadcrumb\":{\"@id\":\"https:\/\/www.neufmois.fr\/les-confessions\/une-vie-apres-lavortement#breadcrumb\"},\"inLanguage\":\"fr-FR\",\"potentialAction\":[{\"@type\":\"ReadAction\",\"target\":[\"https:\/\/www.neufmois.fr\/les-confessions\/une-vie-apres-lavortement\"]}]},{\"@type\":\"BreadcrumbList\",\"@id\":\"https:\/\/www.neufmois.fr\/les-confessions\/une-vie-apres-lavortement#breadcrumb\",\"itemListElement\":[{\"@type\":\"ListItem\",\"position\":1,\"name\":\"Accueil\",\"item\":\"https:\/\/www.neufmois.fr\/les-confessions\/\"},{\"@type\":\"ListItem\",\"position\":2,\"name\":\"Une vie apr\u00e8s l&rsquo;avortement\"}]},{\"@type\":\"WebSite\",\"@id\":\"https:\/\/www.neufmois.fr\/les-confessions\/#website\",\"url\":\"https:\/\/www.neufmois.fr\/les-confessions\/\",\"name\":\"Les confessions\",\"description\":\" Les confessions\",\"potentialAction\":[{\"@type\":\"SearchAction\",\"target\":{\"@type\":\"EntryPoint\",\"urlTemplate\":\"https:\/\/www.neufmois.fr\/les-confessions\/?s={search_term_string}\"},\"query-input\":\"required name=search_term_string\"}],\"inLanguage\":\"fr-FR\"},{\"@type\":\"Person\",\"@id\":\"https:\/\/www.neufmois.fr\/les-confessions\/#\/schema\/person\/893fe127c653ae6741f53a67962f8b5d\",\"name\":\"maman anonyme\",\"image\":{\"@type\":\"ImageObject\",\"inLanguage\":\"fr-FR\",\"@id\":\"https:\/\/www.neufmois.fr\/les-confessions\/#\/schema\/person\/image\/\",\"url\":\"https:\/\/secure.gravatar.com\/avatar\/e4b3abeefeb17983433f333a4c54f394?s=96&d=mm&r=g\",\"contentUrl\":\"https:\/\/secure.gravatar.com\/avatar\/e4b3abeefeb17983433f333a4c54f394?s=96&d=mm&r=g\",\"caption\":\"maman anonyme\"},\"url\":\"https:\/\/www.neufmois.fr\/les-confessions\/author\/anonyme\"}]}<\/script>\n<!-- \/ Yoast SEO plugin. -->","yoast_head_json":{"title":"Une vie apr\u00e8s l'avortement - Les confessions","robots":{"index":"index","follow":"follow","max-snippet":"max-snippet:-1","max-image-preview":"max-image-preview:large","max-video-preview":"max-video-preview:-1"},"canonical":"https:\/\/www.neufmois.fr\/les-confessions\/une-vie-apres-lavortement","og_locale":"fr_FR","og_type":"article","og_title":"Une vie apr\u00e8s l'avortement - Les confessions","og_description":"Ce n&rsquo;est pas mon histoire, mais celle que l&rsquo;on m&rsquo;a racont\u00e9e quand mon ami voulait que j&rsquo;avorte. Cette histoire est vraie, elle touche une personne proche de moi. Quand elle est tomb\u00e9e enceinte du troisi\u00e8me enfant, son mari lui a conseill\u00e9 d&rsquo;avorter. Ce qu&rsquo;elle a fait, vu la situation financi\u00e9re du couple et pour \u00e9lever les deux premiers, elle ne voyait pas d&rsquo;autre possiblit\u00e9. Ensuite, si j&rsquo;ose dire, la vie a repris son cours. Quinze ans plus tard, leur deuxi\u00e8me fils de 21 ans est mort dans un accident. Ce","og_url":"https:\/\/www.neufmois.fr\/les-confessions\/une-vie-apres-lavortement","og_site_name":"Les confessions","article_published_time":"2011-01-08T20:22:00+00:00","author":"maman anonyme","twitter_card":"summary_large_image","twitter_misc":{"\u00c9crit par":"maman anonyme","Dur\u00e9e de lecture estim\u00e9e":"1 minute"},"schema":{"@context":"https:\/\/schema.org","@graph":[{"@type":"WebPage","@id":"https:\/\/www.neufmois.fr\/les-confessions\/une-vie-apres-lavortement","url":"https:\/\/www.neufmois.fr\/les-confessions\/une-vie-apres-lavortement","name":"Une vie apr\u00e8s l'avortement - Les confessions","isPartOf":{"@id":"https:\/\/www.neufmois.fr\/les-confessions\/#website"},"datePublished":"2011-01-08T20:22:00+00:00","dateModified":"2011-01-08T20:22:00+00:00","author":{"@id":"https:\/\/www.neufmois.fr\/les-confessions\/#\/schema\/person\/893fe127c653ae6741f53a67962f8b5d"},"breadcrumb":{"@id":"https:\/\/www.neufmois.fr\/les-confessions\/une-vie-apres-lavortement#breadcrumb"},"inLanguage":"fr-FR","potentialAction":[{"@type":"ReadAction","target":["https:\/\/www.neufmois.fr\/les-confessions\/une-vie-apres-lavortement"]}]},{"@type":"BreadcrumbList","@id":"https:\/\/www.neufmois.fr\/les-confessions\/une-vie-apres-lavortement#breadcrumb","itemListElement":[{"@type":"ListItem","position":1,"name":"Accueil","item":"https:\/\/www.neufmois.fr\/les-confessions\/"},{"@type":"ListItem","position":2,"name":"Une vie apr\u00e8s l&rsquo;avortement"}]},{"@type":"WebSite","@id":"https:\/\/www.neufmois.fr\/les-confessions\/#website","url":"https:\/\/www.neufmois.fr\/les-confessions\/","name":"Les confessions","description":" Les confessions","potentialAction":[{"@type":"SearchAction","target":{"@type":"EntryPoint","urlTemplate":"https:\/\/www.neufmois.fr\/les-confessions\/?s={search_term_string}"},"query-input":"required name=search_term_string"}],"inLanguage":"fr-FR"},{"@type":"Person","@id":"https:\/\/www.neufmois.fr\/les-confessions\/#\/schema\/person\/893fe127c653ae6741f53a67962f8b5d","name":"maman anonyme","image":{"@type":"ImageObject","inLanguage":"fr-FR","@id":"https:\/\/www.neufmois.fr\/les-confessions\/#\/schema\/person\/image\/","url":"https:\/\/secure.gravatar.com\/avatar\/e4b3abeefeb17983433f333a4c54f394?s=96&d=mm&r=g","contentUrl":"https:\/\/secure.gravatar.com\/avatar\/e4b3abeefeb17983433f333a4c54f394?s=96&d=mm&r=g","caption":"maman anonyme"},"url":"https:\/\/www.neufmois.fr\/les-confessions\/author\/anonyme"}]}},"amp_enabled":true,"_links":{"self":[{"href":"https:\/\/www.neufmois.fr\/les-confessions\/wp-json\/wp\/v2\/posts\/383"}],"collection":[{"href":"https:\/\/www.neufmois.fr\/les-confessions\/wp-json\/wp\/v2\/posts"}],"about":[{"href":"https:\/\/www.neufmois.fr\/les-confessions\/wp-json\/wp\/v2\/types\/post"}],"author":[{"embeddable":true,"href":"https:\/\/www.neufmois.fr\/les-confessions\/wp-json\/wp\/v2\/users\/461446"}],"replies":[{"embeddable":true,"href":"https:\/\/www.neufmois.fr\/les-confessions\/wp-json\/wp\/v2\/comments?post=383"}],"version-history":[{"count":0,"href":"https:\/\/www.neufmois.fr\/les-confessions\/wp-json\/wp\/v2\/posts\/383\/revisions"}],"wp:attachment":[{"href":"https:\/\/www.neufmois.fr\/les-confessions\/wp-json\/wp\/v2\/media?parent=383"}],"wp:term":[{"taxonomy":"category","embeddable":true,"href":"https:\/\/www.neufmois.fr\/les-confessions\/wp-json\/wp\/v2\/categories?post=383"},{"taxonomy":"post_tag","embeddable":true,"href":"https:\/\/www.neufmois.fr\/les-confessions\/wp-json\/wp\/v2\/tags?post=383"}],"curies":[{"name":"wp","href":"https:\/\/api.w.org\/{rel}","templated":true}]}}