{"id":380,"date":"2011-01-14T14:23:00","date_gmt":"2011-01-14T14:23:00","guid":{"rendered":"https:\/\/www.neufmois.fr\/les-confessions\/?p=380"},"modified":"2011-01-14T14:23:00","modified_gmt":"2011-01-14T14:23:00","slug":"enceinte-sous-contraceptif","status":"publish","type":"post","link":"https:\/\/www.neufmois.fr\/les-confessions\/enceinte-sous-contraceptif","title":{"rendered":"Enceinte sous contraceptif ?"},"content":{"rendered":"<p>Bonjour, juste quelques mots pour partager mes doutes. Je suis une maman de deux enfants, je souhaiterais au fond de moi un troisi\u00e8me enfant mais mon mari non, il est vrai que nos enfants sont grands et que nous avons les deux sexes. Je suis sous nuvaring et depuis no\u00ebl, je suis un peu bizarre, douleurs aux seins, sensibilit\u00e9e, ils me grattent par moment et prise d&rsquo;un bonnet, tiraillement au bas du ventre et douleur comme si j&rsquo;allais avoir mes r\u00e8gles, naus\u00e9es, fatigue (je trouve que je dors beaucoup. Au fond de moi, j&rsquo;ai envie d&rsquo;\u00eatre enceinte et cette envie est parfois si forte que j&rsquo;ai peur que ce ne soit qu&rsquo;une grossesse nerveuse. Je compte faire un test la semaine prochaine et j&rsquo;ai rendez vous avec la gygy \u00e0 la fin du mois pour un contr\u00f4le de routine. Qu&rsquo;en pensez vous ?<\/p>\n","protected":false},"excerpt":{"rendered":"<p>Bonjour, juste quelques mots pour partager mes doutes. Je suis une maman de deux enfants, je souhaiterais au fond de moi un troisi\u00e8me enfant mais mon mari non, il est vrai que nos enfants sont grands et que nous avons les deux sexes. Je suis sous nuvaring et depuis no\u00ebl, je suis un peu bizarre, douleurs aux seins, sensibilit\u00e9e, ils me grattent par moment et prise d&rsquo;un bonnet, tiraillement au bas du ventre et douleur comme si j&rsquo;allais avoir mes r\u00e8gles, naus\u00e9es, fatigue (je trouve que je dors beaucoup. Au<\/p>\n","protected":false},"author":461446,"featured_media":0,"comment_status":"open","ping_status":"open","sticky":false,"template":"","format":"standard","meta":[],"categories":[1],"tags":[],"yoast_head":"<!-- This site is optimized with the Yoast SEO plugin v20.4 - https:\/\/yoast.com\/wordpress\/plugins\/seo\/ -->\n<title>Enceinte sous contraceptif ? - Les confessions<\/title>\n<meta name=\"robots\" content=\"index, follow, max-snippet:-1, max-image-preview:large, max-video-preview:-1\" \/>\n<link rel=\"canonical\" href=\"https:\/\/www.neufmois.fr\/les-confessions\/enceinte-sous-contraceptif\" \/>\n<meta property=\"og:locale\" content=\"fr_FR\" \/>\n<meta property=\"og:type\" content=\"article\" \/>\n<meta property=\"og:title\" content=\"Enceinte sous contraceptif ? - Les confessions\" \/>\n<meta property=\"og:description\" content=\"Bonjour, juste quelques mots pour partager mes doutes. Je suis une maman de deux enfants, je souhaiterais au fond de moi un troisi\u00e8me enfant mais mon mari non, il est vrai que nos enfants sont grands et que nous avons les deux sexes. Je suis sous nuvaring et depuis no\u00ebl, je suis un peu bizarre, douleurs aux seins, sensibilit\u00e9e, ils me grattent par moment et prise d&rsquo;un bonnet, tiraillement au bas du ventre et douleur comme si j&rsquo;allais avoir mes r\u00e8gles, naus\u00e9es, fatigue (je trouve que je dors beaucoup. Au\" \/>\n<meta property=\"og:url\" content=\"https:\/\/www.neufmois.fr\/les-confessions\/enceinte-sous-contraceptif\" \/>\n<meta property=\"og:site_name\" content=\"Les confessions\" \/>\n<meta property=\"article:published_time\" content=\"2011-01-14T14:23:00+00:00\" \/>\n<meta name=\"author\" content=\"maman anonyme\" \/>\n<meta name=\"twitter:card\" content=\"summary_large_image\" \/>\n<meta name=\"twitter:label1\" content=\"\u00c9crit par\" \/>\n\t<meta name=\"twitter:data1\" content=\"maman anonyme\" \/>\n\t<meta name=\"twitter:label2\" content=\"Dur\u00e9e de lecture estim\u00e9e\" \/>\n\t<meta name=\"twitter:data2\" content=\"1 minute\" \/>\n<script type=\"application\/ld+json\" class=\"yoast-schema-graph\">{\"@context\":\"https:\/\/schema.org\",\"@graph\":[{\"@type\":\"WebPage\",\"@id\":\"https:\/\/www.neufmois.fr\/les-confessions\/enceinte-sous-contraceptif\",\"url\":\"https:\/\/www.neufmois.fr\/les-confessions\/enceinte-sous-contraceptif\",\"name\":\"Enceinte sous contraceptif ? - Les confessions\",\"isPartOf\":{\"@id\":\"https:\/\/www.neufmois.fr\/les-confessions\/#website\"},\"datePublished\":\"2011-01-14T14:23:00+00:00\",\"dateModified\":\"2011-01-14T14:23:00+00:00\",\"author\":{\"@id\":\"https:\/\/www.neufmois.fr\/les-confessions\/#\/schema\/person\/893fe127c653ae6741f53a67962f8b5d\"},\"breadcrumb\":{\"@id\":\"https:\/\/www.neufmois.fr\/les-confessions\/enceinte-sous-contraceptif#breadcrumb\"},\"inLanguage\":\"fr-FR\",\"potentialAction\":[{\"@type\":\"ReadAction\",\"target\":[\"https:\/\/www.neufmois.fr\/les-confessions\/enceinte-sous-contraceptif\"]}]},{\"@type\":\"BreadcrumbList\",\"@id\":\"https:\/\/www.neufmois.fr\/les-confessions\/enceinte-sous-contraceptif#breadcrumb\",\"itemListElement\":[{\"@type\":\"ListItem\",\"position\":1,\"name\":\"Accueil\",\"item\":\"https:\/\/www.neufmois.fr\/les-confessions\/\"},{\"@type\":\"ListItem\",\"position\":2,\"name\":\"Enceinte sous contraceptif ?\"}]},{\"@type\":\"WebSite\",\"@id\":\"https:\/\/www.neufmois.fr\/les-confessions\/#website\",\"url\":\"https:\/\/www.neufmois.fr\/les-confessions\/\",\"name\":\"Les confessions\",\"description\":\" Les confessions\",\"potentialAction\":[{\"@type\":\"SearchAction\",\"target\":{\"@type\":\"EntryPoint\",\"urlTemplate\":\"https:\/\/www.neufmois.fr\/les-confessions\/?s={search_term_string}\"},\"query-input\":\"required name=search_term_string\"}],\"inLanguage\":\"fr-FR\"},{\"@type\":\"Person\",\"@id\":\"https:\/\/www.neufmois.fr\/les-confessions\/#\/schema\/person\/893fe127c653ae6741f53a67962f8b5d\",\"name\":\"maman anonyme\",\"image\":{\"@type\":\"ImageObject\",\"inLanguage\":\"fr-FR\",\"@id\":\"https:\/\/www.neufmois.fr\/les-confessions\/#\/schema\/person\/image\/\",\"url\":\"https:\/\/secure.gravatar.com\/avatar\/e4b3abeefeb17983433f333a4c54f394?s=96&d=mm&r=g\",\"contentUrl\":\"https:\/\/secure.gravatar.com\/avatar\/e4b3abeefeb17983433f333a4c54f394?s=96&d=mm&r=g\",\"caption\":\"maman anonyme\"},\"url\":\"https:\/\/www.neufmois.fr\/les-confessions\/author\/anonyme\"}]}<\/script>\n<!-- \/ Yoast SEO plugin. -->","yoast_head_json":{"title":"Enceinte sous contraceptif ? - Les confessions","robots":{"index":"index","follow":"follow","max-snippet":"max-snippet:-1","max-image-preview":"max-image-preview:large","max-video-preview":"max-video-preview:-1"},"canonical":"https:\/\/www.neufmois.fr\/les-confessions\/enceinte-sous-contraceptif","og_locale":"fr_FR","og_type":"article","og_title":"Enceinte sous contraceptif ? - Les confessions","og_description":"Bonjour, juste quelques mots pour partager mes doutes. Je suis une maman de deux enfants, je souhaiterais au fond de moi un troisi\u00e8me enfant mais mon mari non, il est vrai que nos enfants sont grands et que nous avons les deux sexes. Je suis sous nuvaring et depuis no\u00ebl, je suis un peu bizarre, douleurs aux seins, sensibilit\u00e9e, ils me grattent par moment et prise d&rsquo;un bonnet, tiraillement au bas du ventre et douleur comme si j&rsquo;allais avoir mes r\u00e8gles, naus\u00e9es, fatigue (je trouve que je dors beaucoup. Au","og_url":"https:\/\/www.neufmois.fr\/les-confessions\/enceinte-sous-contraceptif","og_site_name":"Les confessions","article_published_time":"2011-01-14T14:23:00+00:00","author":"maman anonyme","twitter_card":"summary_large_image","twitter_misc":{"\u00c9crit par":"maman anonyme","Dur\u00e9e de lecture estim\u00e9e":"1 minute"},"schema":{"@context":"https:\/\/schema.org","@graph":[{"@type":"WebPage","@id":"https:\/\/www.neufmois.fr\/les-confessions\/enceinte-sous-contraceptif","url":"https:\/\/www.neufmois.fr\/les-confessions\/enceinte-sous-contraceptif","name":"Enceinte sous contraceptif ? - Les confessions","isPartOf":{"@id":"https:\/\/www.neufmois.fr\/les-confessions\/#website"},"datePublished":"2011-01-14T14:23:00+00:00","dateModified":"2011-01-14T14:23:00+00:00","author":{"@id":"https:\/\/www.neufmois.fr\/les-confessions\/#\/schema\/person\/893fe127c653ae6741f53a67962f8b5d"},"breadcrumb":{"@id":"https:\/\/www.neufmois.fr\/les-confessions\/enceinte-sous-contraceptif#breadcrumb"},"inLanguage":"fr-FR","potentialAction":[{"@type":"ReadAction","target":["https:\/\/www.neufmois.fr\/les-confessions\/enceinte-sous-contraceptif"]}]},{"@type":"BreadcrumbList","@id":"https:\/\/www.neufmois.fr\/les-confessions\/enceinte-sous-contraceptif#breadcrumb","itemListElement":[{"@type":"ListItem","position":1,"name":"Accueil","item":"https:\/\/www.neufmois.fr\/les-confessions\/"},{"@type":"ListItem","position":2,"name":"Enceinte sous contraceptif ?"}]},{"@type":"WebSite","@id":"https:\/\/www.neufmois.fr\/les-confessions\/#website","url":"https:\/\/www.neufmois.fr\/les-confessions\/","name":"Les confessions","description":" Les confessions","potentialAction":[{"@type":"SearchAction","target":{"@type":"EntryPoint","urlTemplate":"https:\/\/www.neufmois.fr\/les-confessions\/?s={search_term_string}"},"query-input":"required name=search_term_string"}],"inLanguage":"fr-FR"},{"@type":"Person","@id":"https:\/\/www.neufmois.fr\/les-confessions\/#\/schema\/person\/893fe127c653ae6741f53a67962f8b5d","name":"maman anonyme","image":{"@type":"ImageObject","inLanguage":"fr-FR","@id":"https:\/\/www.neufmois.fr\/les-confessions\/#\/schema\/person\/image\/","url":"https:\/\/secure.gravatar.com\/avatar\/e4b3abeefeb17983433f333a4c54f394?s=96&d=mm&r=g","contentUrl":"https:\/\/secure.gravatar.com\/avatar\/e4b3abeefeb17983433f333a4c54f394?s=96&d=mm&r=g","caption":"maman anonyme"},"url":"https:\/\/www.neufmois.fr\/les-confessions\/author\/anonyme"}]}},"amp_enabled":true,"_links":{"self":[{"href":"https:\/\/www.neufmois.fr\/les-confessions\/wp-json\/wp\/v2\/posts\/380"}],"collection":[{"href":"https:\/\/www.neufmois.fr\/les-confessions\/wp-json\/wp\/v2\/posts"}],"about":[{"href":"https:\/\/www.neufmois.fr\/les-confessions\/wp-json\/wp\/v2\/types\/post"}],"author":[{"embeddable":true,"href":"https:\/\/www.neufmois.fr\/les-confessions\/wp-json\/wp\/v2\/users\/461446"}],"replies":[{"embeddable":true,"href":"https:\/\/www.neufmois.fr\/les-confessions\/wp-json\/wp\/v2\/comments?post=380"}],"version-history":[{"count":0,"href":"https:\/\/www.neufmois.fr\/les-confessions\/wp-json\/wp\/v2\/posts\/380\/revisions"}],"wp:attachment":[{"href":"https:\/\/www.neufmois.fr\/les-confessions\/wp-json\/wp\/v2\/media?parent=380"}],"wp:term":[{"taxonomy":"category","embeddable":true,"href":"https:\/\/www.neufmois.fr\/les-confessions\/wp-json\/wp\/v2\/categories?post=380"},{"taxonomy":"post_tag","embeddable":true,"href":"https:\/\/www.neufmois.fr\/les-confessions\/wp-json\/wp\/v2\/tags?post=380"}],"curies":[{"name":"wp","href":"https:\/\/api.w.org\/{rel}","templated":true}]}}