{"id":376,"date":"2011-01-18T15:14:00","date_gmt":"2011-01-18T15:14:00","guid":{"rendered":"https:\/\/www.neufmois.fr\/les-confessions\/?p=376"},"modified":"2011-01-18T15:14:00","modified_gmt":"2011-01-18T15:14:00","slug":"mes-rapports-avec-ma-mere-se-sont-deteriores-depuis-que-je-suis-enceinte","status":"publish","type":"post","link":"https:\/\/www.neufmois.fr\/les-confessions\/mes-rapports-avec-ma-mere-se-sont-deteriores-depuis-que-je-suis-enceinte","title":{"rendered":"Mes rapports avec ma m\u00e8re se sont d\u00e9t\u00e9rior\u00e9s depuis que je suis enceinte"},"content":{"rendered":"<p>Tout est dans le titre ! Durant ma grossesse, j&rsquo;ai d\u00e9cid\u00e9 d&rsquo;allaiter. Cela n&rsquo;a pas plu \u00e0 ma m\u00e8re et elle l&rsquo;a pris contre elle. Ce que je n&rsquo;arrive pas \u00e0 comprendre. Ensuite les choses se sont encha\u00een\u00e9es lorsque nous parlions b\u00e9b\u00e9 ensemble et que je lui parlais des choses que je trouvais sympa pour coucher b\u00e9b\u00e9 etc&#8230; Elle ne faisait que de me r\u00e9torquer \u00ab\u00a0C&rsquo;est n&rsquo;importe quoi, \u00e7a sert \u00e0 rien\u00a0\u00bb. Bref j&rsquo;ai eu le sentiment qu&rsquo;elle se braquait contre toutes les choses auxquelles je m&rsquo;int\u00e9ressais. Ce qui n&rsquo;a pas arrang\u00e9 les choses c&rsquo;est que j&rsquo;ai eu divers probl\u00e8mes de sant\u00e9 durant ma grossesse et li\u00e9s \u00e0 celle-ci qui ont fait que pour ma m\u00e8re, je n&rsquo;\u00e9tais pas heureuse d&rsquo;\u00eatre enceinte et que je le vivais mal. Je n&rsquo;\u00e9tais pas en forme certes mais j&rsquo;appr\u00e9ciais ces moments de grossesse et mon gros ventre. Au moment de la naissance, les choses se sont un peu calm\u00e9es mais au moment o\u00f9 elle a craqu\u00e9 sur ma prog\u00e9niture, les probl\u00e8mes sont revenus. Elle n&rsquo;a pas arr\u00eat\u00e9 de critiquer l&rsquo;allaitement en me disant que \u00e7a donnait mal au ventre \u00e0 mon enfant. Vu qu&rsquo;il ne faisait pas ses nuits, elle n&rsquo;a cess\u00e9 de me rab\u00e2cher les techniques d\u00e9pass\u00e9es d&rsquo;ajout de farine dans les biberons du soir etc. Alors que j&rsquo;\u00e9tais en plein allaitement, elle en a m\u00eame achet\u00e9 sans mon avis ! Bref tout \u00e7a alors que mon b\u00e9b\u00e9 est en pleine sant\u00e9, super poids , super taille, super forme, bien \u00e9veill\u00e9 ! Je ne vous raconte pas sa r\u00e9action quand elle m&rsquo;a vu le porter en \u00e9charpe. Bref on a fini par se prendre le bec et l\u00e0, comble du comble elle m&rsquo;a balanc\u00e9 que j&rsquo;\u00e9tais une mauvaise m\u00e8re. Pour moi c&rsquo;est important que mon enfant ait un lien \u00e9troit avec ses grands-parents mais comment g\u00e9rer les choses quand on n&rsquo;est pas d&rsquo;accord sur ces questions d&rsquo;\u00e9ducation ? Si vous avez v\u00e9cu des choses similaires, merci de m&rsquo;aider !<\/p>\n","protected":false},"excerpt":{"rendered":"<p>Tout est dans le titre ! Durant ma grossesse, j&rsquo;ai d\u00e9cid\u00e9 d&rsquo;allaiter. Cela n&rsquo;a pas plu \u00e0 ma m\u00e8re et elle l&rsquo;a pris contre elle. Ce que je n&rsquo;arrive pas \u00e0 comprendre. Ensuite les choses se sont encha\u00een\u00e9es lorsque nous parlions b\u00e9b\u00e9 ensemble et que je lui parlais des choses que je trouvais sympa pour coucher b\u00e9b\u00e9 etc&#8230; Elle ne faisait que de me r\u00e9torquer \u00ab\u00a0C&rsquo;est n&rsquo;importe quoi, \u00e7a sert \u00e0 rien\u00a0\u00bb. Bref j&rsquo;ai eu le sentiment qu&rsquo;elle se braquait contre toutes les choses auxquelles je m&rsquo;int\u00e9ressais. Ce qui n&rsquo;a<\/p>\n","protected":false},"author":461446,"featured_media":0,"comment_status":"open","ping_status":"open","sticky":false,"template":"","format":"standard","meta":[],"categories":[1],"tags":[],"yoast_head":"<!-- This site is optimized with the Yoast SEO plugin v20.4 - https:\/\/yoast.com\/wordpress\/plugins\/seo\/ -->\n<title>Mes rapports avec ma m\u00e8re se sont d\u00e9t\u00e9rior\u00e9s depuis que je suis enceinte - Les confessions<\/title>\n<meta name=\"robots\" content=\"index, follow, max-snippet:-1, max-image-preview:large, max-video-preview:-1\" \/>\n<link rel=\"canonical\" href=\"https:\/\/www.neufmois.fr\/les-confessions\/mes-rapports-avec-ma-mere-se-sont-deteriores-depuis-que-je-suis-enceinte\" \/>\n<meta property=\"og:locale\" content=\"fr_FR\" \/>\n<meta property=\"og:type\" content=\"article\" \/>\n<meta property=\"og:title\" content=\"Mes rapports avec ma m\u00e8re se sont d\u00e9t\u00e9rior\u00e9s depuis que je suis enceinte - Les confessions\" \/>\n<meta property=\"og:description\" content=\"Tout est dans le titre ! Durant ma grossesse, j&rsquo;ai d\u00e9cid\u00e9 d&rsquo;allaiter. Cela n&rsquo;a pas plu \u00e0 ma m\u00e8re et elle l&rsquo;a pris contre elle. Ce que je n&rsquo;arrive pas \u00e0 comprendre. Ensuite les choses se sont encha\u00een\u00e9es lorsque nous parlions b\u00e9b\u00e9 ensemble et que je lui parlais des choses que je trouvais sympa pour coucher b\u00e9b\u00e9 etc&#8230; Elle ne faisait que de me r\u00e9torquer \u00ab\u00a0C&rsquo;est n&rsquo;importe quoi, \u00e7a sert \u00e0 rien\u00a0\u00bb. Bref j&rsquo;ai eu le sentiment qu&rsquo;elle se braquait contre toutes les choses auxquelles je m&rsquo;int\u00e9ressais. Ce qui n&rsquo;a\" \/>\n<meta property=\"og:url\" content=\"https:\/\/www.neufmois.fr\/les-confessions\/mes-rapports-avec-ma-mere-se-sont-deteriores-depuis-que-je-suis-enceinte\" \/>\n<meta property=\"og:site_name\" content=\"Les confessions\" \/>\n<meta property=\"article:published_time\" content=\"2011-01-18T15:14:00+00:00\" \/>\n<meta name=\"author\" content=\"maman anonyme\" \/>\n<meta name=\"twitter:card\" content=\"summary_large_image\" \/>\n<meta name=\"twitter:label1\" content=\"\u00c9crit par\" \/>\n\t<meta name=\"twitter:data1\" content=\"maman anonyme\" \/>\n\t<meta name=\"twitter:label2\" content=\"Dur\u00e9e de lecture estim\u00e9e\" \/>\n\t<meta name=\"twitter:data2\" content=\"2 minutes\" \/>\n<script type=\"application\/ld+json\" class=\"yoast-schema-graph\">{\"@context\":\"https:\/\/schema.org\",\"@graph\":[{\"@type\":\"WebPage\",\"@id\":\"https:\/\/www.neufmois.fr\/les-confessions\/mes-rapports-avec-ma-mere-se-sont-deteriores-depuis-que-je-suis-enceinte\",\"url\":\"https:\/\/www.neufmois.fr\/les-confessions\/mes-rapports-avec-ma-mere-se-sont-deteriores-depuis-que-je-suis-enceinte\",\"name\":\"Mes rapports avec ma m\u00e8re se sont d\u00e9t\u00e9rior\u00e9s depuis que je suis enceinte - Les confessions\",\"isPartOf\":{\"@id\":\"https:\/\/www.neufmois.fr\/les-confessions\/#website\"},\"datePublished\":\"2011-01-18T15:14:00+00:00\",\"dateModified\":\"2011-01-18T15:14:00+00:00\",\"author\":{\"@id\":\"https:\/\/www.neufmois.fr\/les-confessions\/#\/schema\/person\/893fe127c653ae6741f53a67962f8b5d\"},\"breadcrumb\":{\"@id\":\"https:\/\/www.neufmois.fr\/les-confessions\/mes-rapports-avec-ma-mere-se-sont-deteriores-depuis-que-je-suis-enceinte#breadcrumb\"},\"inLanguage\":\"fr-FR\",\"potentialAction\":[{\"@type\":\"ReadAction\",\"target\":[\"https:\/\/www.neufmois.fr\/les-confessions\/mes-rapports-avec-ma-mere-se-sont-deteriores-depuis-que-je-suis-enceinte\"]}]},{\"@type\":\"BreadcrumbList\",\"@id\":\"https:\/\/www.neufmois.fr\/les-confessions\/mes-rapports-avec-ma-mere-se-sont-deteriores-depuis-que-je-suis-enceinte#breadcrumb\",\"itemListElement\":[{\"@type\":\"ListItem\",\"position\":1,\"name\":\"Accueil\",\"item\":\"https:\/\/www.neufmois.fr\/les-confessions\/\"},{\"@type\":\"ListItem\",\"position\":2,\"name\":\"Mes rapports avec ma m\u00e8re se sont d\u00e9t\u00e9rior\u00e9s depuis que je suis enceinte\"}]},{\"@type\":\"WebSite\",\"@id\":\"https:\/\/www.neufmois.fr\/les-confessions\/#website\",\"url\":\"https:\/\/www.neufmois.fr\/les-confessions\/\",\"name\":\"Les confessions\",\"description\":\" Les confessions\",\"potentialAction\":[{\"@type\":\"SearchAction\",\"target\":{\"@type\":\"EntryPoint\",\"urlTemplate\":\"https:\/\/www.neufmois.fr\/les-confessions\/?s={search_term_string}\"},\"query-input\":\"required name=search_term_string\"}],\"inLanguage\":\"fr-FR\"},{\"@type\":\"Person\",\"@id\":\"https:\/\/www.neufmois.fr\/les-confessions\/#\/schema\/person\/893fe127c653ae6741f53a67962f8b5d\",\"name\":\"maman anonyme\",\"image\":{\"@type\":\"ImageObject\",\"inLanguage\":\"fr-FR\",\"@id\":\"https:\/\/www.neufmois.fr\/les-confessions\/#\/schema\/person\/image\/\",\"url\":\"https:\/\/secure.gravatar.com\/avatar\/e4b3abeefeb17983433f333a4c54f394?s=96&d=mm&r=g\",\"contentUrl\":\"https:\/\/secure.gravatar.com\/avatar\/e4b3abeefeb17983433f333a4c54f394?s=96&d=mm&r=g\",\"caption\":\"maman anonyme\"},\"url\":\"https:\/\/www.neufmois.fr\/les-confessions\/author\/anonyme\"}]}<\/script>\n<!-- \/ Yoast SEO plugin. -->","yoast_head_json":{"title":"Mes rapports avec ma m\u00e8re se sont d\u00e9t\u00e9rior\u00e9s depuis que je suis enceinte - Les confessions","robots":{"index":"index","follow":"follow","max-snippet":"max-snippet:-1","max-image-preview":"max-image-preview:large","max-video-preview":"max-video-preview:-1"},"canonical":"https:\/\/www.neufmois.fr\/les-confessions\/mes-rapports-avec-ma-mere-se-sont-deteriores-depuis-que-je-suis-enceinte","og_locale":"fr_FR","og_type":"article","og_title":"Mes rapports avec ma m\u00e8re se sont d\u00e9t\u00e9rior\u00e9s depuis que je suis enceinte - Les confessions","og_description":"Tout est dans le titre ! Durant ma grossesse, j&rsquo;ai d\u00e9cid\u00e9 d&rsquo;allaiter. Cela n&rsquo;a pas plu \u00e0 ma m\u00e8re et elle l&rsquo;a pris contre elle. Ce que je n&rsquo;arrive pas \u00e0 comprendre. Ensuite les choses se sont encha\u00een\u00e9es lorsque nous parlions b\u00e9b\u00e9 ensemble et que je lui parlais des choses que je trouvais sympa pour coucher b\u00e9b\u00e9 etc&#8230; Elle ne faisait que de me r\u00e9torquer \u00ab\u00a0C&rsquo;est n&rsquo;importe quoi, \u00e7a sert \u00e0 rien\u00a0\u00bb. Bref j&rsquo;ai eu le sentiment qu&rsquo;elle se braquait contre toutes les choses auxquelles je m&rsquo;int\u00e9ressais. Ce qui n&rsquo;a","og_url":"https:\/\/www.neufmois.fr\/les-confessions\/mes-rapports-avec-ma-mere-se-sont-deteriores-depuis-que-je-suis-enceinte","og_site_name":"Les confessions","article_published_time":"2011-01-18T15:14:00+00:00","author":"maman anonyme","twitter_card":"summary_large_image","twitter_misc":{"\u00c9crit par":"maman anonyme","Dur\u00e9e de lecture estim\u00e9e":"2 minutes"},"schema":{"@context":"https:\/\/schema.org","@graph":[{"@type":"WebPage","@id":"https:\/\/www.neufmois.fr\/les-confessions\/mes-rapports-avec-ma-mere-se-sont-deteriores-depuis-que-je-suis-enceinte","url":"https:\/\/www.neufmois.fr\/les-confessions\/mes-rapports-avec-ma-mere-se-sont-deteriores-depuis-que-je-suis-enceinte","name":"Mes rapports avec ma m\u00e8re se sont d\u00e9t\u00e9rior\u00e9s depuis que je suis enceinte - Les confessions","isPartOf":{"@id":"https:\/\/www.neufmois.fr\/les-confessions\/#website"},"datePublished":"2011-01-18T15:14:00+00:00","dateModified":"2011-01-18T15:14:00+00:00","author":{"@id":"https:\/\/www.neufmois.fr\/les-confessions\/#\/schema\/person\/893fe127c653ae6741f53a67962f8b5d"},"breadcrumb":{"@id":"https:\/\/www.neufmois.fr\/les-confessions\/mes-rapports-avec-ma-mere-se-sont-deteriores-depuis-que-je-suis-enceinte#breadcrumb"},"inLanguage":"fr-FR","potentialAction":[{"@type":"ReadAction","target":["https:\/\/www.neufmois.fr\/les-confessions\/mes-rapports-avec-ma-mere-se-sont-deteriores-depuis-que-je-suis-enceinte"]}]},{"@type":"BreadcrumbList","@id":"https:\/\/www.neufmois.fr\/les-confessions\/mes-rapports-avec-ma-mere-se-sont-deteriores-depuis-que-je-suis-enceinte#breadcrumb","itemListElement":[{"@type":"ListItem","position":1,"name":"Accueil","item":"https:\/\/www.neufmois.fr\/les-confessions\/"},{"@type":"ListItem","position":2,"name":"Mes rapports avec ma m\u00e8re se sont d\u00e9t\u00e9rior\u00e9s depuis que je suis enceinte"}]},{"@type":"WebSite","@id":"https:\/\/www.neufmois.fr\/les-confessions\/#website","url":"https:\/\/www.neufmois.fr\/les-confessions\/","name":"Les confessions","description":" Les confessions","potentialAction":[{"@type":"SearchAction","target":{"@type":"EntryPoint","urlTemplate":"https:\/\/www.neufmois.fr\/les-confessions\/?s={search_term_string}"},"query-input":"required name=search_term_string"}],"inLanguage":"fr-FR"},{"@type":"Person","@id":"https:\/\/www.neufmois.fr\/les-confessions\/#\/schema\/person\/893fe127c653ae6741f53a67962f8b5d","name":"maman anonyme","image":{"@type":"ImageObject","inLanguage":"fr-FR","@id":"https:\/\/www.neufmois.fr\/les-confessions\/#\/schema\/person\/image\/","url":"https:\/\/secure.gravatar.com\/avatar\/e4b3abeefeb17983433f333a4c54f394?s=96&d=mm&r=g","contentUrl":"https:\/\/secure.gravatar.com\/avatar\/e4b3abeefeb17983433f333a4c54f394?s=96&d=mm&r=g","caption":"maman anonyme"},"url":"https:\/\/www.neufmois.fr\/les-confessions\/author\/anonyme"}]}},"amp_enabled":true,"_links":{"self":[{"href":"https:\/\/www.neufmois.fr\/les-confessions\/wp-json\/wp\/v2\/posts\/376"}],"collection":[{"href":"https:\/\/www.neufmois.fr\/les-confessions\/wp-json\/wp\/v2\/posts"}],"about":[{"href":"https:\/\/www.neufmois.fr\/les-confessions\/wp-json\/wp\/v2\/types\/post"}],"author":[{"embeddable":true,"href":"https:\/\/www.neufmois.fr\/les-confessions\/wp-json\/wp\/v2\/users\/461446"}],"replies":[{"embeddable":true,"href":"https:\/\/www.neufmois.fr\/les-confessions\/wp-json\/wp\/v2\/comments?post=376"}],"version-history":[{"count":0,"href":"https:\/\/www.neufmois.fr\/les-confessions\/wp-json\/wp\/v2\/posts\/376\/revisions"}],"wp:attachment":[{"href":"https:\/\/www.neufmois.fr\/les-confessions\/wp-json\/wp\/v2\/media?parent=376"}],"wp:term":[{"taxonomy":"category","embeddable":true,"href":"https:\/\/www.neufmois.fr\/les-confessions\/wp-json\/wp\/v2\/categories?post=376"},{"taxonomy":"post_tag","embeddable":true,"href":"https:\/\/www.neufmois.fr\/les-confessions\/wp-json\/wp\/v2\/tags?post=376"}],"curies":[{"name":"wp","href":"https:\/\/api.w.org\/{rel}","templated":true}]}}