{"id":375,"date":"2011-01-19T14:46:00","date_gmt":"2011-01-19T14:46:00","guid":{"rendered":"https:\/\/www.neufmois.fr\/les-confessions\/?p=375"},"modified":"2011-01-19T14:46:00","modified_gmt":"2011-01-19T14:46:00","slug":"detester-sa-fille","status":"publish","type":"post","link":"https:\/\/www.neufmois.fr\/les-confessions\/detester-sa-fille","title":{"rendered":"D\u00e9tester sa fille ?"},"content":{"rendered":"<p>Tout est dans le titre. Peut-on d\u00e9tester sa fille ? L&rsquo;\u00eatre que l&rsquo;on a port\u00e9 pendant 9 mois, berc\u00e9, nourri, veill\u00e9 quand il \u00e9tait malade&#8230; Et qui arriv\u00e9 \u00e0 l&rsquo;adolescence, se transforme en monstre ! Le mot vous parait fort et pourtant ! Je ne supporte plus ma fille. Ses prises de t\u00eate perp\u00e9tuelles, ses col\u00e8res, sa mauvaise foi, son envie de ne rien faire, de toujours penser que tout doit lui arriver tout r\u00f4ti dans le bec. Le fait qu&rsquo;elle pense que je ne fait rien de ma vie, que moi et son p\u00e8re avons un m\u00e9tier ! Ce sont ses mots.<br \/>\nJe ne supporte plus sa violence verbale, sa m\u00e9chancet\u00e9 car ses mots sont une arme qui fait mal, tr\u00e9s mal. Elle me reproche de ne pas l&rsquo;aimer, de ne pas m&rsquo;int\u00e9resser \u00e0 elle, de ne pas la comprendre, mais comment comprendre cette jeune fille belle, intelligente qui a tout pour elle mais qui se sent si mal dans sa peau ? Malgr\u00e9 le manque d&rsquo;argent, je suis pr\u00eate \u00e0 tout pour lui faire plaisir, lui arracher un merci, un \u00ab\u00a0je t&rsquo;aime  maman\u00a0\u00bb mais rien, que des reproches ! J&rsquo;en ai marre. Je ne veux plus perdre mon temps. L&rsquo;ab\u00eeme se creuse et je me dit que jamais je ne pourrais lui prouver qu&rsquo;elle compte pour moi. Je sens que je la perd un peu chaque jour. J&rsquo;en pleure en secrets car je ne veux pas lui montrer qu&rsquo;elle gagne, que ces mots me touchent. J&rsquo;en suis venue \u00e0 attendre une seule chose, qu&rsquo;elle parte poursuivre ses \u00e9tudes loin, qu&rsquo;elle se rende compte que la vie est dure et peut-\u00eatre ce jour l\u00e0, elle reviendra, elle comprendra que je l&rsquo;ai toujours aim\u00e9, que j&rsquo;ai toujours tout fait pour lui faciliter la vie, pour l&rsquo;aider. Avez-vous des conseils pour nous aider faire la paix toutes les deux ? <\/p>\n","protected":false},"excerpt":{"rendered":"<p>Tout est dans le titre. Peut-on d\u00e9tester sa fille ? L&rsquo;\u00eatre que l&rsquo;on a port\u00e9 pendant 9 mois, berc\u00e9, nourri, veill\u00e9 quand il \u00e9tait malade&#8230; Et qui arriv\u00e9 \u00e0 l&rsquo;adolescence, se transforme en monstre ! Le mot vous parait fort et pourtant ! Je ne supporte plus ma fille. Ses prises de t\u00eate perp\u00e9tuelles, ses col\u00e8res, sa mauvaise foi, son envie de ne rien faire, de toujours penser que tout doit lui arriver tout r\u00f4ti dans le bec. Le fait qu&rsquo;elle pense que je ne fait rien de ma vie,<\/p>\n","protected":false},"author":461446,"featured_media":0,"comment_status":"open","ping_status":"open","sticky":false,"template":"","format":"standard","meta":[],"categories":[1],"tags":[],"yoast_head":"<!-- This site is optimized with the Yoast SEO plugin v20.4 - https:\/\/yoast.com\/wordpress\/plugins\/seo\/ -->\n<title>D\u00e9tester sa fille ?  - Les confessions<\/title>\n<meta name=\"robots\" content=\"index, follow, max-snippet:-1, max-image-preview:large, max-video-preview:-1\" \/>\n<link rel=\"canonical\" href=\"https:\/\/www.neufmois.fr\/les-confessions\/detester-sa-fille\" \/>\n<meta property=\"og:locale\" content=\"fr_FR\" \/>\n<meta property=\"og:type\" content=\"article\" \/>\n<meta property=\"og:title\" content=\"D\u00e9tester sa fille ?  - Les confessions\" \/>\n<meta property=\"og:description\" content=\"Tout est dans le titre. Peut-on d\u00e9tester sa fille ? L&rsquo;\u00eatre que l&rsquo;on a port\u00e9 pendant 9 mois, berc\u00e9, nourri, veill\u00e9 quand il \u00e9tait malade&#8230; Et qui arriv\u00e9 \u00e0 l&rsquo;adolescence, se transforme en monstre ! Le mot vous parait fort et pourtant ! Je ne supporte plus ma fille. Ses prises de t\u00eate perp\u00e9tuelles, ses col\u00e8res, sa mauvaise foi, son envie de ne rien faire, de toujours penser que tout doit lui arriver tout r\u00f4ti dans le bec. Le fait qu&rsquo;elle pense que je ne fait rien de ma vie,\" \/>\n<meta property=\"og:url\" content=\"https:\/\/www.neufmois.fr\/les-confessions\/detester-sa-fille\" \/>\n<meta property=\"og:site_name\" content=\"Les confessions\" \/>\n<meta property=\"article:published_time\" content=\"2011-01-19T14:46:00+00:00\" \/>\n<meta name=\"author\" content=\"maman anonyme\" \/>\n<meta name=\"twitter:card\" content=\"summary_large_image\" \/>\n<meta name=\"twitter:label1\" content=\"\u00c9crit par\" \/>\n\t<meta name=\"twitter:data1\" content=\"maman anonyme\" \/>\n\t<meta name=\"twitter:label2\" content=\"Dur\u00e9e de lecture estim\u00e9e\" \/>\n\t<meta name=\"twitter:data2\" content=\"2 minutes\" \/>\n<script type=\"application\/ld+json\" class=\"yoast-schema-graph\">{\"@context\":\"https:\/\/schema.org\",\"@graph\":[{\"@type\":\"WebPage\",\"@id\":\"https:\/\/www.neufmois.fr\/les-confessions\/detester-sa-fille\",\"url\":\"https:\/\/www.neufmois.fr\/les-confessions\/detester-sa-fille\",\"name\":\"D\u00e9tester sa fille ? - Les confessions\",\"isPartOf\":{\"@id\":\"https:\/\/www.neufmois.fr\/les-confessions\/#website\"},\"datePublished\":\"2011-01-19T14:46:00+00:00\",\"dateModified\":\"2011-01-19T14:46:00+00:00\",\"author\":{\"@id\":\"https:\/\/www.neufmois.fr\/les-confessions\/#\/schema\/person\/893fe127c653ae6741f53a67962f8b5d\"},\"breadcrumb\":{\"@id\":\"https:\/\/www.neufmois.fr\/les-confessions\/detester-sa-fille#breadcrumb\"},\"inLanguage\":\"fr-FR\",\"potentialAction\":[{\"@type\":\"ReadAction\",\"target\":[\"https:\/\/www.neufmois.fr\/les-confessions\/detester-sa-fille\"]}]},{\"@type\":\"BreadcrumbList\",\"@id\":\"https:\/\/www.neufmois.fr\/les-confessions\/detester-sa-fille#breadcrumb\",\"itemListElement\":[{\"@type\":\"ListItem\",\"position\":1,\"name\":\"Accueil\",\"item\":\"https:\/\/www.neufmois.fr\/les-confessions\/\"},{\"@type\":\"ListItem\",\"position\":2,\"name\":\"D\u00e9tester sa fille ?\"}]},{\"@type\":\"WebSite\",\"@id\":\"https:\/\/www.neufmois.fr\/les-confessions\/#website\",\"url\":\"https:\/\/www.neufmois.fr\/les-confessions\/\",\"name\":\"Les confessions\",\"description\":\" Les confessions\",\"potentialAction\":[{\"@type\":\"SearchAction\",\"target\":{\"@type\":\"EntryPoint\",\"urlTemplate\":\"https:\/\/www.neufmois.fr\/les-confessions\/?s={search_term_string}\"},\"query-input\":\"required name=search_term_string\"}],\"inLanguage\":\"fr-FR\"},{\"@type\":\"Person\",\"@id\":\"https:\/\/www.neufmois.fr\/les-confessions\/#\/schema\/person\/893fe127c653ae6741f53a67962f8b5d\",\"name\":\"maman anonyme\",\"image\":{\"@type\":\"ImageObject\",\"inLanguage\":\"fr-FR\",\"@id\":\"https:\/\/www.neufmois.fr\/les-confessions\/#\/schema\/person\/image\/\",\"url\":\"https:\/\/secure.gravatar.com\/avatar\/e4b3abeefeb17983433f333a4c54f394?s=96&d=mm&r=g\",\"contentUrl\":\"https:\/\/secure.gravatar.com\/avatar\/e4b3abeefeb17983433f333a4c54f394?s=96&d=mm&r=g\",\"caption\":\"maman anonyme\"},\"url\":\"https:\/\/www.neufmois.fr\/les-confessions\/author\/anonyme\"}]}<\/script>\n<!-- \/ Yoast SEO plugin. -->","yoast_head_json":{"title":"D\u00e9tester sa fille ?  - Les confessions","robots":{"index":"index","follow":"follow","max-snippet":"max-snippet:-1","max-image-preview":"max-image-preview:large","max-video-preview":"max-video-preview:-1"},"canonical":"https:\/\/www.neufmois.fr\/les-confessions\/detester-sa-fille","og_locale":"fr_FR","og_type":"article","og_title":"D\u00e9tester sa fille ?  - Les confessions","og_description":"Tout est dans le titre. Peut-on d\u00e9tester sa fille ? L&rsquo;\u00eatre que l&rsquo;on a port\u00e9 pendant 9 mois, berc\u00e9, nourri, veill\u00e9 quand il \u00e9tait malade&#8230; Et qui arriv\u00e9 \u00e0 l&rsquo;adolescence, se transforme en monstre ! Le mot vous parait fort et pourtant ! Je ne supporte plus ma fille. Ses prises de t\u00eate perp\u00e9tuelles, ses col\u00e8res, sa mauvaise foi, son envie de ne rien faire, de toujours penser que tout doit lui arriver tout r\u00f4ti dans le bec. Le fait qu&rsquo;elle pense que je ne fait rien de ma vie,","og_url":"https:\/\/www.neufmois.fr\/les-confessions\/detester-sa-fille","og_site_name":"Les confessions","article_published_time":"2011-01-19T14:46:00+00:00","author":"maman anonyme","twitter_card":"summary_large_image","twitter_misc":{"\u00c9crit par":"maman anonyme","Dur\u00e9e de lecture estim\u00e9e":"2 minutes"},"schema":{"@context":"https:\/\/schema.org","@graph":[{"@type":"WebPage","@id":"https:\/\/www.neufmois.fr\/les-confessions\/detester-sa-fille","url":"https:\/\/www.neufmois.fr\/les-confessions\/detester-sa-fille","name":"D\u00e9tester sa fille ? - Les confessions","isPartOf":{"@id":"https:\/\/www.neufmois.fr\/les-confessions\/#website"},"datePublished":"2011-01-19T14:46:00+00:00","dateModified":"2011-01-19T14:46:00+00:00","author":{"@id":"https:\/\/www.neufmois.fr\/les-confessions\/#\/schema\/person\/893fe127c653ae6741f53a67962f8b5d"},"breadcrumb":{"@id":"https:\/\/www.neufmois.fr\/les-confessions\/detester-sa-fille#breadcrumb"},"inLanguage":"fr-FR","potentialAction":[{"@type":"ReadAction","target":["https:\/\/www.neufmois.fr\/les-confessions\/detester-sa-fille"]}]},{"@type":"BreadcrumbList","@id":"https:\/\/www.neufmois.fr\/les-confessions\/detester-sa-fille#breadcrumb","itemListElement":[{"@type":"ListItem","position":1,"name":"Accueil","item":"https:\/\/www.neufmois.fr\/les-confessions\/"},{"@type":"ListItem","position":2,"name":"D\u00e9tester sa fille ?"}]},{"@type":"WebSite","@id":"https:\/\/www.neufmois.fr\/les-confessions\/#website","url":"https:\/\/www.neufmois.fr\/les-confessions\/","name":"Les confessions","description":" Les confessions","potentialAction":[{"@type":"SearchAction","target":{"@type":"EntryPoint","urlTemplate":"https:\/\/www.neufmois.fr\/les-confessions\/?s={search_term_string}"},"query-input":"required name=search_term_string"}],"inLanguage":"fr-FR"},{"@type":"Person","@id":"https:\/\/www.neufmois.fr\/les-confessions\/#\/schema\/person\/893fe127c653ae6741f53a67962f8b5d","name":"maman anonyme","image":{"@type":"ImageObject","inLanguage":"fr-FR","@id":"https:\/\/www.neufmois.fr\/les-confessions\/#\/schema\/person\/image\/","url":"https:\/\/secure.gravatar.com\/avatar\/e4b3abeefeb17983433f333a4c54f394?s=96&d=mm&r=g","contentUrl":"https:\/\/secure.gravatar.com\/avatar\/e4b3abeefeb17983433f333a4c54f394?s=96&d=mm&r=g","caption":"maman anonyme"},"url":"https:\/\/www.neufmois.fr\/les-confessions\/author\/anonyme"}]}},"amp_enabled":true,"_links":{"self":[{"href":"https:\/\/www.neufmois.fr\/les-confessions\/wp-json\/wp\/v2\/posts\/375"}],"collection":[{"href":"https:\/\/www.neufmois.fr\/les-confessions\/wp-json\/wp\/v2\/posts"}],"about":[{"href":"https:\/\/www.neufmois.fr\/les-confessions\/wp-json\/wp\/v2\/types\/post"}],"author":[{"embeddable":true,"href":"https:\/\/www.neufmois.fr\/les-confessions\/wp-json\/wp\/v2\/users\/461446"}],"replies":[{"embeddable":true,"href":"https:\/\/www.neufmois.fr\/les-confessions\/wp-json\/wp\/v2\/comments?post=375"}],"version-history":[{"count":0,"href":"https:\/\/www.neufmois.fr\/les-confessions\/wp-json\/wp\/v2\/posts\/375\/revisions"}],"wp:attachment":[{"href":"https:\/\/www.neufmois.fr\/les-confessions\/wp-json\/wp\/v2\/media?parent=375"}],"wp:term":[{"taxonomy":"category","embeddable":true,"href":"https:\/\/www.neufmois.fr\/les-confessions\/wp-json\/wp\/v2\/categories?post=375"},{"taxonomy":"post_tag","embeddable":true,"href":"https:\/\/www.neufmois.fr\/les-confessions\/wp-json\/wp\/v2\/tags?post=375"}],"curies":[{"name":"wp","href":"https:\/\/api.w.org\/{rel}","templated":true}]}}